{"id":15469,"date":"2022-05-16T10:38:54","date_gmt":"2022-05-16T09:38:54","guid":{"rendered":"https:\/\/by-tv.co.uk\/?p=15469"},"modified":"2022-05-16T10:38:54","modified_gmt":"2022-05-16T09:38:54","slug":"ingilterede-plastik-sayimi-icin-buyuk-gun","status":"publish","type":"post","link":"https:\/\/by-tv.co.uk\/en\/ingilterede-plastik-sayimi-icin-buyuk-gun\/","title":{"rendered":"\u0130ngiltere&#8217;de plastik at\u0131k say\u0131m\u0131 i\u00e7in b\u00fcy\u00fck g\u00fcn"},"content":{"rendered":"<p>\u00c7evre \u00f6rg\u00fctleri Greenpeace ve Everyday Plastic \u00f6nc\u00fcl\u00fc\u011f\u00fcnde, \u0130ngiltere&#8217;deki on binlerce ki\u015fi bir haftada ne kadar plastik t\u00fcketti\u011fini bug\u00fcn saymaya ba\u015flayacak.<\/p>\n<p>96 milletvekili ve farkl\u0131 okullardan 4 bin 180 s\u0131n\u0131ftaki \u00f6\u011frencilerin de kat\u0131laca\u011f\u0131 etkinlikte toplam 151 bin ki\u015fi yer alacak.<\/p>\n<p>BBC&#8217;ye konu\u015fan Greenpeace plastik aktivisti Chris Thorne, &#8220;Bu, \u0130ngiltere&#8217;de bug\u00fcne kadar yap\u0131lan en b\u00fcy\u00fck say\u0131m ara\u015ft\u0131rmas\u0131. Milyonlarca insan geri d\u00f6n\u00fc\u015f\u00fcm i\u00e7in \u00fczerine d\u00fc\u015feni yap\u0131yor ama plastik at\u0131klar\u0131m\u0131z\u0131n nereye gitti\u011fini ger\u00e7ekten bilmiyoruz&#8221; dedi.<\/p><div id=\"briti-3368920980\" class=\"briti-icerik\" style=\"margin-top: 5px;margin-bottom: 5px;\"><a href=\"https:\/\/piaryum.com\/services\/\" aria-label=\"piaryum banner\"><img loading=\"lazy\" decoding=\"async\" src=\"https:\/\/by-tv.co.uk\/wp-content\/uploads\/2025\/12\/Gemini_Generated_Image_g5yqr1g5yqr1g5yq.jpg\" alt=\"\"  width=\"2064\" height=\"1152\"   \/><\/a><\/div>\n<p>Everyday Plastic&#8217;in kurucusu Daniel Webb, 2017 y\u0131l\u0131 boyunca \u00e7\u00f6pe att\u0131\u011f\u0131 plastik at\u0131klar\u0131 sayd\u0131 ve 40 \u00e7\u00f6p po\u015fetini at\u0131kla doldurdu\u011funu tespit etti.<\/p>\n<p>Say\u0131m nas\u0131l yap\u0131l\u0131yor?<br \/>\nSay\u0131ma kat\u0131lanlar\u0131n evlerine kulland\u0131klar\u0131 plastiklerin nas\u0131l say\u0131laca\u011f\u0131n\u0131 a\u00e7\u0131klayan ve plastik at\u0131klar\u0131n\u0131 19 kategoriye ay\u0131rmalar\u0131n\u0131 sa\u011flayan bir paket g\u00f6nderiliyor. Kat\u0131l\u0131mc\u0131lar bir hafta boyunca plastik at\u0131klar\u0131n\u0131 \u00e7\u00f6p kutusuna veya geri d\u00f6n\u00fc\u015f\u00fcme atmak yerine ayr\u0131 topluyor. Ard\u0131ndan say\u0131m yap\u0131l\u0131yor.<\/p>\n<p>Say\u0131m tamamland\u0131ktan sonra veriler Everyday Plastic ve Greenpeace&#8217;e geri g\u00f6nderilecek ve analiz edilecek.<\/p>\n<p>#\u00e7evre #at\u0131k #plastikat\u0131k #ingiltere<\/p>\n<div id=\"briti-2573284159\" class=\"briti-icerikten-sonra_2\" style=\"margin-top: 25px;margin-bottom: 25px;\"><a href=\"https:\/\/wa.me\/message\/NDZLLIOQT4H3O1\" aria-label=\"bytv reklam banner\"><img loading=\"lazy\" decoding=\"async\" src=\"https:\/\/by-tv.co.uk\/wp-content\/uploads\/2025\/12\/bytv-reklam-banner.jpg\" alt=\"\"  width=\"2376\" height=\"1008\"   \/><\/a><\/div>","protected":false},"excerpt":{"rendered":"<p>\u00c7evre \u00f6rg\u00fctleri Greenpeace ve Everyday Plastic \u00f6nc\u00fcl\u00fc\u011f\u00fcnde, \u0130ngiltere&#8217;deki on binlerce ki\u015fi bir haftada ne kadar plastik t\u00fcketti\u011fini bug\u00fcn saymaya ba\u015flayacak. 96 milletvekili ve farkl\u0131 okullardan 4 bin 180 s\u0131n\u0131ftaki \u00f6\u011frencilerin de kat\u0131laca\u011f\u0131 etkinlikte toplam 151 bin ki\u015fi yer alacak. BBC&#8217;ye konu\u015fan Greenpeace plastik aktivisti Chris Thorne, &#8220;Bu, \u0130ngiltere&#8217;de bug\u00fcne kadar yap\u0131lan en b\u00fcy\u00fck say\u0131m ara\u015ft\u0131rmas\u0131. Milyonlarca insan geri d\u00f6n\u00fc\u015f\u00fcm i\u00e7in \u00fczerine d\u00fc\u015feni yap\u0131yor ama plastik at\u0131klar\u0131m\u0131z\u0131n nereye gitti\u011fini ger\u00e7ekten bilmiyoruz&#8221; dedi. Everyday Plastic&#8217;in kurucusu Daniel Webb, 2017 y\u0131l\u0131 boyunca \u00e7\u00f6pe att\u0131\u011f\u0131 plastik at\u0131klar\u0131 sayd\u0131 ve 40 \u00e7\u00f6p po\u015fetini at\u0131kla doldurdu\u011funu tespit etti. Say\u0131m nas\u0131l yap\u0131l\u0131yor? Say\u0131ma kat\u0131lanlar\u0131n evlerine kulland\u0131klar\u0131 plastiklerin [&hellip;]<\/p>\n","protected":false},"author":1,"featured_media":15470,"comment_status":"open","ping_status":"open","sticky":false,"template":"","format":"standard","meta":{"ngg_post_thumbnail":0,"footnotes":""},"categories":[15,3],"tags":[2340,4371,149,3461,318],"class_list":["post-15469","post","type-post","status-publish","format-standard","has-post-thumbnail","hentry","category-ingiltere","category-yasam","tag-cevre","tag-cevre-kirliligi","tag-ingiltere","tag-plastik","tag-plastik-atik"],"_links":{"self":[{"href":"https:\/\/by-tv.co.uk\/en\/wp-json\/wp\/v2\/posts\/15469","targetHints":{"allow":["GET"]}}],"collection":[{"href":"https:\/\/by-tv.co.uk\/en\/wp-json\/wp\/v2\/posts"}],"about":[{"href":"https:\/\/by-tv.co.uk\/en\/wp-json\/wp\/v2\/types\/post"}],"author":[{"embeddable":true,"href":"https:\/\/by-tv.co.uk\/en\/wp-json\/wp\/v2\/users\/1"}],"replies":[{"embeddable":true,"href":"https:\/\/by-tv.co.uk\/en\/wp-json\/wp\/v2\/comments?post=15469"}],"version-history":[{"count":0,"href":"https:\/\/by-tv.co.uk\/en\/wp-json\/wp\/v2\/posts\/15469\/revisions"}],"wp:featuredmedia":[{"embeddable":true,"href":"https:\/\/by-tv.co.uk\/en\/wp-json\/wp\/v2\/media\/15470"}],"wp:attachment":[{"href":"https:\/\/by-tv.co.uk\/en\/wp-json\/wp\/v2\/media?parent=15469"}],"wp:term":[{"taxonomy":"category","embeddable":true,"href":"https:\/\/by-tv.co.uk\/en\/wp-json\/wp\/v2\/categories?post=15469"},{"taxonomy":"post_tag","embeddable":true,"href":"https:\/\/by-tv.co.uk\/en\/wp-json\/wp\/v2\/tags?post=15469"}],"curies":[{"name":"wp","href":"https:\/\/api.w.org\/{rel}","templated":true}]}}