{"id":15327,"date":"2022-05-11T13:20:37","date_gmt":"2022-05-11T12:20:37","guid":{"rendered":"https:\/\/by-tv.co.uk\/?p=15327"},"modified":"2022-05-11T13:21:02","modified_gmt":"2022-05-11T12:21:02","slug":"kate-middleton-ve-prens-william-manchester-kurbanlarinin-anma-torenine-katildi","status":"publish","type":"post","link":"https:\/\/by-tv.co.uk\/en\/kate-middleton-ve-prens-william-manchester-kurbanlarinin-anma-torenine-katildi\/","title":{"rendered":"Kate Middleton ve Prens William, Manchester kurbanlar\u0131n\u0131n anma t\u00f6renine kat\u0131ld\u0131"},"content":{"rendered":"<p style=\"text-align: left;\">Cambridge D\u00fc\u015fesi Kate Middleton, 2017&#8217;de Manchester Arena&#8217;ya d\u00fczenlenen bombal\u0131 sald\u0131r\u0131 an\u0131s\u0131na dikilen an\u0131t\u0131n a\u00e7\u0131l\u0131\u015f\u0131na daha \u00f6nce giydi\u011fi Michael Kors tak\u0131m ve sembolik \u00f6nem ta\u015f\u0131yan ar\u0131 \u015feklinde k\u00fcpelerle kat\u0131ld\u0131.<\/p>\n<p style=\"text-align: left;\">Express&#8217;in haberine g\u00f6re, Middleton, 2 bin sterlin de\u011ferindeki tak\u0131m\u0131 daha \u00f6nce bir\u00e7ok etkinlikte giydi. Tak\u0131m, markan\u0131n 2014 koleksiyonunda yer al\u0131yor. D\u00fc\u015fes, s\u00f6z konusu tak\u0131m\u0131 son olarak 2017&#8217;nin Mart ay\u0131nda, daha \u00f6nceden ise 2016&#8217;n\u0131n May\u0131s ay\u0131nda giymi\u015fti. Middleton&#8217;\u0131n tak\u0131m\u0131 ilk kez giydi\u011fi etkinlik ise 2014&#8217;\u00fcn Nisan ay\u0131nda Yeni Zelanda&#8217;da d\u00fczenlenen Anzak G\u00fcn\u00fc anma program\u0131.<\/p>\n<div id=\"attachment_15331\" style=\"width: 1648px\" class=\"wp-caption alignleft\"><img loading=\"lazy\" decoding=\"async\" aria-describedby=\"caption-attachment-15331\" class=\"wp-image-15331 size-full\" src=\"https:\/\/by-tv.co.uk\/wp-content\/uploads\/2022\/05\/FSaXYFLWQAEQg1o.jpg\" alt=\"\" width=\"1638\" height=\"2048\" title=\"\"><p id=\"caption-attachment-15331\" class=\"wp-caption-text\">Kate Middleton ve Prens William, Manchester kurbanlar\u0131n\u0131n anma t\u00f6renine kat\u0131ld\u0131 Credit: Duke and Duchess of Cambridge<\/p><\/div>\n<p style=\"text-align: left;\">D\u00fc\u015fes&#8217;in k\u0131yafetlerini yak\u0131ndan takip edenler, ar\u0131 desenli k\u00fcpeleri fark etmekte de gecikmedi. Ar\u0131, 150 y\u0131ldan uzun s\u00fcredir Manchester&#8217;\u0131n simgesi olma \u00f6zelli\u011fi ta\u015f\u0131yor. 2017&#8217;de meydana gelen sald\u0131r\u0131n\u0131n ard\u0131ndan bir\u00e7ok sosyal medya kullan\u0131c\u0131s\u0131 profil foto\u011fraflar\u0131n\u0131 ar\u0131 g\u00f6rselleriyle de\u011fi\u015ftirmi\u015fti.<\/p><div id=\"briti-751005408\" class=\"briti-icerik\" style=\"margin-top: 5px;margin-bottom: 5px;\"><a href=\"https:\/\/piaryum.com\/services\/\" aria-label=\"piaryum banner\"><img loading=\"lazy\" decoding=\"async\" src=\"https:\/\/by-tv.co.uk\/wp-content\/uploads\/2025\/12\/Gemini_Generated_Image_g5yqr1g5yqr1g5yq.jpg\" alt=\"\"  width=\"2064\" height=\"1152\"   \/><\/a><\/div>\n<p style=\"text-align: left;\">22 May\u0131s 2017&#8217;de \u0130ngiltere&#8217;nin Manchester \u015fehrinde, Amerikal\u0131 \u015fark\u0131c\u0131 Ariana Grande&#8217;nin Dangerous Woman Tour kapsam\u0131nda Manchester Arena&#8217;da verdi\u011fi konserin ard\u0131ndan ger\u00e7ekle\u015fen sald\u0131r\u0131da, sald\u0131rgan dahil 23 ki\u015fi hayat\u0131n\u0131 kaybetmi\u015f ve 59 ki\u015fi yaralanm\u0131\u015ft\u0131.<\/p>\n<div id=\"briti-3557329471\" class=\"briti-icerikten-sonra_2\" style=\"margin-top: 25px;margin-bottom: 25px;\"><a href=\"https:\/\/wa.me\/message\/NDZLLIOQT4H3O1\" aria-label=\"bytv reklam banner\"><img loading=\"lazy\" decoding=\"async\" src=\"https:\/\/by-tv.co.uk\/wp-content\/uploads\/2025\/12\/bytv-reklam-banner.jpg\" alt=\"\"  width=\"2376\" height=\"1008\"   \/><\/a><\/div>","protected":false},"excerpt":{"rendered":"<p>Cambridge D\u00fc\u015fesi Kate Middleton, 2017&#8217;de Manchester Arena&#8217;ya d\u00fczenlenen bombal\u0131 sald\u0131r\u0131 an\u0131s\u0131na dikilen an\u0131t\u0131n a\u00e7\u0131l\u0131\u015f\u0131na daha \u00f6nce giydi\u011fi Michael Kors tak\u0131m ve sembolik \u00f6nem ta\u015f\u0131yan ar\u0131 \u015feklinde k\u00fcpelerle kat\u0131ld\u0131. Express&#8217;in haberine g\u00f6re, Middleton, 2 bin sterlin de\u011ferindeki tak\u0131m\u0131 daha \u00f6nce bir\u00e7ok etkinlikte giydi. Tak\u0131m, markan\u0131n 2014 koleksiyonunda yer al\u0131yor. D\u00fc\u015fes, s\u00f6z konusu tak\u0131m\u0131 son olarak 2017&#8217;nin Mart ay\u0131nda, daha \u00f6nceden ise 2016&#8217;n\u0131n May\u0131s ay\u0131nda giymi\u015fti. Middleton&#8217;\u0131n tak\u0131m\u0131 ilk kez giydi\u011fi etkinlik ise 2014&#8217;\u00fcn Nisan ay\u0131nda Yeni Zelanda&#8217;da d\u00fczenlenen Anzak G\u00fcn\u00fc anma program\u0131. D\u00fc\u015fes&#8217;in k\u0131yafetlerini yak\u0131ndan takip edenler, ar\u0131 desenli k\u00fcpeleri fark etmekte de gecikmedi. Ar\u0131, 150 y\u0131ldan uzun s\u00fcredir Manchester&#8217;\u0131n simgesi [&hellip;]<\/p>\n","protected":false},"author":1,"featured_media":15330,"comment_status":"open","ping_status":"open","sticky":false,"template":"","format":"standard","meta":{"ngg_post_thumbnail":0,"footnotes":""},"categories":[1],"tags":[1119,4341,1428],"class_list":["post-15327","post","type-post","status-publish","format-standard","has-post-thumbnail","hentry","category-genel","tag-kate-middleton","tag-manchester-arena","tag-prens-william"],"_links":{"self":[{"href":"https:\/\/by-tv.co.uk\/en\/wp-json\/wp\/v2\/posts\/15327","targetHints":{"allow":["GET"]}}],"collection":[{"href":"https:\/\/by-tv.co.uk\/en\/wp-json\/wp\/v2\/posts"}],"about":[{"href":"https:\/\/by-tv.co.uk\/en\/wp-json\/wp\/v2\/types\/post"}],"author":[{"embeddable":true,"href":"https:\/\/by-tv.co.uk\/en\/wp-json\/wp\/v2\/users\/1"}],"replies":[{"embeddable":true,"href":"https:\/\/by-tv.co.uk\/en\/wp-json\/wp\/v2\/comments?post=15327"}],"version-history":[{"count":0,"href":"https:\/\/by-tv.co.uk\/en\/wp-json\/wp\/v2\/posts\/15327\/revisions"}],"wp:featuredmedia":[{"embeddable":true,"href":"https:\/\/by-tv.co.uk\/en\/wp-json\/wp\/v2\/media\/15330"}],"wp:attachment":[{"href":"https:\/\/by-tv.co.uk\/en\/wp-json\/wp\/v2\/media?parent=15327"}],"wp:term":[{"taxonomy":"category","embeddable":true,"href":"https:\/\/by-tv.co.uk\/en\/wp-json\/wp\/v2\/categories?post=15327"},{"taxonomy":"post_tag","embeddable":true,"href":"https:\/\/by-tv.co.uk\/en\/wp-json\/wp\/v2\/tags?post=15327"}],"curies":[{"name":"wp","href":"https:\/\/api.w.org\/{rel}","templated":true}]}}