{"id":15323,"date":"2022-05-11T11:09:19","date_gmt":"2022-05-11T10:09:19","guid":{"rendered":"https:\/\/by-tv.co.uk\/?p=15323"},"modified":"2022-05-11T11:10:53","modified_gmt":"2022-05-11T10:10:53","slug":"kuzey-irlanda-protokolune-duzenleme-gelebilir","status":"publish","type":"post","link":"https:\/\/by-tv.co.uk\/en\/kuzey-irlanda-protokolune-duzenleme-gelebilir\/","title":{"rendered":"Kuzey \u0130rlanda Protokol\u00fc&#8217;ne d\u00fczenleme gelebilir"},"content":{"rendered":"<p>\u0130ngiltere D\u0131\u015fi\u015fleri Bakan\u0131 Liz Truss&#8217;\u0131n Kuzey \u0130rlanda ile Avrupa Birli\u011fi \u00fcyesi \u0130rlanda Cumhuriyeti aras\u0131ndaki ticareti d\u00fczenleyen Kuzey \u0130rlanda Protokol\u00fc&#8217;nde de\u011fi\u015fikli\u011fe gidece\u011fi iddia edildi. Truss&#8217;a yak\u0131n bir kayna\u011fa g\u00f6re, bakan, mevcut durumun &#8220;daha fazla s\u00fcrd\u00fcr\u00fclemeyece\u011fini&#8221; ifade etti.<\/p>\n<p>BBC&#8217;nin haberine g\u00f6re, protokol\u00fcn baz\u0131 k\u0131s\u0131mlar\u0131 \u00f6n\u00fcm\u00fczdeki hafta \u00e7\u0131kar\u0131lmaya ba\u015flanabilir. Hen\u00fcz son karar\u0131n verilmedi\u011fini belirten ba\u015fbakanl\u0131k kaynaklar\u0131, d\u0131\u015fi\u015fleri bakan\u0131n\u0131n Brexit sonras\u0131 imzalanan anla\u015fmayla ilgili tutumunun nispeten kat\u0131 oldu\u011funu s\u00f6yledi.<\/p>\n<p>\u0130ngiltere, daha \u00f6nce yapt\u0131\u011f\u0131 a\u00e7\u0131klamada, &#8220;ciddi ekonomik, toplumsal ya da \u00e7evresel zorluklar&#8221; \u00e7\u0131karmas\u0131 halinde anla\u015fman\u0131n belirli k\u0131s\u0131mlar\u0131n\u0131 ask\u0131ya alacak 16&#8217;nc\u0131 maddeyi devreye alabilece\u011fi uyar\u0131s\u0131nda bulunmu\u015ftu. 16&#8217;nc\u0131 maddenin hala bir se\u00e7enek oldu\u011funu belirten kaynaklar, Truss&#8217;\u0131n yerel d\u00fczenlemeleri daha uygun buldu\u011funu s\u00f6yledi.<\/p><div id=\"briti-3979215482\" class=\"briti-icerik\" style=\"margin-top: 5px;margin-bottom: 5px;\"><a href=\"https:\/\/piaryum.com\/services\/\" aria-label=\"piaryum banner\"><img loading=\"lazy\" decoding=\"async\" src=\"https:\/\/by-tv.co.uk\/wp-content\/uploads\/2025\/12\/Gemini_Generated_Image_g5yqr1g5yqr1g5yq.jpg\" alt=\"\"  width=\"2064\" height=\"1152\"   \/><\/a><\/div>\n<blockquote class=\"twitter-tweet\">\n<p dir=\"ltr\" lang=\"en\">The Sinn F\u00e9in team are at Stormont today.<\/p>\n<p>We are ready to form the Executive immediately.<\/p>\n<p>It\u2019s time to get to work, to put money in the pockets of workers and families to deal with the cost-of-living crisis, and start to fix our health service. <a href=\"https:\/\/t.co\/waOUqcvNbe\">pic.twitter.com\/waOUqcvNbe<\/a><\/p>\n<p>\u2014 Sinn F\u00e9in (@sinnfeinireland) <a href=\"https:\/\/twitter.com\/sinnfeinireland\/status\/1523613298952118272?ref_src=twsrc%5Etfw\" target=\"_blank\" rel=\"noopener\">May 9, 2022<\/a><\/p><\/blockquote>\n<p><script async=\"\" src=\"https:\/\/platform.twitter.com\/widgets.js\" charset=\"utf-8\"><\/script><br \/>\nTruss&#8217;a yak\u0131n bir kayna\u011fa g\u00f6re, bakan\u0131n \u00f6nceli\u011fi <a href=\"https:\/\/by-tv.co.uk\/en\/?s=kuzey+irlanda\">Kuzey \u0130rlanda<\/a>&#8216;daki bar\u0131\u015f\u0131 korumak. &#8220;Bu durumu s\u00fcrd\u00fcremeyiz. Bu nedenle, Truss, AB i\u00e7inde bir \u00e7\u00f6z\u00fcm bulunamamas\u0131 halinde harekete ge\u00e7meye haz\u0131r&#8221; ifadelerini kullanan kaynak, AB&#8217;yi &#8220;durumun ciddiyetine ra\u011fmen gerekli esnekli\u011fi g\u00f6stermeye haz\u0131r olmamakla&#8221; su\u00e7lad\u0131.<\/p>\n<p>\u0130ngiltere, anla\u015fmada k\u00f6kl\u00fc de\u011fi\u015fiklikler talep ediyor. Kuzey \u0130rlanda&#8217;da kalacak mallar\u0131n kontrol\u00fcn\u00fc tamamen kald\u0131r\u0131lmas\u0131n\u0131 isteyen \u00fclke, KDV ve y\u00f6netim aranjmanlar\u0131n\u0131n da g\u00f6zden ge\u00e7irilmesi gerekti\u011fini savunuyor.<\/p>\n<p>Avrupa Komisyonu, Kuzey \u0130rlanda Protokol\u00fc&#8217;ne bir \u00e7\u00f6z\u00fcm bulmak i\u00e7in &#8220;var g\u00fcc\u00fcyle \u00e7aba sarf etti\u011fini&#8221; ifade etti. AB ise protokolde problemler oldu\u011funu kabul ederken, bu sorunlar\u0131n halihaz\u0131rda var olan \u015fartlarda \u00e7\u00f6z\u00fclebilece\u011fini belirtiyor. 2021&#8217;in Ekim ay\u0131nda, aralar\u0131nda Birle\u015fik Krall\u0131k&#8217;tan gelen mallar\u0131n kontrol\u00fcn\u00fc hafifletmenin de bulundu\u011fu \u00e7e\u015fitli teklifler sunan Avrupa Komisyonu, sundu\u011fu \u00e7\u00f6z\u00fcmlerin geni\u015f kapsaml\u0131 oldu\u011funu savunuyor. Komisyon, bu hafta Birle\u015fik Krall\u0131k&#8217;a &#8220;s\u00f6ylemlerini yumu\u015fatma&#8221; ve &#8220;imzalad\u0131klar\u0131 anla\u015fmayla ilgili d\u00fcr\u00fcst olma&#8221; \u00e7a\u011fr\u0131s\u0131nda bulundu.<\/p>\n<p>Br\u00fcksel, \u0130ngiltere&#8217;nin protokol\u00fcn bir k\u0131sm\u0131n\u0131 kald\u0131raca\u011f\u0131ndan \u015f\u00fcpheli. &#8220;Truss, AB ve \u00fcye \u00fclkelerle yapt\u0131\u011f\u0131 t\u00fcm toplant\u0131lardan bunun olamayaca\u011f\u0131n\u0131 biliyor&#8221; diyen bir diplomat, Truss&#8217;\u0131n \u00fclke i\u00e7indeki talebe yan\u0131t veriyor olabilece\u011fini s\u00f6yledi.<\/p>\n<p>Konuyla ilgili konu\u015fan bir ba\u015fka diplomat ise, s\u00f6z konusu ad\u0131m\u0131 atman\u0131n Rusya Devlet Ba\u015fkan\u0131 Vladimir Putin&#8217;i memnun edece\u011fini ifade etti. Diplomat, &#8220;Bat\u0131l\u0131 demokrasilerin Rusya&#8217;ya kar\u015f\u0131 uluslararas\u0131 hukuku savunmak i\u00e7in birle\u015fti\u011fi bir d\u00f6nemde uluslararas\u0131 hukuku \u00e7i\u011fnemeyi d\u00fc\u015f\u00fcnmek ve Bat\u0131 birli\u011fine zarar vermek olduk\u00e7a sorumsuz bir hareket&#8221; dedi.<\/p>\n<p>2019&#8217;da imzalanan protokole g\u00f6re, Kuzey \u0130rlanda, G\u00fcmr\u00fck Birli\u011fi&#8217;nin kurallar\u0131na ba\u011fl\u0131. Konunun yeniden tart\u0131\u015fmaya a\u00e7\u0131lmas\u0131n\u0131n sebebi ise Kuzey \u0130rlanda&#8217;da ger\u00e7ekle\u015fen se\u00e7imleri, \u0130ngiltere&#8217;den ayr\u0131l\u0131p \u0130rlanda Cumhuriyeti ile birle\u015fmek isteyen Sinn Fein&#8217;in kazanmas\u0131.<\/p>\n<p>Truss&#8217;\u0131n \u00f6n\u00fcm\u00fczdeki g\u00fcnlerde AB&#8217;li mevkida\u015f\u0131 Maros Sefcovic&#8217;le bir g\u00f6r\u00fc\u015fme ger\u00e7ekle\u015ftirmesi bekleniyor.<\/p>\n<div id=\"briti-588743492\" class=\"briti-icerikten-sonra_2\" style=\"margin-top: 25px;margin-bottom: 25px;\"><a href=\"https:\/\/wa.me\/message\/NDZLLIOQT4H3O1\" aria-label=\"bytv reklam banner\"><img loading=\"lazy\" decoding=\"async\" src=\"https:\/\/by-tv.co.uk\/wp-content\/uploads\/2025\/12\/bytv-reklam-banner.jpg\" alt=\"\"  width=\"2376\" height=\"1008\"   \/><\/a><\/div>","protected":false},"excerpt":{"rendered":"<p>\u0130ngiltere D\u0131\u015fi\u015fleri Bakan\u0131 Liz Truss&#8217;\u0131n Kuzey \u0130rlanda ile Avrupa Birli\u011fi \u00fcyesi \u0130rlanda Cumhuriyeti aras\u0131ndaki ticareti d\u00fczenleyen Kuzey \u0130rlanda Protokol\u00fc&#8217;nde de\u011fi\u015fikli\u011fe gidece\u011fi iddia edildi. Truss&#8217;a yak\u0131n bir kayna\u011fa g\u00f6re, bakan, mevcut durumun &#8220;daha fazla s\u00fcrd\u00fcr\u00fclemeyece\u011fini&#8221; ifade etti. BBC&#8217;nin haberine g\u00f6re, protokol\u00fcn baz\u0131 k\u0131s\u0131mlar\u0131 \u00f6n\u00fcm\u00fczdeki hafta \u00e7\u0131kar\u0131lmaya ba\u015flanabilir. Hen\u00fcz son karar\u0131n verilmedi\u011fini belirten ba\u015fbakanl\u0131k kaynaklar\u0131, d\u0131\u015fi\u015fleri bakan\u0131n\u0131n Brexit sonras\u0131 imzalanan anla\u015fmayla ilgili tutumunun nispeten kat\u0131 oldu\u011funu s\u00f6yledi. \u0130ngiltere, daha \u00f6nce yapt\u0131\u011f\u0131 a\u00e7\u0131klamada, &#8220;ciddi ekonomik, toplumsal ya da \u00e7evresel zorluklar&#8221; \u00e7\u0131karmas\u0131 halinde anla\u015fman\u0131n belirli k\u0131s\u0131mlar\u0131n\u0131 ask\u0131ya alacak 16&#8217;nc\u0131 maddeyi devreye alabilece\u011fi uyar\u0131s\u0131nda bulunmu\u015ftu. 16&#8217;nc\u0131 maddenin hala bir se\u00e7enek oldu\u011funu belirten kaynaklar, Truss&#8217;\u0131n yerel [&hellip;]<\/p>\n","protected":false},"author":1,"featured_media":15324,"comment_status":"open","ping_status":"open","sticky":false,"template":"","format":"standard","meta":{"ngg_post_thumbnail":0,"footnotes":""},"categories":[1],"tags":[4340],"class_list":["post-15323","post","type-post","status-publish","format-standard","has-post-thumbnail","hentry","category-genel","tag-kuzey-irlanda-protokolu"],"_links":{"self":[{"href":"https:\/\/by-tv.co.uk\/en\/wp-json\/wp\/v2\/posts\/15323","targetHints":{"allow":["GET"]}}],"collection":[{"href":"https:\/\/by-tv.co.uk\/en\/wp-json\/wp\/v2\/posts"}],"about":[{"href":"https:\/\/by-tv.co.uk\/en\/wp-json\/wp\/v2\/types\/post"}],"author":[{"embeddable":true,"href":"https:\/\/by-tv.co.uk\/en\/wp-json\/wp\/v2\/users\/1"}],"replies":[{"embeddable":true,"href":"https:\/\/by-tv.co.uk\/en\/wp-json\/wp\/v2\/comments?post=15323"}],"version-history":[{"count":0,"href":"https:\/\/by-tv.co.uk\/en\/wp-json\/wp\/v2\/posts\/15323\/revisions"}],"wp:featuredmedia":[{"embeddable":true,"href":"https:\/\/by-tv.co.uk\/en\/wp-json\/wp\/v2\/media\/15324"}],"wp:attachment":[{"href":"https:\/\/by-tv.co.uk\/en\/wp-json\/wp\/v2\/media?parent=15323"}],"wp:term":[{"taxonomy":"category","embeddable":true,"href":"https:\/\/by-tv.co.uk\/en\/wp-json\/wp\/v2\/categories?post=15323"},{"taxonomy":"post_tag","embeddable":true,"href":"https:\/\/by-tv.co.uk\/en\/wp-json\/wp\/v2\/tags?post=15323"}],"curies":[{"name":"wp","href":"https:\/\/api.w.org\/{rel}","templated":true}]}}