{"id":15240,"date":"2022-05-09T13:04:07","date_gmt":"2022-05-09T12:04:07","guid":{"rendered":"https:\/\/by-tv.co.uk\/?p=15240"},"modified":"2022-05-09T13:04:07","modified_gmt":"2022-05-09T12:04:07","slug":"turkiyenin-sesi-sosyal-gastronomiyle-gucleniyor","status":"publish","type":"post","link":"https:\/\/by-tv.co.uk\/en\/turkiyenin-sesi-sosyal-gastronomiyle-gucleniyor\/","title":{"rendered":"T\u00fcrkiye\u2019nin SES\u2019i \u2018Sosyal Gastronomiyle\u2019 G\u00fc\u00e7leniyor"},"content":{"rendered":"<p>117 \u00fclke ve b\u00f6lgedeki 22 bin \u00e7al\u0131\u015fan\u0131yla d\u00fcnyan\u0131n en b\u00fcy\u00fck insani yard\u0131m kurulu\u015fu olan Birle\u015fmi\u015f Milletler D\u00fcnya G\u0131da Program\u0131\u2019n\u0131n (WFP) Mill\u00ee E\u011fitim Bakanl\u0131\u011f\u0131 ve T\u00fcrkiye \u0130\u015f Kurumu ile ortakla\u015fa y\u00fcr\u00fctt\u00fc\u011f\u00fc SES Program\u0131 kapsam\u0131nda insani yard\u0131m ve sosyal gastronomi alan\u0131ndaki \u00e7al\u0131\u015fmalar\u0131yla \u00fcnl\u00fc Kolombiyal\u0131 \u015fef Charlie Otero T\u00fcrkiye\u2019ye geldi. G\u0131da d\u00fcnyas\u0131na antropolojik bir perspektiften bakan Otero, atalar\u0131n\u0131n tariflerini bug\u00fcnk\u00fc tekniklerle birle\u015ftirerek, gastronomiyi t\u00fcm k\u00fclt\u00fcrleri bir araya getiren zengin k\u00fclt\u00fcrel, folklorik, birle\u015ftirici bir ara\u00e7 kullanmas\u0131yla tan\u0131n\u0131yor. &nbsp;A\u00e7l\u0131k, yoksulluk, yetersiz beslenme, e\u015fitsizlik, g\u0131da israf\u0131 ve i\u015fsizlik gibi hem k\u00fcresel hem de toplumsal sorunlar\u0131 oda\u011f\u0131na alan sosyal gastronomi konusunda da etkin bir isim olan Otero, 2019 y\u0131l\u0131nda BM D\u00fcnya Turizm \u00d6rg\u00fct\u00fc (UNWTO) taraf\u0131ndan \u0130spanya ve Latin Amerika Gastronomi El\u00e7isi olarak se\u00e7ilmi\u015fti.<\/p>\n<div id=\"attachment_15242\" style=\"width: 1610px\" class=\"wp-caption alignleft\"><img loading=\"lazy\" decoding=\"async\" aria-describedby=\"caption-attachment-15242\" class=\"size-full wp-image-15242\" src=\"https:\/\/by-tv.co.uk\/wp-content\/uploads\/2022\/05\/ses-3.jpeg\" alt=\"\" width=\"1600\" height=\"1068\" title=\"\"><p id=\"caption-attachment-15242\" class=\"wp-caption-text\">T\u00fcrkiye\u2019nin SES\u2019i \u2018Sosyal Gastronomiyle\u2019 G\u00fc\u00e7leniyor<\/p><\/div>\n<p>9 -19 May\u0131s tarihleri aras\u0131nda tarihleri aras\u0131nda \u0130stanbul, \u0130zmir, Ankara ve Hatay\u2019\u0131 kapsayacak at\u00f6lyeler dizisi d\u00fczenleyecek olan Otero\u2019nun son dura\u011f\u0131 Hatay Expo olacak. SES Program\u0131\u2019n\u0131n uyguland\u0131\u011f\u0131 oteller, halk e\u011fitim merkezleri ve okullarda ger\u00e7ekle\u015fecek \u00e7al\u0131\u015fmalarda Otero, Latin Amerika mutfa\u011f\u0131n\u0131n s\u0131rlar\u0131n\u0131 SES Program\u0131 kat\u0131l\u0131mc\u0131larla ve e\u011fitmenlere payla\u015facak. Teorik mesleki ve uygulamal\u0131 e\u011fitimi oda\u011f\u0131na alan ve kat\u0131l\u0131mc\u0131lar\u0131n hayata tutunmas\u0131na destek olmak i\u00e7in kurgulanan SES Program\u0131, 15 ilde 5 alanda y\u00fcr\u00fct\u00fcl\u00fcyor.<\/p>\n<p>Kapsaml\u0131 turun ilk ad\u0131m\u0131 \u0130stanbul Gastronometro\u2019da d\u00fczenlenen a\u00e7\u0131l\u0131\u015f etkinli\u011finde at\u0131ld\u0131. Programa \u00e7ok say\u0131da SES program\u0131 kat\u0131l\u0131mc\u0131s\u0131, Milli E\u011fitim Bakanl\u0131\u011f\u0131 (MEB) Temsilcileri, \u00fcnl\u00fc \u015fef Aylin Yaz\u0131c\u0131o\u011flu, Gastronometro Head \u015eef Murat \u00d6zipek ve WFP T\u00fcrkiye yetkilileri kat\u0131ld\u0131. Etkinlikte Charlie Otero\u2019nun yan\u0131 s\u0131ra \u015fefler de demo etkinli\u011fi ger\u00e7ekle\u015ftirdi.&nbsp;<\/p><div id=\"briti-2092105138\" class=\"briti-icerik\" style=\"margin-top: 5px;margin-bottom: 5px;\"><a href=\"https:\/\/piaryum.com\/services\/\" aria-label=\"piaryum banner\"><img loading=\"lazy\" decoding=\"async\" src=\"https:\/\/by-tv.co.uk\/wp-content\/uploads\/2025\/12\/Gemini_Generated_Image_g5yqr1g5yqr1g5yq.jpg\" alt=\"\"  width=\"2064\" height=\"1152\"   \/><\/a><\/div>\n<p><strong>\u201c5 bin kat\u0131l\u0131mc\u0131ya ula\u015fmay\u0131 hedefliyoruz\u201d<\/strong><\/p>\n<p>Etkinli\u011fin a\u00e7\u0131l\u0131\u015f konu\u015fmas\u0131n\u0131 yapan&nbsp;<strong>WFP T\u00fcrkiye Temsilcisi ve Direkt\u00f6r\u00fc Nils Grede&nbsp;<\/strong>SES Program\u0131 ile nitelikli i\u015f g\u00fcc\u00fc yeti\u015ftirmek i\u00e7in \u00e7al\u0131\u015ft\u0131klar\u0131n\u0131 belirterek, \u201cG\u0131da odakl\u0131 ba\u015flad\u0131\u011f\u0131m\u0131z projemize barista, temel ve geli\u015fmi\u015f seviyede bili\u015fim, kat hizmetleri gibi farkl\u0131 meslek dallar\u0131nda da da e\u011fitimler vererek devam ediyoruz. A\u015f\u00e7\u0131 \u00e7\u0131ra\u011f\u0131, pastac\u0131l\u0131k, pizza \u015fefli\u011fi de g\u0131da odakl\u0131 e\u011fitimlerimiz. &nbsp;\u015eu anda Ankara, Kayseri, Konya, Sivas, Gaziantep, \u015eanl\u0131urfa, Hatay, Mersin, Adana, Mardin gibi 15 \u015fehirde programlar\u0131m\u0131z s\u00fcr\u00fcyor. 10 de\u011fi\u015fik meslek e\u011fitimimiz var. Bu program sonunda da 5 bin kat\u0131l\u0131mc\u0131ya ula\u015fmay\u0131 hedefliyoruz. Hem T\u00fcrkiye\u2019den hem de d\u00fcnyadan farkl\u0131 \u015fefler ile program kat\u0131l\u0131mc\u0131lar\u0131m\u0131za at\u00f6lyelerde bir araya getiriyoruz \u00e7\u00fcnk\u00fc g\u0131dan\u0131n insanlar\u0131 birle\u015ftiren adeta b\u00fcy\u00fcl\u00fc bir g\u00fc\u00e7 oldu\u011funa inan\u0131yoruz. &nbsp;Dolay\u0131s\u0131yla biz \u00e7ok zengin bir k\u00fclt\u00fcre sahip olan T\u00fcrk mutfa\u011f\u0131yla Kolombiya mutfa\u011f\u0131 gibi kadim k\u00fclt\u00fcrlerin birlikteli\u011finden bir dayan\u0131\u015fma yaratt\u0131\u011f\u0131m\u0131za da inan\u0131yoruz. SES Program\u0131 \u00f6\u011frenci ve e\u011fitmenlerimizin de bu zengin k\u00fclt\u00fcrel birliktelikten faydalanmalar\u0131n\u0131 istiyoruz\u201d dedi. &nbsp;<\/p>\n<div id=\"attachment_15244\" style=\"width: 1610px\" class=\"wp-caption alignleft\"><img loading=\"lazy\" decoding=\"async\" aria-describedby=\"caption-attachment-15244\" class=\"size-full wp-image-15244\" src=\"https:\/\/by-tv.co.uk\/wp-content\/uploads\/2022\/05\/ses-1.jpeg\" alt=\"\" width=\"1600\" height=\"1068\" title=\"\"><p id=\"caption-attachment-15244\" class=\"wp-caption-text\">T\u00fcrkiye\u2019nin SES\u2019i \u2018Sosyal Gastronomiyle\u2019 G\u00fc\u00e7leniyor<\/p><\/div>\n<p><strong>\u201cMutfa\u011f\u0131n iyile\u015ftirici bir g\u00fcc\u00fc oldu\u011funa inan\u0131yorum\u201d<\/strong><\/p>\n<p><strong>\u015eef Charlie Otero<\/strong>&nbsp;da T\u00fcrk mutfa\u011f\u0131n\u0131 daha yak\u0131ndan tan\u0131mak ve Kolombiya mutfa\u011f\u0131n\u0131 tan\u0131tmaktan \u00e7ok memnun oldu\u011funu belirterek, \u201cMutfak evrensel bir dil sunuyor. &nbsp;Bunun yan\u0131 s\u0131ra mutfa\u011f\u0131n iyile\u015ftirici bir g\u00fcc\u00fc oldu\u011funa inan\u0131yorum. Ge\u00e7ti\u011fimiz y\u0131l kanser hastal\u0131\u011f\u0131na yakaland\u0131\u011f\u0131m\u0131 \u00f6\u011frendikten sonra sadece kendi hayat\u0131m\u0131 de\u011fil, di\u011fer insanlar\u0131n da hayat\u0131n\u0131 de\u011fi\u015ftirmeye kendimi adad\u0131m. D\u00fcnyadaki her u\u011fra\u015f ayn\u0131 zamanda bir dayan\u0131\u015fma arac\u0131. T\u00fcrkiye\u2019de Kolombiya\u2019n\u0131n k\u00fclt\u00fcrel zenginli\u011fi ve tarihsel zenginli\u011fini sizlere sunaca\u011f\u0131m. T\u00fcrkiye ile Kolombiya k\u00fclt\u00fcr\u00fc aras\u0131nda benzerlikler var. Mesela ikisi de sevgi ve \u015fefkate dayan\u0131yor. WFP\u2019nin T\u00fcrkiye\u2019de ger\u00e7ekle\u015ftirdi\u011fi ge\u00e7im kaynaklar\u0131 program\u0131n bir par\u00e7as\u0131 olarak, bu evrensele dile katk\u0131da bulunmaktan \u00e7ok mutluyum\u201d dedi.&nbsp;<\/p>\n<p><strong>MEB Mesleki ve Teknik E\u011fitim Temsilcisi \u015eehnaz \u00c7ivici<\/strong>&nbsp;de \u201cSosyoekonomik G\u00fc\u00e7lendirme ve S\u00fcrd\u00fcr\u00fclebilirlik Program\u0131 kapsam\u0131nda 15 ilimizde, MEB\u2019e ba\u011fl\u0131 okullarda kursiyerlerimizin kat\u0131l\u0131m\u0131 ile meslek edinme \u00fczerine 3 ayl\u0131k e\u011fitimler d\u00fczenliyoruz. Kursiyerlerimiz teorik e\u011fitimlerin ard\u0131ndan i\u015f ba\u015f\u0131 e\u011fitimlerini ger\u00e7ekle\u015ftiriyor. Sonras\u0131nda ise sekt\u00f6rde istihdam edinmeleri i\u00e7in el birli\u011fiyle destek veriyoruz. Bunun yan\u0131 s\u0131ra e\u011fitici e\u011fitmenlerimiz i\u00e7in de e\u011fitim faaliyetlerimiz devam ediyor. Bu e\u011fitimler sayesinde e\u011fitmenlerimiz de daha kapsay\u0131c\u0131 bir bilgiye ve fark\u0131ndal\u0131\u011fa eri\u015fiyor \u201cdedi. WFP ile MEB aras\u0131ndaki i\u015f birli\u011finin meslek sahibi olmak isteyen ki\u015filere gelecek bir umut vaat etti\u011fini de kaydeden \u00c7ivici, i\u015f birli\u011finin devam\u0131 i\u00e7in \u00e7al\u0131\u015fmay\u0131 s\u00fcrd\u00fcreceklerini kaydetti.&nbsp;<\/p>\n<p><strong>WFP Teknik Dan\u0131\u015fman\u0131 Yal\u00e7\u0131n \u0130nam<\/strong>&nbsp;da programdan mezun olan ve i\u015f yerle\u015fen kat\u0131l\u0131mc\u0131larla gurur duyduklar\u0131n\u0131 belirterek, \u201cBug\u00fcn T\u00fcrkiye\u2019nin en iyi otel ve restoranlar\u0131nda mezunlar\u0131m\u0131z\u0131n istihdam ediliyor olmas\u0131 azim ve tutkunun bir araya geldi\u011finde neler ba\u015far\u0131labilece\u011finin en somut g\u00f6stergesi\u201d dedi.<\/p>\n<div id=\"briti-2354837750\" class=\"briti-icerikten-sonra_2\" style=\"margin-top: 25px;margin-bottom: 25px;\"><a href=\"https:\/\/wa.me\/message\/NDZLLIOQT4H3O1\" aria-label=\"bytv reklam banner\"><img loading=\"lazy\" decoding=\"async\" src=\"https:\/\/by-tv.co.uk\/wp-content\/uploads\/2025\/12\/bytv-reklam-banner.jpg\" alt=\"\"  width=\"2376\" height=\"1008\"   \/><\/a><\/div>","protected":false},"excerpt":{"rendered":"<p>117 \u00fclke ve b\u00f6lgedeki 22 bin \u00e7al\u0131\u015fan\u0131yla d\u00fcnyan\u0131n en b\u00fcy\u00fck insani yard\u0131m kurulu\u015fu olan Birle\u015fmi\u015f Milletler D\u00fcnya G\u0131da Program\u0131\u2019n\u0131n (WFP) Mill\u00ee E\u011fitim Bakanl\u0131\u011f\u0131 ve T\u00fcrkiye \u0130\u015f Kurumu ile ortakla\u015fa y\u00fcr\u00fctt\u00fc\u011f\u00fc SES Program\u0131 kapsam\u0131nda insani yard\u0131m ve sosyal gastronomi alan\u0131ndaki \u00e7al\u0131\u015fmalar\u0131yla \u00fcnl\u00fc Kolombiyal\u0131 \u015fef Charlie Otero T\u00fcrkiye\u2019ye geldi. G\u0131da d\u00fcnyas\u0131na antropolojik bir perspektiften bakan Otero, atalar\u0131n\u0131n tariflerini bug\u00fcnk\u00fc tekniklerle birle\u015ftirerek, gastronomiyi t\u00fcm k\u00fclt\u00fcrleri bir araya getiren zengin k\u00fclt\u00fcrel, folklorik, birle\u015ftirici bir ara\u00e7 kullanmas\u0131yla tan\u0131n\u0131yor. &nbsp;A\u00e7l\u0131k, yoksulluk, yetersiz beslenme, e\u015fitsizlik, g\u0131da israf\u0131 ve i\u015fsizlik gibi hem k\u00fcresel hem de toplumsal sorunlar\u0131 oda\u011f\u0131na alan sosyal gastronomi konusunda da etkin bir isim olan Otero, [&hellip;]<\/p>\n","protected":false},"author":1,"featured_media":15241,"comment_status":"open","ping_status":"open","sticky":false,"template":"","format":"standard","meta":{"ngg_post_thumbnail":0,"footnotes":""},"categories":[1],"tags":[4310,4311,4309],"class_list":["post-15240","post","type-post","status-publish","format-standard","has-post-thumbnail","hentry","category-genel","tag-birlesmis-milletler-dunya-gida-programi","tag-nils-grede","tag-sosyal-gastronomi"],"_links":{"self":[{"href":"https:\/\/by-tv.co.uk\/en\/wp-json\/wp\/v2\/posts\/15240","targetHints":{"allow":["GET"]}}],"collection":[{"href":"https:\/\/by-tv.co.uk\/en\/wp-json\/wp\/v2\/posts"}],"about":[{"href":"https:\/\/by-tv.co.uk\/en\/wp-json\/wp\/v2\/types\/post"}],"author":[{"embeddable":true,"href":"https:\/\/by-tv.co.uk\/en\/wp-json\/wp\/v2\/users\/1"}],"replies":[{"embeddable":true,"href":"https:\/\/by-tv.co.uk\/en\/wp-json\/wp\/v2\/comments?post=15240"}],"version-history":[{"count":0,"href":"https:\/\/by-tv.co.uk\/en\/wp-json\/wp\/v2\/posts\/15240\/revisions"}],"wp:featuredmedia":[{"embeddable":true,"href":"https:\/\/by-tv.co.uk\/en\/wp-json\/wp\/v2\/media\/15241"}],"wp:attachment":[{"href":"https:\/\/by-tv.co.uk\/en\/wp-json\/wp\/v2\/media?parent=15240"}],"wp:term":[{"taxonomy":"category","embeddable":true,"href":"https:\/\/by-tv.co.uk\/en\/wp-json\/wp\/v2\/categories?post=15240"},{"taxonomy":"post_tag","embeddable":true,"href":"https:\/\/by-tv.co.uk\/en\/wp-json\/wp\/v2\/tags?post=15240"}],"curies":[{"name":"wp","href":"https:\/\/api.w.org\/{rel}","templated":true}]}}