{"id":15072,"date":"2022-04-25T19:21:51","date_gmt":"2022-04-25T18:21:51","guid":{"rendered":"https:\/\/by-tv.co.uk\/?p=15072"},"modified":"2022-04-25T19:21:51","modified_gmt":"2022-04-25T18:21:51","slug":"gezi-davasinda-kavalaya-muebbet-hapis-7-kisi-tutuklandi","status":"publish","type":"post","link":"https:\/\/by-tv.co.uk\/en\/gezi-davasinda-kavalaya-muebbet-hapis-7-kisi-tutuklandi\/","title":{"rendered":"Gezi Davas\u0131&#8217;nda Kavala&#8217;ya m\u00fcebbet hapis: 7 ki\u015fi tutukland\u0131"},"content":{"rendered":"<p>\u0130stanbul 13\u2019\u00fcnc\u00fc A\u011f\u0131r Ceza Mahkemesi&#8217;nde ge\u00e7ti\u011fimiz cuma g\u00fcn\u00fc g\u00f6r\u00fclmeye ba\u015flanan Gezi Davas\u0131&#8217;n\u0131n karar duru\u015fmas\u0131nda ceza ya\u011fd\u0131. Daha \u00f6nce AKP\u2019den milletvekili aday aday\u0131 olan bir hakimin de yer ald\u0131\u011f\u0131 heyet, 4,5 y\u0131ld\u0131r tutuklu olan i\u015f insan\u0131 Osman Kavala&#8217;ya a\u011f\u0131rla\u015ft\u0131r\u0131lm\u0131\u015f m\u00fcebbet hapis cezas\u0131 verdi.<\/p>\n<p>M\u00fccella Yap\u0131c\u0131, \u00c7i\u011fdem Mater, Hakan Alt\u0131nay, Mine \u00d6zerden, Can Atalay, Tayfun Kahraman, Yi\u011fit Ali Ekmek\u00e7i&#8217;ye 18\u2019er y\u0131l hapis cezas\u0131 veren mahkeme, tutuklanmalar\u0131na karar verdi. M\u00fccella Yap\u0131c\u0131 ve Can Atalay&#8217;\u0131n duru\u015fma salonunda tutuklanmak istenmesine ise Atalay &#8220;yak\u0131nlar\u0131m\u0131zla vedala\u015fmak itiyoruz&#8221; diyerek tepki g\u00f6sterdi.<\/p>\n<p>M\u00fctalaada ayr\u0131ca, haklar\u0131nda yakalama karar\u0131 bulunan ve &#8220;olaylar\u0131n organizat\u00f6rleri olduklar\u0131&#8221; \u00f6ne s\u00fcr\u00fclen san\u0131klar Ay\u015fe P\u0131nar Alabora, Henry Jack Barkey, Can D\u00fcndar, G\u00f6k\u00e7e Y\u0131lmaz, Handan Meltem Ar\u0131kan, Hanzade Hikmet Germiyano\u011flu, Mehmet Ali Alabora, Yi\u011fit Aksako\u011flu ve \u0130nan\u00e7 Ekmek\u00e7i&#8217;nin dava dosyalar\u0131n\u0131n ayr\u0131larak, yakalama karar\u0131 infazlar\u0131n\u0131n beklenmesi talep edildi.<\/p><div id=\"briti-867400507\" class=\"briti-icerik\" style=\"margin-top: 5px;margin-bottom: 5px;\"><a href=\"https:\/\/piaryum.com\/services\/\" aria-label=\"piaryum banner\"><img loading=\"lazy\" decoding=\"async\" src=\"https:\/\/by-tv.co.uk\/wp-content\/uploads\/2025\/12\/Gemini_Generated_Image_g5yqr1g5yqr1g5yq.jpg\" alt=\"\"  width=\"2064\" height=\"1152\"   \/><\/a><\/div>\n<p>Karar salonda da b\u00fcy\u00fck tepkiye neden oldu. Mahkeme heyeti tepkiler nedeniyle karar\u0131 okumak i\u00e7in iki kez durdu. &#8220;Daha sonra ta\u015fk\u0131nl\u0131k \u00e7\u0131karanlar\u0131 d\u0131\u015far\u0131ya atar\u0131z&#8221; diyen mahkeme ba\u015fkan\u0131, karar\u0131 okumaya devam etti. \u0130\u00e7erde, \u201cNe karar\u0131, ne karar\u0131. Tan\u0131m\u0131yoruz&#8221; sesleri y\u00fckseldi. &#8220;Bu daha ba\u015flang\u0131\u00e7\u201d, &#8220;G\u00fcn gelecek AKP halka hesap verecek&#8221; sloganlar\u0131 at\u0131ld\u0131. Duru\u015fmaya SEGB\u0130S&#8217;ten kat\u0131lan Osman Kavala, mahkeme karar\u0131n\u0131 okurken kollar\u0131n\u0131 birle\u015ftirip duvara yaslanarak g\u00fcld\u00fc.<\/p>\n<p>Mahkeme heyetine seslenen M\u00fccella Yap\u0131c\u0131, \u201c8 \u00e7ocu\u011fun yan\u0131nda benim 18 y\u0131l yatmam\u0131n ne anlam\u0131 var. V\u0131z gelir t\u0131r\u0131s gider\u201d ifadelerini kulland\u0131.<\/p>\n<p>Duru\u015fma savc\u0131s\u0131 daha \u00f6nce verdi\u011fi m\u00fctalaas\u0131n\u0131 tekrar etti. Gezi Davas\u0131&#8217;nda karar duru\u015fmas\u0131 \u00f6ncesi \u00c7a\u011flayan Adliyesi&#8217;nde siyasi parti ve sivil toplum \u00f6rg\u00fctleri temsilcilerinin kat\u0131l\u0131m\u0131yla bas\u0131n a\u00e7\u0131klamas\u0131 yap\u0131ld\u0131.<\/p>\n<p>Karar duru\u015fmas\u0131 \u00f6ncesi adliye \u00f6n\u00fcnde bas\u0131n a\u00e7\u0131klamas\u0131 yapan Taksim Dayan\u0131\u015fmas\u0131, &#8220;\u00dclke tarihinde bir onur sayfas\u0131 olan Gezi Direni\u015fi&#8217;ni karalama \u00e7abas\u0131ndan derhal vazge\u00e7in. Herkesi Gezi&#8217;nin ger\u00e7ek tarihine sahip \u00e7\u0131kmaya \u00e7a\u011f\u0131r\u0131yoruz. Hep birlikte bask\u0131lara direnmenin yolu Gezi&#8217;nin ger\u00e7ek tarihine sahip \u00e7\u0131kmakt\u0131r. Gezi yarg\u0131lanamaz\u201d denildi.<\/p>\n<p>Osman Kavala&#8217;n\u0131n e\u015fi Ay\u015fe Bu\u011fra, CHP Grup Ba\u015fkanvekili \u00d6zg\u00fcr \u00d6zel, yabanc\u0131 konsolosluk temsilcileri, \u00e7ok say\u0131da gazeteci de duru\u015fmay\u0131 takip etti.<\/p>\n<p><strong>T\u00fcrkiye \u0130\u015f\u00e7i Partisi \u0130stanbul Milletvekili Ahmet \u015e\u0131k:<\/strong><\/p>\n<p>&nbsp;\u201cBug\u00fcn buradan beraat karar\u0131 \u00e7\u0131ksa da bu hukuki olmayacakt\u0131. Bu su\u00e7 \u00f6rg\u00fct\u00fc iktidarda kalmaya devam ettik\u00e7e, bu tetik\u00e7iler bu aymazl\u0131kla, bu utanmazl\u0131kla bu kararlar\u0131n alt\u0131na imza atabiliyorlarsa, bunun sorumlusu kendine muhalif oldu\u011funu s\u00f6yleyenlerdir. \u0130tiraz etmeyen herkes bu karar\u0131n sorumlusudur.\u201d<\/p>\n<div id=\"briti-3757474706\" class=\"briti-icerikten-sonra_2\" style=\"margin-top: 25px;margin-bottom: 25px;\"><a href=\"https:\/\/wa.me\/message\/NDZLLIOQT4H3O1\" aria-label=\"bytv reklam banner\"><img loading=\"lazy\" decoding=\"async\" src=\"https:\/\/by-tv.co.uk\/wp-content\/uploads\/2025\/12\/bytv-reklam-banner.jpg\" alt=\"\"  width=\"2376\" height=\"1008\"   \/><\/a><\/div>","protected":false},"excerpt":{"rendered":"<p>\u0130stanbul 13\u2019\u00fcnc\u00fc A\u011f\u0131r Ceza Mahkemesi&#8217;nde ge\u00e7ti\u011fimiz cuma g\u00fcn\u00fc g\u00f6r\u00fclmeye ba\u015flanan Gezi Davas\u0131&#8217;n\u0131n karar duru\u015fmas\u0131nda ceza ya\u011fd\u0131. Daha \u00f6nce AKP\u2019den milletvekili aday aday\u0131 olan bir hakimin de yer ald\u0131\u011f\u0131 heyet, 4,5 y\u0131ld\u0131r tutuklu olan i\u015f insan\u0131 Osman Kavala&#8217;ya a\u011f\u0131rla\u015ft\u0131r\u0131lm\u0131\u015f m\u00fcebbet hapis cezas\u0131 verdi. M\u00fccella Yap\u0131c\u0131, \u00c7i\u011fdem Mater, Hakan Alt\u0131nay, Mine \u00d6zerden, Can Atalay, Tayfun Kahraman, Yi\u011fit Ali Ekmek\u00e7i&#8217;ye 18\u2019er y\u0131l hapis cezas\u0131 veren mahkeme, tutuklanmalar\u0131na karar verdi. M\u00fccella Yap\u0131c\u0131 ve Can Atalay&#8217;\u0131n duru\u015fma salonunda tutuklanmak istenmesine ise Atalay &#8220;yak\u0131nlar\u0131m\u0131zla vedala\u015fmak itiyoruz&#8221; diyerek tepki g\u00f6sterdi. M\u00fctalaada ayr\u0131ca, haklar\u0131nda yakalama karar\u0131 bulunan ve &#8220;olaylar\u0131n organizat\u00f6rleri olduklar\u0131&#8221; \u00f6ne s\u00fcr\u00fclen san\u0131klar Ay\u015fe P\u0131nar Alabora, Henry [&hellip;]<\/p>\n","protected":false},"author":1,"featured_media":15073,"comment_status":"open","ping_status":"open","sticky":false,"template":"","format":"standard","meta":{"ngg_post_thumbnail":0,"footnotes":""},"categories":[1],"tags":[4266,4267],"class_list":["post-15072","post","type-post","status-publish","format-standard","has-post-thumbnail","hentry","category-genel","tag-gezi-davasi","tag-osman-kavala"],"_links":{"self":[{"href":"https:\/\/by-tv.co.uk\/en\/wp-json\/wp\/v2\/posts\/15072","targetHints":{"allow":["GET"]}}],"collection":[{"href":"https:\/\/by-tv.co.uk\/en\/wp-json\/wp\/v2\/posts"}],"about":[{"href":"https:\/\/by-tv.co.uk\/en\/wp-json\/wp\/v2\/types\/post"}],"author":[{"embeddable":true,"href":"https:\/\/by-tv.co.uk\/en\/wp-json\/wp\/v2\/users\/1"}],"replies":[{"embeddable":true,"href":"https:\/\/by-tv.co.uk\/en\/wp-json\/wp\/v2\/comments?post=15072"}],"version-history":[{"count":0,"href":"https:\/\/by-tv.co.uk\/en\/wp-json\/wp\/v2\/posts\/15072\/revisions"}],"wp:featuredmedia":[{"embeddable":true,"href":"https:\/\/by-tv.co.uk\/en\/wp-json\/wp\/v2\/media\/15073"}],"wp:attachment":[{"href":"https:\/\/by-tv.co.uk\/en\/wp-json\/wp\/v2\/media?parent=15072"}],"wp:term":[{"taxonomy":"category","embeddable":true,"href":"https:\/\/by-tv.co.uk\/en\/wp-json\/wp\/v2\/categories?post=15072"},{"taxonomy":"post_tag","embeddable":true,"href":"https:\/\/by-tv.co.uk\/en\/wp-json\/wp\/v2\/tags?post=15072"}],"curies":[{"name":"wp","href":"https:\/\/api.w.org\/{rel}","templated":true}]}}