{"id":14759,"date":"2022-03-27T16:46:19","date_gmt":"2022-03-27T15:46:19","guid":{"rendered":"https:\/\/by-tv.co.uk\/?p=14759"},"modified":"2022-03-27T16:46:19","modified_gmt":"2022-03-27T15:46:19","slug":"bir-dakika-britanya-ile-ingiltere-guncel-haberler-27-mart-2022","status":"publish","type":"post","link":"https:\/\/by-tv.co.uk\/en\/bir-dakika-britanya-ile-ingiltere-guncel-haberler-27-mart-2022\/","title":{"rendered":"Bir Dakika Britanya ile \u0130ngiltere g\u00fcncel haberler, 27 Mart 2022"},"content":{"rendered":"<p style=\"text-align: left;\">\u0130ngiltere g\u00fcncel haberler #birdakikabritanya<br \/>\nBritanya g\u00fcndeminin 60 saniyelik \u00f6zeti<\/p>\n<p><strong>\u2b55\ufe0f ARABADA TELEFON TUTMAK DAH\u0130 YASAK<\/strong><b><\/b><\/p>\n<p><span style=\"font-weight: 400;\">\u0130ngiltere\u2019de 25 Mart itibariyle; araba veya motosiklet s\u00fcrerken; telefon, tablet, navigasyon cihaz\u0131 veya veri g\u00f6nderip alabilen herhangi bir cihaz\u0131 tutar ve kullan\u0131rsan\u0131z 6 ceza puan\u0131 ve 1000 sterline kadar para cezas\u0131 alabilirsiniz. Son 2 y\u0131lda ehliyet s\u0131nav\u0131n\u0131 ge\u00e7tiyseniz ehliyetinizi de kaybedersiniz .S\u00fcr\u00fcc\u00fclerin s\u00fcr\u00fc\u015f s\u0131ras\u0131nda neredeyse her ko\u015fulda elde ta\u015f\u0131n\u0131r cep telefonu kullanmas\u0131 art\u0131k yasa d\u0131\u015f\u0131d\u0131r.<\/span><b><\/b><br \/>\n<iframe loading=\"lazy\" title=\"YouTube video player\" src=\"https:\/\/www.youtube.com\/embed\/ipWE0CPfL_g\" width=\"783\" height=\"715\" frameborder=\"0\" allowfullscreen=\"allowfullscreen\"><\/iframe><br \/>\n<strong>\u2b55\ufe0f HMRC; DOLANDIRICILARIN PE\u015e\u0130NE D\u00dc\u015eT\u00dc<\/strong><b><\/b><\/p><div id=\"briti-2772893567\" class=\"briti-icerik\" style=\"margin-top: 5px;margin-bottom: 5px;\"><a href=\"https:\/\/piaryum.com\/services\/\" aria-label=\"piaryum banner\"><img loading=\"lazy\" decoding=\"async\" src=\"https:\/\/by-tv.co.uk\/wp-content\/uploads\/2025\/12\/Gemini_Generated_Image_g5yqr1g5yqr1g5yq.jpg\" alt=\"\"  width=\"2064\" height=\"1152\"   \/><\/a><\/div>\n<p><span style=\"font-weight: 400;\">\u0130ngiltere Gelir ve G\u00fcmr\u00fck \u0130daresi(HMRC); pandemi d\u00f6nemindeki, yanl\u0131\u015f beyan, doland\u0131r\u0131c\u0131l\u0131k ve hatal\u0131 \u00f6demeler nedeniyle kamu maliyesinde ortaya \u00e7\u0131kan 15 milyar sterlin de\u011ferindeki kay\u0131p i\u00e7in soru\u015fturmalar\u0131 h\u0131zland\u0131rd\u0131. Sosyal mesafe \u00f6nlemleri kald\u0131r\u0131ld\u0131k\u00e7a; soru\u015fturma alt\u0131ndaki ki\u015filer bizzat ziyaret ediliyor ve m\u00fclklerde incelemeler artt\u0131r\u0131ld\u0131. HMRC, kaybedilen pandemi gelirini telafi etmek i\u00e7in her g\u00fcn 1.000&#8217;den fazla yeni soru\u015fturma ba\u015flat\u0131yor.<\/span><\/p>\n<p><strong>\u2b55\ufe0f TRUSS; YAPTIRIM KALDIRMA \u015eARTINI A\u00c7IKLADI<\/strong><b><\/b><\/p>\n<p><span style=\"font-weight: 400;\">\u0130ngiltere D\u0131\u015fi\u015fleri Bakan\u0131 Liz Truss; &#8216;tam bir ate\u015fkes ve geri \u00e7ekilme&#8217; durumunda Rus bankalar\u0131na, firmalar\u0131na ve oligarklar\u0131na y\u00f6nelik yapt\u0131r\u0131mlar\u0131n kald\u0131r\u0131labilece\u011fini s\u00f6yledi.<\/span><b><\/b><\/p>\n<p><strong>\u2b55\ufe0f OKUL SAATLER\u0130 UZAYAB\u0130L\u0130R<\/strong><b><\/b><\/p>\n<p><span style=\"font-weight: 400;\">\u0130ngiltere\u2019deki t\u00fcm okullar\u0131n, bu hafta yay\u0131nlanacak olan h\u00fck\u00fcmet planlar\u0131na g\u00f6re haftada en az 32,5 saat a\u00e7\u0131k kalmas\u0131 planlan\u0131yor.&nbsp; Bakanlar, \u00e7ocuklar\u0131n Covid salg\u0131n\u0131 s\u0131ras\u0131nda kaybedilen \u00f6\u011frenme s\u00fcresini yakalamalar\u0131na yard\u0131mc\u0131 olmak i\u00e7in okul g\u00fcn\u00fcn\u00fc uzatma i\u00e7in 8,45 ile 15:15 aras\u0131nda okullar\u0131n a\u00e7\u0131k kalmas\u0131 gerekti\u011fini savunuyor.<\/span><\/p>\n<p><span style=\"font-weight: 400;\">G\u00fcnde 20 dakika daha az e\u011fitim s\u00fcresi alan bir \u00e7ocuk, y\u0131lda yakla\u015f\u0131k iki haftal\u0131k e\u011fitimden kaybeder. Okullar\u0131n % 14\u2019\u00fcnde 32.5 saatten az e\u011fitim verildi\u011fi belirtiliyor.<\/span><b><\/b><\/p>\n<p><span style=\"font-weight: 400;\">#ingiltere #hmrc #okulsaatleri #ingilteree\u011fitim #telefonyasa\u011f\u0131 #ingiltereehliyet #londra #ehliyetkural\u0131 #paracezas\u0131&nbsp;<\/span><\/p>\n<div class=\"\" data-block=\"true\" data-editor=\"ehltf\" data-offset-key=\"2qgai-0-0\">\n<div class=\"_1mf _1mj\" data-offset-key=\"2qgai-0-0\">\n<h5 style=\"text-align: left;\"><a href=\"https:\/\/by-tv.co.uk\/en\/?s=bir+dakika+britanya\"><strong>Bir Dakika Britanya<\/strong><\/a><\/h5>\n<p style=\"text-align: left;\">Bir Dakika Britanya b\u00fcltenine reklam vermek i\u00e7in hemen aray\u0131n veya WhatsApp\u2019tan mesaj at\u0131n biz sizi arayal\u0131m! <a href=\"https:\/\/api.whatsapp.com\/message\/NDZLLIOQT4H3O1\" target=\"_blank\" rel=\"noopener\">07857359643<\/a><\/p>\n<p style=\"text-align: left;\"><strong><a href=\"https:\/\/api.whatsapp.com\/message\/NDZLLIOQT4H3O1\" target=\"_blank\" rel=\"noopener\">WhatsApp\u2019tan Ara veya Mesaj G\u00f6nder!<\/a><\/strong><\/p>\n<h4 style=\"text-align: left;\">Neden Brit \u0130\u015f Ya\u015fam TV?<\/h4>\n<p style=\"text-align: left;\">Brit \u0130\u015f Ya\u015fam TV; ad\u0131ndan da anla\u015f\u0131laca\u011f\u0131 gibi daha \u00e7ok \u0130ngiltere\u2019deki ve a\u011f\u0131rl\u0131kl\u0131 olarak Ba\u015fkent Londra\u2019daki i\u015f ve ya\u015fam haberlerine odaklanm\u0131\u015f \u0130ngiltere\u2019de T\u00fcrk\u00e7e yay\u0131n yapan tematik bir haber sitesidir. Haber sitemizde ve sosyal medya hesaplar\u0131m\u0131zda abart\u0131l\u0131, yan\u0131lt\u0131c\u0131, toplumu geren, mesnetsiz ve sa\u011flam kaynaklara dayanmayan haberlerden ka\u00e7\u0131n\u0131yoruz. \u0130ngiltere g\u00fcncel haberleri hafta i\u00e7i her g\u00fcn ekran\u0131n\u0131za getiriyoruz.<\/p>\n<p style=\"text-align: left;\">\ud83d\udde8\ufe0fHer hafta \u0130ngiltere\u2019deki yat\u0131r\u0131m f\u0131rsatlar\u0131n\u0131, yat\u0131r\u0131m iklimini ve ticaret yapman\u0131n p\u00fcf noktalar\u0131n\u0131n yer ald\u0131\u011f\u0131 ve Genel Yay\u0131n Y\u00f6netmenimiz&nbsp;<strong><a href=\"https:\/\/www.linkedin.com\/in\/erginbbo\/\" target=\"_blank\" rel=\"noopener\">Ergin Balabeyo\u011flu<\/a><\/strong>&nbsp;ve Yay\u0131n Dan\u0131\u015fman\u0131m\u0131z, T\u00fcrk \u0130ngiliz Ticaret ve Sanayi Odas\u0131 Y\u00f6netim Kurulu \u00dcyesi&nbsp;<strong><a href=\"https:\/\/www.linkedin.com\/in\/kemal-sidar\/\" target=\"_blank\" rel=\"noopener\">Kemal Sidar\u2019<\/a><\/strong>\u0131n ortakla\u015fa haz\u0131rlad\u0131\u011f\u0131<strong><a href=\"https:\/\/by-tv.co.uk\/en\/ingilterede-is-ve-yatirim-ev-tekstili-sektoru-17-bolum\/\">&nbsp;\u201c\u0130ngiltere\u2019de \u0130\u015f ve Yat\u0131r\u0131m\u201d<\/a>&nbsp;<\/strong>&nbsp;program\u0131 \u0130ngiltere\u2019de i\u015f ve yat\u0131r\u0131m yapmak isteyenlere \u00f6nemli bir rehber haline geldi. 20 b\u00f6l\u00fcmden fazla haz\u0131rlanan programda tekstilden g\u0131daya, ula\u015f\u0131mdan lojisti\u011fe, payla\u015f\u0131m ekonomisinden e-ticarete kadar onlarca konuda uzman konuklar yer ald\u0131.<\/p>\n<h4 style=\"text-align: left;\">Bir Dakika Britanya<\/h4>\n<p style=\"text-align: left;\">1 Aral\u0131k 2020\u2019de ilk yay\u0131n\u0131na ba\u015flad\u0131\u011f\u0131m\u0131z<a href=\"https:\/\/www.instagram.com\/p\/CRaKX80KzmV\/\" target=\"_blank\" rel=\"noopener\"><strong>&nbsp;\u201cBir Dakika Britanya\u201d<\/strong>&nbsp;<\/a>ile hafta i\u00e7i her g\u00fcn g\u00fcncel konular\u0131ndan olu\u015fan k\u0131sa bir b\u00fclten yay\u0131nl\u0131yoruz. Bu b\u00fcltende uygulad\u0131\u011f\u0131m\u0131z bant reklam format\u0131 ile reklam veren ki\u015fi ve kurumlar tek videoda binlerce ki\u015fiye ula\u015f\u0131yor. Bir Dakika Britanya ile \u0130ngiltere g\u00fcncel haberleri ka\u00e7\u0131rmay\u0131n.&nbsp;<\/p>\n<div id=\"attachment_11940\" style=\"width: 2570px\" class=\"wp-caption alignleft\"><img loading=\"lazy\" decoding=\"async\" aria-describedby=\"caption-attachment-11940\" class=\"wp-image-11940 size-full\" src=\"https:\/\/by-tv.co.uk\/wp-content\/uploads\/2021\/07\/Facebook-Cover-new-scaled.jpg\" alt=\"\" width=\"2560\" height=\"948\" title=\"\"><p id=\"caption-attachment-11940\" class=\"wp-caption-text\">\u0130ngiltere g\u00fcncel haberler, Bir Dakika Britanya ile hafta i\u00e7i her g\u00fcn yay\u0131nda.<\/p><\/div>\n<h4 style=\"text-align: left;\">\u0130ngiltere ve Londra Seri \u0130lanlar<\/h4>\n<p style=\"text-align: left;\">Hem grafik reklamlar\u0131n\u0131z hem de video bant reklamlar\u0131n\u0131z i\u00e7in kreatif ekibimiz imdad\u0131n\u0131za yeti\u015fiyor. Teklif almak i\u00e7in hemen bizi aray\u0131n !&nbsp;<strong><a href=\"https:\/\/api.whatsapp.com\/message\/NDZLLIOQT4H3O1\" target=\"_blank\" rel=\"noopener\">07857359643<\/a><\/strong><\/p>\n<p style=\"text-align: left;\">\u0130ngiltere son dakika g\u00fcncel haberler<\/p>\n<p style=\"text-align: left;\">#ingilteret\u00fcrkleri #yurtd\u0131\u015f\u0131e\u011fitim #londral\u0131t\u00fcrkler #londra #londratvprogram #ingilteret\u00fcrkiye #t\u00fcrkiyeingiltere #londrae\u011fitim #ingilteree\u011fitim #ankaraanla\u015fmas\u0131 #yurtd\u0131\u015f\u0131vize #isko\u00e7ya #galler #kuzeyirlanda #cardiff #edinburgh #kraliyetailesi #birle\u015fikkrall\u0131k #birdakikabritanya<\/p>\n<div id=\"attachment_14051\" style=\"width: 1610px\" class=\"wp-caption alignleft\"><img loading=\"lazy\" decoding=\"async\" aria-describedby=\"caption-attachment-14051\" class=\"wp-image-14051 size-full\" src=\"https:\/\/by-tv.co.uk\/wp-content\/uploads\/2022\/01\/WhatsApp-Image-2022-01-17-at-16.20.46-1.jpeg\" alt=\"\" width=\"1600\" height=\"899\" title=\"\"><p id=\"caption-attachment-14051\" class=\"wp-caption-text\">\u0130ngiltere g\u00fcncel haberler<\/p><\/div>\n<\/div>\n<\/div>\n<div id=\"briti-3430542516\" class=\"briti-icerikten-sonra_2\" style=\"margin-top: 25px;margin-bottom: 25px;\"><a href=\"https:\/\/wa.me\/message\/NDZLLIOQT4H3O1\" aria-label=\"bytv reklam banner\"><img loading=\"lazy\" decoding=\"async\" src=\"https:\/\/by-tv.co.uk\/wp-content\/uploads\/2025\/12\/bytv-reklam-banner.jpg\" alt=\"\"  width=\"2376\" height=\"1008\"   \/><\/a><\/div>","protected":false},"excerpt":{"rendered":"<p>\u0130ngiltere g\u00fcncel haberler #birdakikabritanya Britanya g\u00fcndeminin 60 saniyelik \u00f6zeti \u2b55\ufe0f ARABADA TELEFON TUTMAK DAH\u0130 YASAK \u0130ngiltere\u2019de 25 Mart itibariyle; araba veya motosiklet s\u00fcrerken; telefon, tablet, navigasyon cihaz\u0131 veya veri g\u00f6nderip alabilen herhangi bir cihaz\u0131 tutar ve kullan\u0131rsan\u0131z 6 ceza puan\u0131 ve 1000 sterline kadar para cezas\u0131 alabilirsiniz. Son 2 y\u0131lda ehliyet s\u0131nav\u0131n\u0131 ge\u00e7tiyseniz ehliyetinizi de kaybedersiniz .S\u00fcr\u00fcc\u00fclerin s\u00fcr\u00fc\u015f s\u0131ras\u0131nda neredeyse her ko\u015fulda elde ta\u015f\u0131n\u0131r cep telefonu kullanmas\u0131 art\u0131k yasa d\u0131\u015f\u0131d\u0131r. \u2b55\ufe0f HMRC; DOLANDIRICILARIN PE\u015e\u0130NE D\u00dc\u015eT\u00dc \u0130ngiltere Gelir ve G\u00fcmr\u00fck \u0130daresi(HMRC); pandemi d\u00f6nemindeki, yanl\u0131\u015f beyan, doland\u0131r\u0131c\u0131l\u0131k ve hatal\u0131 \u00f6demeler nedeniyle kamu maliyesinde ortaya \u00e7\u0131kan 15 milyar sterlin de\u011ferindeki kay\u0131p i\u00e7in soru\u015fturmalar\u0131 [&hellip;]<\/p>\n","protected":false},"author":1,"featured_media":14760,"comment_status":"open","ping_status":"open","sticky":false,"template":"","format":"standard","meta":{"ngg_post_thumbnail":0,"footnotes":""},"categories":[1],"tags":[4200,149],"class_list":["post-14759","post","type-post","status-publish","format-standard","has-post-thumbnail","hentry","category-genel","tag-arabada-telefon-yasagi","tag-ingiltere"],"_links":{"self":[{"href":"https:\/\/by-tv.co.uk\/en\/wp-json\/wp\/v2\/posts\/14759","targetHints":{"allow":["GET"]}}],"collection":[{"href":"https:\/\/by-tv.co.uk\/en\/wp-json\/wp\/v2\/posts"}],"about":[{"href":"https:\/\/by-tv.co.uk\/en\/wp-json\/wp\/v2\/types\/post"}],"author":[{"embeddable":true,"href":"https:\/\/by-tv.co.uk\/en\/wp-json\/wp\/v2\/users\/1"}],"replies":[{"embeddable":true,"href":"https:\/\/by-tv.co.uk\/en\/wp-json\/wp\/v2\/comments?post=14759"}],"version-history":[{"count":0,"href":"https:\/\/by-tv.co.uk\/en\/wp-json\/wp\/v2\/posts\/14759\/revisions"}],"wp:featuredmedia":[{"embeddable":true,"href":"https:\/\/by-tv.co.uk\/en\/wp-json\/wp\/v2\/media\/14760"}],"wp:attachment":[{"href":"https:\/\/by-tv.co.uk\/en\/wp-json\/wp\/v2\/media?parent=14759"}],"wp:term":[{"taxonomy":"category","embeddable":true,"href":"https:\/\/by-tv.co.uk\/en\/wp-json\/wp\/v2\/categories?post=14759"},{"taxonomy":"post_tag","embeddable":true,"href":"https:\/\/by-tv.co.uk\/en\/wp-json\/wp\/v2\/tags?post=14759"}],"curies":[{"name":"wp","href":"https:\/\/api.w.org\/{rel}","templated":true}]}}