{"id":14368,"date":"2022-02-17T20:38:04","date_gmt":"2022-02-17T20:38:04","guid":{"rendered":"https:\/\/by-tv.co.uk\/?p=14368"},"modified":"2022-02-17T20:38:48","modified_gmt":"2022-02-17T20:38:48","slug":"megastar-tarkanin-geccek-sarkisinin-klibi-yayinlandi-dus-babam-artik-dus-yakamizdan","status":"publish","type":"post","link":"https:\/\/by-tv.co.uk\/en\/megastar-tarkanin-geccek-sarkisinin-klibi-yayinlandi-dus-babam-artik-dus-yakamizdan\/","title":{"rendered":"Megastar Tarkan&#8217;\u0131n &#8220;Ge\u00e7\u00e7ek&#8221; \u015fark\u0131s\u0131n\u0131n klibi yay\u0131nland\u0131: D\u00fc\u015f babam art\u0131k d\u00fc\u015f yakam\u0131zdan!"},"content":{"rendered":"<p>Megastar #Tarkan&#8217;\u0131n &#8220;#Ge\u00e7\u00e7ek&#8221; \u015fark\u0131s\u0131n\u0131n klibi yay\u0131nland\u0131. Yay\u0131n sonras\u0131 \u015fark\u0131n\u0131n s\u00f6zleri sosyal medyada g\u00fcndem oldu.<\/p>\n<p>&#8220;Geldi\u011fi gibi git\u00e7ek, her \u015feyin sonu var bu \u00e7ile de bit\u00e7ek, hadi yeter art\u0131k fena bunald\u0131k, d\u00fc\u015f babam art\u0131k d\u00fc\u015f yakam\u0131zdan&#8230;&#8221;<\/p>\n<p><iframe loading=\"lazy\" title=\"TARKAN \u2013 Ge\u00e7\u00e7ek\" width=\"1200\" height=\"675\" src=\"https:\/\/www.youtube.com\/embed\/R6gSMSYKhKU?feature=oembed\" frameborder=\"0\" allow=\"accelerometer; autoplay; clipboard-write; encrypted-media; gyroscope; picture-in-picture\" allowfullscreen><\/iframe><\/p>\n<p>Son alb\u00fcm\u00fcn\u00fc 2017 y\u0131l\u0131nda yay\u0131nlayan Tarkan, yeni \u015fark\u0131s\u0131 Ge\u00e7\u00e7ek&#8217;in 17 \u015eubat&#8217;ta hayranlar\u0131yla bulu\u015faca\u011f\u0131n\u0131 a\u00e7\u0131klam\u0131\u015ft\u0131. &#8220;Ge\u00e7\u00e7ek&#8221; adl\u0131 \u015fark\u0131s\u0131n\u0131n klibi 21:00&#8217;da Youtube&#8217;da yay\u0131nland\u0131. S\u00f6z-m\u00fczi\u011fi Tarkan&#8217;a ait olan \u015fark\u0131n\u0131n d\u00fczenlemesini Ozan \u00c7olako\u011flu yapt\u0131.<\/p><div id=\"briti-684366426\" class=\"briti-icerik\" style=\"margin-top: 5px;margin-bottom: 5px;\"><a href=\"https:\/\/piaryum.com\/services\/\" aria-label=\"piaryum banner\"><img loading=\"lazy\" decoding=\"async\" src=\"https:\/\/by-tv.co.uk\/wp-content\/uploads\/2025\/12\/Gemini_Generated_Image_g5yqr1g5yqr1g5yq.jpg\" alt=\"\"  width=\"2064\" height=\"1152\"   \/><\/a><\/div>\n<blockquote class=\"twitter-tweet\">\n<p dir=\"ltr\" lang=\"tr\">\u00c7o\u011fu gitti <a href=\"https:\/\/twitter.com\/hashtag\/AzKald%C4%B1?src=hash&amp;ref_src=twsrc%5Etfw\" target=\"_blank\" rel=\"noopener\">#AzKald\u0131<\/a>. <a href=\"https:\/\/t.co\/WVLJiucMcx\">https:\/\/t.co\/WVLJiucMcx<\/a><\/p>\n<p>\u2014 Meral Ak\u015fener (@meral_aksener) <a href=\"https:\/\/twitter.com\/meral_aksener\/status\/1494383615391809541?ref_src=twsrc%5Etfw\" target=\"_blank\" rel=\"noopener\">February 17, 2022<\/a><\/p><\/blockquote>\n<p><script async=\"\" src=\"https:\/\/platform.twitter.com\/widgets.js\" charset=\"utf-8\"><\/script><br \/>\nTarkan&#8217;\u0131n \u015fark\u0131s\u0131n\u0131 \u00e7ok say\u0131da siyasi ki\u015fi de payla\u015ft\u0131.<\/p>\n<p>\u0130zmir B\u00fcy\u00fck\u015fehir Belediye Ba\u015fkan\u0131 Tun\u00e7 Soyer &#8220;Sevgili @tarkan\u2019\u0131n s\u00f6yledi\u011fi gibi \u201cO \u00e7i\u00e7ekten g\u00fcnler \u00e7ok yak\u0131nda\u201d.<\/p>\n<p>Ge\u00e7\u00e7ek ge\u00e7\u00e7ek\ud83d\ude0a s\u00f6zleriyle payla\u015ft\u0131.<\/p>\n<blockquote class=\"twitter-tweet\">\n<p dir=\"ltr\" lang=\"tr\">Klip yay\u0131nda\u2026<br \/>\nYouTube kanal\u0131mda\ud83d\ude09<a href=\"https:\/\/t.co\/XRyVRzCkLJ\">https:\/\/t.co\/XRyVRzCkLJ<\/a><a href=\"https:\/\/twitter.com\/hashtag\/Ge%C3%A7%C3%A7ek?src=hash&amp;ref_src=twsrc%5Etfw\" target=\"_blank\" rel=\"noopener\">#Ge\u00e7\u00e7ek<\/a> <a href=\"https:\/\/twitter.com\/hashtag\/YoutubeShorts?src=hash&amp;ref_src=twsrc%5Etfw\" target=\"_blank\" rel=\"noopener\">#YoutubeShorts<\/a> \ud83d\ude18 <a href=\"https:\/\/t.co\/VsoqmbYJjg\">pic.twitter.com\/VsoqmbYJjg<\/a><\/p>\n<p>\u2014 Tarkan (@tarkan) <a href=\"https:\/\/twitter.com\/tarkan\/status\/1494372555662233607?ref_src=twsrc%5Etfw\" target=\"_blank\" rel=\"noopener\">February 17, 2022<\/a><\/p><\/blockquote>\n<p><script async=\"\" src=\"https:\/\/platform.twitter.com\/widgets.js\" charset=\"utf-8\"><\/script><\/p>\n<h4>Tarkan&#8217;\u0131n yeni \u015fark\u0131s\u0131n\u0131n s\u00f6zleri \u015fu \u015fekilde:<\/h4>\n<p>Hep k\u00f6\u015feye s\u0131k\u0131\u015ft\u0131rmad\u0131 m\u0131?<br \/>\nDaha \u00f6nce de sanki<br \/>\nS\u0131rt\u0131m\u0131zdan vurmad\u0131 m\u0131?<br \/>\nBu ka\u00e7\u0131nc\u0131 darbe ilk de\u011fil ki<br \/>\nD\u00fc\u015ft\u00fck evet ama kalkmad\u0131k m\u0131?<br \/>\nBiz hep hayata meydan okumad\u0131k m\u0131?<br \/>\nSen ferah tut i\u00e7ini<br \/>\nBiz neleri atlatmad\u0131k ki<\/p>\n<blockquote class=\"twitter-tweet\">\n<p dir=\"ltr\" lang=\"tr\">Klip yay\u0131nda\u2026<br \/>\nYouTube kanal\u0131mda\ud83d\ude09<a href=\"https:\/\/t.co\/XRyVRzCkLJ\">https:\/\/t.co\/XRyVRzCkLJ<\/a><a href=\"https:\/\/twitter.com\/hashtag\/Ge%C3%A7%C3%A7ek?src=hash&amp;ref_src=twsrc%5Etfw\" target=\"_blank\" rel=\"noopener\">#Ge\u00e7\u00e7ek<\/a> <a href=\"https:\/\/twitter.com\/hashtag\/YoutubeShorts?src=hash&amp;ref_src=twsrc%5Etfw\" target=\"_blank\" rel=\"noopener\">#YoutubeShorts<\/a> \ud83d\ude18 <a href=\"https:\/\/t.co\/VsoqmbYJjg\">pic.twitter.com\/VsoqmbYJjg<\/a><\/p>\n<p>\u2014 Tarkan (@tarkan) <a href=\"https:\/\/twitter.com\/tarkan\/status\/1494372555662233607?ref_src=twsrc%5Etfw\" target=\"_blank\" rel=\"noopener\">February 17, 2022<\/a><\/p><\/blockquote>\n<p><script async=\"\" src=\"https:\/\/platform.twitter.com\/widgets.js\" charset=\"utf-8\"><\/script><br \/>\nGe\u00e7\u00e7ek ge\u00e7\u00e7ek elbet bu da ge\u00e7\u00e7ek<br \/>\nG\u00f6r bak umudun g\u00fcn\u00fcn\u00fc g\u00fcn et\u00e7ek<br \/>\nOh oh zilleri tak\u0131p oyn\u0131ycaz o zaman<br \/>\nO \u00e7i\u00e7ekten g\u00fcnler \u00e7ok yak\u0131n inan<br \/>\nGit\u00e7ek git\u00e7ek geldi\u011fi gibi git\u00e7ek<br \/>\nHer \u015feyin sonu var, bu \u00e7ile de bit\u00e7ek<br \/>\nOh oh zilleri tak\u0131p oyn\u0131ycaz o zaman<br \/>\nO \u00e7i\u00e7ekten g\u00fcnler \u00e7ok yak\u0131n inan<br \/>\nDayan, \u00e7o\u011fu gitti az\u0131 kald\u0131<br \/>\nYapma! G\u00fcze, k\u0131\u015fa bo\u011fma yaz\u0131n\u0131<br \/>\nYak\u0131nd\u0131r sabr\u0131n zaferi<br \/>\nD\u00fc\u015ft\u00fck evet ama kalkmad\u0131k m\u0131?<br \/>\nBiz hep hayata meydan okumad\u0131k m\u0131?<br \/>\nSen ferah tut i\u00e7ini Biz neleri atlatmad\u0131k ki<\/p>\n<blockquote class=\"twitter-tweet\">\n<p dir=\"ltr\" lang=\"tr\">O \u00e7i\u00e7ekten g\u00fcnler \u00e7ok yak\u0131n inan\ud83c\udf40\u2600\ufe0f<\/p>\n<p>M\u00fccadelemizle <a href=\"https:\/\/twitter.com\/hashtag\/ge%C3%A7%C3%A7ek?src=hash&amp;ref_src=twsrc%5Etfw\" target=\"_blank\" rel=\"noopener\">#ge\u00e7\u00e7ek<\/a> <a href=\"https:\/\/t.co\/aVLx6Ab4cW\">pic.twitter.com\/aVLx6Ab4cW<\/a><\/p>\n<p>\u2014 Kad\u0131n Meclisleri (@kadinmeclisleri) <a href=\"https:\/\/twitter.com\/kadinmeclisleri\/status\/1494389995192336386?ref_src=twsrc%5Etfw\" target=\"_blank\" rel=\"noopener\">February 17, 2022<\/a><\/p><\/blockquote>\n<p><script async=\"\" src=\"https:\/\/platform.twitter.com\/widgets.js\" charset=\"utf-8\"><\/script><br \/>\nGe\u00e7\u00e7ek ge\u00e7\u00e7ek elbet bu da ge\u00e7\u00e7ek<br \/>\nG\u00f6r bak umudun g\u00fcn\u00fcn\u00fc g\u00fcn et\u00e7ek<br \/>\nOh oh zilleri tak\u0131p oyn\u0131ycaz o zaman<br \/>\nO \u00e7i\u00e7ekten g\u00fcnler \u00e7ok yak\u0131n inan<br \/>\nGit\u00e7ek git\u00e7ek geldi\u011fi gibi git\u00e7ek<br \/>\nHer \u015feyin sonu var bu \u00e7ile de bit\u00e7ek<br \/>\nOh oh zilleri tak\u0131p oyn\u0131ycaz o zaman<br \/>\nO \u00e7i\u00e7ekten g\u00fcnler \u00e7ok yak\u0131n inan<br \/>\n\u00c7ok uzatt\u0131n vallahi b\u0131kt\u0131k<br \/>\nBi durmad\u0131n vermedin ki aman<br \/>\nHadi yeter art\u0131k fena bunald\u0131k<br \/>\nD\u00fc\u015f babam art\u0131k d\u00fc\u015f yakam\u0131zdan<br \/>\nVar bir hay\u0131r her \u015ferde dedik<br \/>\nOturduk bir dolu ders de \u00e7\u0131kartt\u0131k<br \/>\nAma yeter art\u0131k, anlad\u0131k tamam<br \/>\nD\u00fc\u015f babam art\u0131k d\u00fc\u015f yakam\u0131zdan<br \/>\nBeni sorarsan<br \/>\nBen de iyi de\u011filim pek<br \/>\nKalmad\u0131 eski ne\u015fem hi\u00e7<br \/>\nTad\u0131m tuzum yok pek<br \/>\nDar dar dar geliyor<br \/>\nRuhuma bedenim<br \/>\nHar har yan\u0131yorum<br \/>\nK\u00fcle d\u00f6nmek \u00fczereyim<br \/>\nBi suyun ak\u0131\u015f\u0131nday\u0131m<br \/>\nBi gidiyorum tersine<br \/>\nBi arkada\u015f\u0131m \u00fcmitle<br \/>\nBi aram a\u00e7\u0131k kaderle<br \/>\nLakin sabr\u0131n sonu selamettir beklerim<br \/>\nG\u00fcn do\u011fmadan neler do\u011far bilirim<\/p>\n<div id=\"briti-1336180149\" class=\"briti-icerikten-sonra_2\" style=\"margin-top: 25px;margin-bottom: 25px;\"><a href=\"https:\/\/wa.me\/message\/NDZLLIOQT4H3O1\" aria-label=\"bytv reklam banner\"><img loading=\"lazy\" decoding=\"async\" src=\"https:\/\/by-tv.co.uk\/wp-content\/uploads\/2025\/12\/bytv-reklam-banner.jpg\" alt=\"\"  width=\"2376\" height=\"1008\"   \/><\/a><\/div>","protected":false},"excerpt":{"rendered":"<p>Megastar #Tarkan&#8217;\u0131n &#8220;#Ge\u00e7\u00e7ek&#8221; \u015fark\u0131s\u0131n\u0131n klibi yay\u0131nland\u0131. Yay\u0131n sonras\u0131 \u015fark\u0131n\u0131n s\u00f6zleri sosyal medyada g\u00fcndem oldu. &#8220;Geldi\u011fi gibi git\u00e7ek, her \u015feyin sonu var bu \u00e7ile de bit\u00e7ek, hadi yeter art\u0131k fena bunald\u0131k, d\u00fc\u015f babam art\u0131k d\u00fc\u015f yakam\u0131zdan&#8230;&#8221; Son alb\u00fcm\u00fcn\u00fc 2017 y\u0131l\u0131nda yay\u0131nlayan Tarkan, yeni \u015fark\u0131s\u0131 Ge\u00e7\u00e7ek&#8217;in 17 \u015eubat&#8217;ta hayranlar\u0131yla bulu\u015faca\u011f\u0131n\u0131 a\u00e7\u0131klam\u0131\u015ft\u0131. &#8220;Ge\u00e7\u00e7ek&#8221; adl\u0131 \u015fark\u0131s\u0131n\u0131n klibi 21:00&#8217;da Youtube&#8217;da yay\u0131nland\u0131. S\u00f6z-m\u00fczi\u011fi Tarkan&#8217;a ait olan \u015fark\u0131n\u0131n d\u00fczenlemesini Ozan \u00c7olako\u011flu yapt\u0131. \u00c7o\u011fu gitti #AzKald\u0131. https:\/\/t.co\/WVLJiucMcx \u2014 Meral Ak\u015fener (@meral_aksener) February 17, 2022 Tarkan&#8217;\u0131n \u015fark\u0131s\u0131n\u0131 \u00e7ok say\u0131da siyasi ki\u015fi de payla\u015ft\u0131. \u0130zmir B\u00fcy\u00fck\u015fehir Belediye Ba\u015fkan\u0131 Tun\u00e7 Soyer &#8220;Sevgili @tarkan\u2019\u0131n s\u00f6yledi\u011fi gibi \u201cO \u00e7i\u00e7ekten g\u00fcnler \u00e7ok yak\u0131nda\u201d. Ge\u00e7\u00e7ek [&hellip;]<\/p>\n","protected":false},"author":1,"featured_media":14369,"comment_status":"open","ping_status":"open","sticky":false,"template":"","format":"standard","meta":{"ngg_post_thumbnail":0,"footnotes":""},"categories":[1],"tags":[4113,4114],"class_list":["post-14368","post","type-post","status-publish","format-standard","has-post-thumbnail","hentry","category-genel","tag-geccek","tag-tarkan"],"_links":{"self":[{"href":"https:\/\/by-tv.co.uk\/en\/wp-json\/wp\/v2\/posts\/14368","targetHints":{"allow":["GET"]}}],"collection":[{"href":"https:\/\/by-tv.co.uk\/en\/wp-json\/wp\/v2\/posts"}],"about":[{"href":"https:\/\/by-tv.co.uk\/en\/wp-json\/wp\/v2\/types\/post"}],"author":[{"embeddable":true,"href":"https:\/\/by-tv.co.uk\/en\/wp-json\/wp\/v2\/users\/1"}],"replies":[{"embeddable":true,"href":"https:\/\/by-tv.co.uk\/en\/wp-json\/wp\/v2\/comments?post=14368"}],"version-history":[{"count":0,"href":"https:\/\/by-tv.co.uk\/en\/wp-json\/wp\/v2\/posts\/14368\/revisions"}],"wp:featuredmedia":[{"embeddable":true,"href":"https:\/\/by-tv.co.uk\/en\/wp-json\/wp\/v2\/media\/14369"}],"wp:attachment":[{"href":"https:\/\/by-tv.co.uk\/en\/wp-json\/wp\/v2\/media?parent=14368"}],"wp:term":[{"taxonomy":"category","embeddable":true,"href":"https:\/\/by-tv.co.uk\/en\/wp-json\/wp\/v2\/categories?post=14368"},{"taxonomy":"post_tag","embeddable":true,"href":"https:\/\/by-tv.co.uk\/en\/wp-json\/wp\/v2\/tags?post=14368"}],"curies":[{"name":"wp","href":"https:\/\/api.w.org\/{rel}","templated":true}]}}