{"id":14239,"date":"2022-02-07T20:04:21","date_gmt":"2022-02-07T20:04:21","guid":{"rendered":"https:\/\/by-tv.co.uk\/?p=14239"},"modified":"2022-02-07T21:11:57","modified_gmt":"2022-02-07T21:11:57","slug":"nhs-biriken-tedavileri-bitirme-plani-yine-ertelendi","status":"publish","type":"post","link":"https:\/\/by-tv.co.uk\/en\/nhs-biriken-tedavileri-bitirme-plani-yine-ertelendi\/","title":{"rendered":"NHS&#8217;nin biriken tedavileri bitirme plan\u0131 yine ertelendi"},"content":{"rendered":"<p>\u0130ngiliz H\u00fck\u00fcmeti; pandemide iyice artan hastane bekleme listeleriyle m\u00fccadele etmek i\u00e7in uzun zamand\u0131r beklenen bir plan\u0131 ertelediler. BBC&#8217;nin haberine g\u00f6re, <a href=\"https:\/\/by-tv.co.uk\/en\/?s=nhs\">NHS<\/a>&#8216;nin &#8220;ulusal kurtarma plan\u0131n\u0131n&#8221; bug\u00fcn Ba\u015fbakan Boris Johnson ve Sa\u011fl\u0131k Bakan\u0131 Sajid Javid taraf\u0131ndan a\u00e7\u0131klanmas\u0131n\u0131n beklendi\u011fi, ancak &#8220;Ba\u015fbakanl\u0131\u011f\u0131n son dakika m\u00fcdahalesi&#8221; nedeniyle bir kez daha ertelendi\u011fi belirtildi.<\/p>\n<h4>NHS&#8217;nin biriken tedavileri bitirme plan\u0131 yine ertelendi<\/h4>\n<p>Ba\u015fbakan, tedavi bekleyen insanlar\u0131n birikmesiyle m\u00fccadele planlar\u0131 ertelendikten sonra harekete ge\u00e7me s\u00f6z\u00fc verdi. Johnson daha faza ayr\u0131nt\u0131n\u0131n bu hafta i\u00e7inde belirlenece\u011fini s\u00f6yledi.<\/p>\n<p>Sa\u011fl\u0131k Bakan\u0131 Sajid Javid, daha \u00f6nce Hazine&#8217;nin duyuruyu engelledi\u011fine dair haberleri yalanlayarak gecikmeden Omicron dalgas\u0131n\u0131 sorumlu tutmu\u015ftu.<\/p><div id=\"briti-1857738651\" class=\"briti-icerik\" style=\"margin-top: 5px;margin-bottom: 5px;\"><a href=\"https:\/\/piaryum.com\/services\/\" aria-label=\"piaryum banner\"><img loading=\"lazy\" decoding=\"async\" src=\"https:\/\/by-tv.co.uk\/wp-content\/uploads\/2025\/12\/Gemini_Generated_Image_g5yqr1g5yqr1g5yq.jpg\" alt=\"\"  width=\"2064\" height=\"1152\"   \/><\/a><\/div>\n<p>BBC Breakfast&#8217;a verdi\u011fi deme\u00e7te, planlar\u0131n Aral\u0131k ay\u0131 ba\u015flar\u0131nda yay\u0131nlanaca\u011f\u0131n\u0131, ancak daha fazla bula\u015f\u0131c\u0131 koronavir\u00fcs varyant\u0131n\u0131n ortaya \u00e7\u0131kmas\u0131n\u0131n ard\u0131ndan odak noktas\u0131n\u0131n g\u00fc\u00e7lendirici a\u015f\u0131 program\u0131na kayd\u0131\u011f\u0131n\u0131 s\u00f6ylemi\u015fti.<\/p>\n<p>Kent&#8217;teki bir hastaneyi ziyaret eden Johnson: Hazinenin Ba\u015fbakanl\u0131kla uyum i\u00e7inde \u00e7al\u0131\u015ft\u0131\u011f\u0131n\u0131 s\u00f6yleyerek, \u015eans\u00f6lye Rishi Sunak\u2019\u0131n sadakatinden kesinlikle \u015f\u00fcphe duymad\u0131\u011f\u0131n\u0131 s\u00f6yledi.<\/p>\n<blockquote class=\"twitter-tweet\">\n<p dir=\"ltr\" lang=\"en\">The Prime Minister and Chancellor <a href=\"https:\/\/twitter.com\/RishiSunak?ref_src=twsrc%5Etfw\" target=\"_blank\" rel=\"noopener\">@RishiSunak<\/a> visited Kent Oncology Centre to mark the upcoming launch of \u2018My Planned Care&#8217; \u2013 an online platform which will allow patients and carers to access tailored information ahead of planned treatment, including information on waiting times. <a href=\"https:\/\/t.co\/bC8SF8kSYb\">pic.twitter.com\/bC8SF8kSYb<\/a><\/p>\n<p>\u2014 UK Prime Minister (@10DowningStreet) <a href=\"https:\/\/twitter.com\/10DowningStreet\/status\/1490755991410987014?ref_src=twsrc%5Etfw\" target=\"_blank\" rel=\"noopener\">February 7, 2022<\/a><\/p><\/blockquote>\n<p><script async=\"\" src=\"https:\/\/platform.twitter.com\/widgets.js\" charset=\"utf-8\"><\/script><\/p>\n<p>\u0130ngiltere&#8217;de hastane tedavisi i\u00e7in bekleme listesi Kas\u0131m ay\u0131nda alt\u0131 milyona ula\u015fm\u0131\u015ft\u0131.<\/p>\n<div id=\"attachment_14242\" style=\"width: 2375px\" class=\"wp-caption alignleft\"><img loading=\"lazy\" decoding=\"async\" aria-describedby=\"caption-attachment-14242\" class=\"size-full wp-image-14242\" src=\"https:\/\/by-tv.co.uk\/wp-content\/uploads\/2022\/02\/IMG_8829.jpeg\" alt=\"\" width=\"2365\" height=\"1330\" title=\"\"><p id=\"caption-attachment-14242\" class=\"wp-caption-text\">NHS&#8217;nin biriken tedavileri bitirme plan\u0131 yine ertelendi<\/p><\/div>\n<p>Pandemi ba\u015flad\u0131\u011f\u0131ndan bu yana \u0130ngiltere&#8217;de <a href=\"https:\/\/www.nhs.uk\" target=\"_blank\" rel=\"noopener\">tedavi<\/a> bekleyenlerin say\u0131s\u0131nda yakla\u015f\u0131k % 50&#8217;lik bir art\u0131\u015f meydana geldi.<\/p>\n<h4>&#8216;Covid y\u00fcz\u00fcnden \u00f6lmeme izin veriyorlard\u0131&#8217;<\/h4>\n<p>Essex&#8217;ten Louise McAllan, d\u00f6rd\u00fcnc\u00fc evre akci\u011fer ve kemik kanserine yakaland\u0131 ve pandemi nedeniyle bir ameliyat ge\u00e7irdi ve ancak kemoterapi tedavisi iptal edildi.<\/p>\n<p>\u015eubat 2020&#8217;de kanser te\u015fhisi konulan kad\u0131n, te\u015fhisten sonraki sekiz ay boyunca herhangi bir tedavi g\u00f6rmedi\u011fini s\u00f6yledi.<\/p>\n<p>BBC Radio 4&#8217;\u00fcn World at One program\u0131na verdi\u011fi deme\u00e7te<br \/>\n&#8220;Covid y\u00fcz\u00fcnden \u00f6lmeme izin vermeleri inan\u0131lmazd\u0131.&#8221; dedi.<\/p>\n<div id=\"briti-3776359803\" class=\"briti-icerikten-sonra_2\" style=\"margin-top: 25px;margin-bottom: 25px;\"><a href=\"https:\/\/wa.me\/message\/NDZLLIOQT4H3O1\" aria-label=\"bytv reklam banner\"><img loading=\"lazy\" decoding=\"async\" src=\"https:\/\/by-tv.co.uk\/wp-content\/uploads\/2025\/12\/bytv-reklam-banner.jpg\" alt=\"\"  width=\"2376\" height=\"1008\"   \/><\/a><\/div>","protected":false},"excerpt":{"rendered":"<p>\u0130ngiliz H\u00fck\u00fcmeti; pandemide iyice artan hastane bekleme listeleriyle m\u00fccadele etmek i\u00e7in uzun zamand\u0131r beklenen bir plan\u0131 ertelediler. BBC&#8217;nin haberine g\u00f6re, NHS&#8216;nin &#8220;ulusal kurtarma plan\u0131n\u0131n&#8221; bug\u00fcn Ba\u015fbakan Boris Johnson ve Sa\u011fl\u0131k Bakan\u0131 Sajid Javid taraf\u0131ndan a\u00e7\u0131klanmas\u0131n\u0131n beklendi\u011fi, ancak &#8220;Ba\u015fbakanl\u0131\u011f\u0131n son dakika m\u00fcdahalesi&#8221; nedeniyle bir kez daha ertelendi\u011fi belirtildi. NHS&#8217;nin biriken tedavileri bitirme plan\u0131 yine ertelendi Ba\u015fbakan, tedavi bekleyen insanlar\u0131n birikmesiyle m\u00fccadele planlar\u0131 ertelendikten sonra harekete ge\u00e7me s\u00f6z\u00fc verdi. Johnson daha faza ayr\u0131nt\u0131n\u0131n bu hafta i\u00e7inde belirlenece\u011fini s\u00f6yledi. Sa\u011fl\u0131k Bakan\u0131 Sajid Javid, daha \u00f6nce Hazine&#8217;nin duyuruyu engelledi\u011fine dair haberleri yalanlayarak gecikmeden Omicron dalgas\u0131n\u0131 sorumlu tutmu\u015ftu. BBC Breakfast&#8217;a verdi\u011fi deme\u00e7te, planlar\u0131n Aral\u0131k ay\u0131 [&hellip;]<\/p>\n","protected":false},"author":1,"featured_media":0,"comment_status":"open","ping_status":"open","sticky":false,"template":"","format":"standard","meta":{"ngg_post_thumbnail":0,"footnotes":""},"categories":[1],"tags":[],"class_list":["post-14239","post","type-post","status-publish","format-standard","hentry","category-genel"],"_links":{"self":[{"href":"https:\/\/by-tv.co.uk\/en\/wp-json\/wp\/v2\/posts\/14239","targetHints":{"allow":["GET"]}}],"collection":[{"href":"https:\/\/by-tv.co.uk\/en\/wp-json\/wp\/v2\/posts"}],"about":[{"href":"https:\/\/by-tv.co.uk\/en\/wp-json\/wp\/v2\/types\/post"}],"author":[{"embeddable":true,"href":"https:\/\/by-tv.co.uk\/en\/wp-json\/wp\/v2\/users\/1"}],"replies":[{"embeddable":true,"href":"https:\/\/by-tv.co.uk\/en\/wp-json\/wp\/v2\/comments?post=14239"}],"version-history":[{"count":0,"href":"https:\/\/by-tv.co.uk\/en\/wp-json\/wp\/v2\/posts\/14239\/revisions"}],"wp:attachment":[{"href":"https:\/\/by-tv.co.uk\/en\/wp-json\/wp\/v2\/media?parent=14239"}],"wp:term":[{"taxonomy":"category","embeddable":true,"href":"https:\/\/by-tv.co.uk\/en\/wp-json\/wp\/v2\/categories?post=14239"},{"taxonomy":"post_tag","embeddable":true,"href":"https:\/\/by-tv.co.uk\/en\/wp-json\/wp\/v2\/tags?post=14239"}],"curies":[{"name":"wp","href":"https:\/\/api.w.org\/{rel}","templated":true}]}}