{"id":14231,"date":"2022-02-06T14:46:25","date_gmt":"2022-02-06T14:46:25","guid":{"rendered":"https:\/\/by-tv.co.uk\/?p=14231"},"modified":"2022-02-08T12:24:55","modified_gmt":"2022-02-08T12:24:55","slug":"ingiltere-kralicesi-ii-elizabeth-tahtinin-varisini-acikladi","status":"publish","type":"post","link":"https:\/\/by-tv.co.uk\/en\/ingiltere-kralicesi-ii-elizabeth-tahtinin-varisini-acikladi\/","title":{"rendered":"\u0130ngiltere Krali\u00e7esi II. Elizabeth taht\u0131n\u0131n varisini a\u00e7\u0131klad\u0131"},"content":{"rendered":"<p>\u0130ngiltere Krali\u00e7esi II. Elizabeth, tahta \u00e7\u0131k\u0131\u015f\u0131n\u0131n 70&#8217;inci y\u0131l\u0131 nedeniyle yay\u0131nlad\u0131\u011f\u0131 mesajda taht\u0131n varisini a\u00e7\u0131klad\u0131. Krali\u00e7e II. Elizabeth &#8220;Ben \u00f6ld\u00fckten sonra O&#8217;na krali\u00e7e deyin&#8221; mesaj\u0131yla kendinden sonra krali\u00e7elik unvan\u0131n\u0131 kimin almas\u0131n\u0131 istedi\u011fi sorusuna da cevap vermi\u015f oldu.<\/p>\n<p>Britanya monar\u015fi tarihinde 70. y\u0131ld\u00f6n\u00fcm\u00fcn\u00fc kutlayan ilk h\u00fck\u00fcmdar olan \u0130ngiltere Krali\u00e7esi II. Elizabeth, yay\u0131mlad\u0131\u011f\u0131 <a href=\"https:\/\/www.royal.uk\/queens-accession-day-message\" target=\"_blank\" rel=\"noopener\">mesajda<\/a>; o\u011flu Galler Prensi Charles&#8217;\u0131n kral olmas\u0131 durumunda Camilla&#8217;n\u0131n krali\u00e7e olarak an\u0131lmas\u0131n\u0131n &#8220;samimi dile\u011fi&#8221; oldu\u011funu belirtti.<\/p>\n<h4>Taht\u0131n\u0131n varisini a\u00e7\u0131klayan \u0130ngiltere Krali\u00e7esi II. Elizabeth; 25 ya\u015f\u0131nda, babas\u0131 Kral 6. George&#8217;un \u00f6l\u00fcm\u00fcn\u00fcn ard\u0131ndan 1952 y\u0131l\u0131nda tahta ge\u00e7mi\u015fti.<\/h4>\n<div class=\"bbc-19j92fr e57qer20\" dir=\"ltr\">\n<h4 dir=\"ltr\">&nbsp;<\/h4>\n<div id=\"attachment_14232\" style=\"width: 851px\" class=\"wp-caption alignleft\"><img loading=\"lazy\" decoding=\"async\" aria-describedby=\"caption-attachment-14232\" class=\"wp-image-14232\" src=\"https:\/\/by-tv.co.uk\/wp-content\/uploads\/2022\/02\/WhatsApp-Image-2022-02-06-at-14.21.34-2.jpeg\" alt=\"\" width=\"841\" height=\"665\" title=\"\"><p id=\"caption-attachment-14232\" class=\"wp-caption-text\">Taht\u0131n\u0131n varisini a\u00e7\u0131klayan \u0130ngiltere Krali\u00e7esi II. Elizabeth; 25 ya\u015f\u0131nda, babas\u0131 Kral 6. George&#8217;un \u00f6l\u00fcm\u00fcn\u00fcn ard\u0131ndan 1952 y\u0131l\u0131nda tahta ge\u00e7mi\u015fti.<\/p><\/div>\n<p>Taht\u0131n\u0131n varisini, h\u00fck\u00fcmdarl\u0131\u011f\u0131n\u0131n 70. y\u0131l\u0131nda a\u00e7\u0131k bir \u015fekilde i\u015faret eden <a href=\"https:\/\/by-tv.co.uk\/en\/?s=krali\u00e7e\">\u0130ngiltere Krali\u00e7esi II. Elizabeth<\/a>;&nbsp; 25 ya\u015f\u0131nda, babas\u0131 Kral 6. George&#8217;un \u00f6l\u00fcm\u00fcn\u00fcn ard\u0131ndan 1952 y\u0131l\u0131nda tahta ge\u00e7mi\u015fti.&nbsp; Ekim ay\u0131nda sa\u011fl\u0131k sorunlar\u0131 sebebiyle&nbsp; Windsor&#8217;dan yakla\u015f\u0131k 32 kilometre uzakl\u0131kta Londra&#8217;n\u0131n merkezindeki \u00f6zel King Edward VII Hastanesi&#8217;nde bir gece hastanede kalm\u0131\u015f; o zamandan beri kameralar \u00f6n\u00fcnde g\u00f6r\u00fclmemi\u015fti.<\/p>\n<p>&nbsp;6 \u015eubat olan y\u0131ld\u00f6n\u00fcm\u00fcn\u00fcn de Sandringham&#8217;daki m\u00fclk\u00fcnde ge\u00e7iren ve sadece bir resepsiyon veren Krali\u00e7e&#8217;nin y\u0131ld\u00f6n\u00fcm\u00fc i\u00e7in as\u0131l kutlamalar, Haziran ay\u0131nda yap\u0131lacak.<\/p>\n<p>Krali\u00e7e, 70. y\u0131ld\u00f6n\u00fcm\u00fc mesaj\u0131nda, bu g\u00fcn\u00fc &#8220;H\u00fck\u00fcmdarl\u0131\u011f\u0131n ba\u015flang\u0131c\u0131 oldu\u011fu kadar babam Kral 6. George&#8217;un \u00f6l\u00fcm\u00fc olarak da hat\u0131rl\u0131yorum&#8221; ifadelerine yer verdi.<\/p>\n<p>95 ya\u015f\u0131ndaki Krali\u00e7e, kendisine 70 y\u0131l boyunca verilen deste\u011fe de minnettar oldu\u011funu s\u00f6yledi.<\/p>\n<p>Bu y\u0131l Krali\u00e7e Elizabeth ilk kez tahta ge\u00e7i\u015finin y\u0131ld\u00f6n\u00fcm\u00fcn\u00fc e\u015fi Edinburg D\u00fck\u00fc Philiph olmadan kutlayacak. Prens Philiph, 73 y\u0131ll\u0131k evliliklerinin ard\u0131ndan ge\u00e7en y\u0131l hayat\u0131n\u0131 kaybetmi\u015fti.<\/p>\n<p>Prens Philiph&#8217;e de mesaj\u0131nda de\u011finen Krali\u00e7e, &#8220;Bencillikten tamamen uzak deste\u011fi i\u00e7in&#8221; e\u015fine te\u015fekk\u00fcr etti. &#8220;\u00dclkedeki t\u00fcm milliyetlerden, inan\u00e7lardan ve her ya\u015ftan insanlar\u0131n bana g\u00f6sterdi\u011fi iyi niyete te\u015fekk\u00fcr ederim&#8221; dedi.<\/p>\n<div id=\"attachment_14234\" style=\"width: 868px\" class=\"wp-caption alignleft\"><img loading=\"lazy\" decoding=\"async\" aria-describedby=\"caption-attachment-14234\" class=\"wp-image-14234\" src=\"https:\/\/by-tv.co.uk\/wp-content\/uploads\/2022\/02\/WhatsApp-Image-2022-02-06-at-14.21.34.jpeg\" alt=\"\" width=\"858\" height=\"1214\" title=\"\"><p id=\"caption-attachment-14234\" class=\"wp-caption-text\">\u0130ngiltere Krali\u00e7esi II. Elizabeth taht\u0131n\u0131n varisini a\u00e7\u0131klad\u0131<\/p><\/div>\n<p>Krali\u00e7e&#8217;nin h\u00fck\u00fcmdarl\u0131\u011f\u0131 boyunca \u0130ngiltere&#8217;de 14 ba\u015fbakan g\u00f6reve geldi.<\/p>\n<p>Ba\u015fbakan Boris Johnson da, Twitter&#8217;da y\u0131ld\u00f6n\u00fcm\u00fc i\u00e7in yapt\u0131\u011f\u0131 payla\u015f\u0131mda &#8220;Y\u0131llar s\u00fcren hizmetlerini tebrik ediyor ve yaz\u0131n t\u00fcm \u00fclke olarak bu tarihi h\u00fck\u00fcmdarl\u0131\u011f\u0131 kutlamay\u0131 d\u00f6rt g\u00f6zle bekliyorum&#8221; ifadelerini kulland\u0131.<\/p>\n<h4>&#8220;Hayat\u0131m\u0131 size adad\u0131m&#8221;<\/h4>\n<p>&#8220;Hepinizin \u00f6n\u00fcnde beyan ederim ki, uzun ya da k\u0131sa olsun, t\u00fcm hayat\u0131m\u0131 size hizmet etmeye adad\u0131m.&#8221;<\/p>\n<p>Norfolk&#8217;taki Sandringham Malikanesi&#8217;nden payla\u015ft\u0131\u011f\u0131 mesajda Krali\u00e7e Elizabeth, hayat boyu g\u00f6revde kalaca\u011f\u0131 s\u00f6z\u00fcn\u00fc yineledi, &#8220;Hayat\u0131m daima sizin hizmetinize adanacakt\u0131r&#8221; dedi.<\/p>\n<p>B\u00f6ylece mesaj\u0131nda Krali\u00e7e, hem taht\u0131 erken b\u0131rakmayaca\u011f\u0131n\u0131 a\u00e7\u0131klam\u0131\u015f hem de Camilla&#8217;n\u0131n belirsiz durumuna son noktay\u0131 koymu\u015f oldu.<\/p>\n<p>Eski e\u015fi Prenses Diana ile 1996&#8217;da bo\u015fanmas\u0131 ve Diana&#8217;n\u0131n bir y\u0131l sonra trafik kazas\u0131nda hayat\u0131n\u0131 kaybetmesinin ard\u0131ndan 2005&#8217;te Camilla ile evlenen Prens Charles, Krali\u00e7e Elizabeth&#8217;in en b\u00fcy\u00fck o\u011flu olarak onun ard\u0131ndan tahta ge\u00e7ecek varis olarak kabul ediliyor.<\/p>\n<p>Camilla&#8217;n\u0131n ilk evlili\u011finden iki \u00e7ocu\u011fu var. Prens Charles&#8217;\u0131n ard\u0131ndan tahta ge\u00e7ecek olan varis ise Prenses Diana&#8217;dan olan b\u00fcy\u00fck o\u011flu William.<\/p>\n<p>Galler Prensi Charles ile evlili\u011finin ard\u0131ndan Diana&#8217;ya da evlilik sonras\u0131 verilen Galler Prensesi unvan\u0131n\u0131 almayan Camilla&#8217;n\u0131n, Charles&#8217;\u0131n kral olmas\u0131 durumunda da &#8216;prenses&#8217; unvan\u0131n\u0131 almas\u0131 ve &#8216;krali\u00e7e olarak an\u0131lmamas\u0131&#8217; konu\u015fuluyordu. Halk\u0131n g\u00f6z\u00fcnde Camilla&#8217;n\u0131n yeri ve \u00e7o\u011funlu\u011fun fikriyle ilgili bir belirsizlik oldu\u011fu gerek\u00e7esiyle kesin bir karar verilmemi\u015fti.<\/p>\n<h4>Krali\u00e7e 2. Elizabeth&#8217;in a\u00e7\u0131klamas\u0131 sonras\u0131 Prens Charles ve Camilla a\u00e7\u0131klama yapt\u0131<\/h4>\n<p>Krali\u00e7e&#8217;nin a\u00e7\u0131klamas\u0131 sonras\u0131 Prens Charles ve Camilla&#8217;n\u0131n ya\u015fad\u0131\u011f\u0131 Clarence House&#8217;dan bir s\u00f6zc\u00fc, \u00e7iftin &#8220;\u00c7ok duyguland\u0131\u011f\u0131n\u0131 ve onur duydu\u011funu&#8221; a\u00e7\u0131klad\u0131.<\/p>\n<p>BBC T\u00fcrk\u00e7e&#8217;nin haberine g\u00f6re; Daha \u00f6nce sadece Krali\u00e7e olan h\u00fck\u00fcmdarlar\u0131n e\u015fleri hakk\u0131nda farkl\u0131 bir uygulama yap\u0131lm\u0131\u015f; Krali\u00e7e Victoria&#8217;n\u0131n e\u015fi Albert ve Krali\u00e7e 2. Elizabeth&#8217;in e\u015fi Philip &#8216;prens&#8217; unvan\u0131n\u0131 alm\u0131\u015ft\u0131. Bu iki e\u015fe &#8216;kral&#8217; unvan\u0131 verilmedi.<\/p>\n<p>Ancak kraliyet ailesinin bir \u00fcyesi olan ve bu \u015fekilde tahta ge\u00e7en krallar\u0131n e\u015fler krali\u00e7e unvan\u0131 al\u0131yor.<\/p>\n<p>Prens Charles ve Camilla 2005&#8217;te medeni nikahla evlendiklerinde saraydan gelen bilgilere g\u00f6re, Charles&#8217;\u0131n tahta ge\u00e7mesi durumunda Camilla&#8217;ya &#8216;prenses&#8217; unvan\u0131 verilmesi uygun g\u00f6r\u00fclm\u00fc\u015ft\u00fc. Konu y\u0131llar i\u00e7inde defalarca tart\u0131\u015f\u0131ld\u0131.<\/p>\n<p>Krali\u00e7e&#8217;nin yay\u0131mlad\u0131\u011f\u0131 mesajla birlikte Camilla&#8217;n\u0131n krali\u00e7e olmas\u0131n\u0131n \u00f6n\u00fcndeki engeller de kalkm\u0131\u015f oldu. B\u00f6ylece Camilla krali\u00e7e olarak Charles&#8217;\u0131n yan\u0131nda t\u00fcm kraliyet g\u00f6revlerini yerine getirebilecek.<\/p>\n<p>74 ya\u015f\u0131ndaki Camilla, b\u00fcy\u00fck oranda aile i\u00e7i \u015fiddet ma\u011fdurlar\u0131 ba\u015fta olmak \u00fczere bir\u00e7ok yard\u0131m kurulu\u015funda \u00e7al\u0131\u015f\u0131yor.<\/p>\n<p>Kaynak:BBC T\u00fcrk\u00e7e<\/p>\n<\/div>\n<div id=\"briti-862732784\" class=\"briti-icerikten-sonra_2\" style=\"margin-top: 25px;margin-bottom: 25px;\"><a href=\"https:\/\/wa.me\/message\/NDZLLIOQT4H3O1\" aria-label=\"bytv reklam banner\"><img loading=\"lazy\" decoding=\"async\" src=\"https:\/\/by-tv.co.uk\/wp-content\/uploads\/2025\/12\/bytv-reklam-banner.jpg\" alt=\"\"  width=\"2376\" height=\"1008\"   \/><\/a><\/div>","protected":false},"excerpt":{"rendered":"<p>\u0130ngiltere Krali\u00e7esi II. Elizabeth, tahta \u00e7\u0131k\u0131\u015f\u0131n\u0131n 70&#8217;inci y\u0131l\u0131 nedeniyle yay\u0131nlad\u0131\u011f\u0131 mesajda taht\u0131n varisini a\u00e7\u0131klad\u0131. Krali\u00e7e II. Elizabeth &#8220;Ben \u00f6ld\u00fckten sonra O&#8217;na krali\u00e7e deyin&#8221; mesaj\u0131yla kendinden sonra krali\u00e7elik unvan\u0131n\u0131 kimin almas\u0131n\u0131 istedi\u011fi sorusuna da cevap vermi\u015f oldu. Britanya monar\u015fi tarihinde 70. y\u0131ld\u00f6n\u00fcm\u00fcn\u00fc kutlayan ilk h\u00fck\u00fcmdar olan \u0130ngiltere Krali\u00e7esi II. Elizabeth, yay\u0131mlad\u0131\u011f\u0131 mesajda; o\u011flu Galler Prensi Charles&#8217;\u0131n kral olmas\u0131 durumunda Camilla&#8217;n\u0131n krali\u00e7e olarak an\u0131lmas\u0131n\u0131n &#8220;samimi dile\u011fi&#8221; oldu\u011funu belirtti. Taht\u0131n\u0131n varisini a\u00e7\u0131klayan \u0130ngiltere Krali\u00e7esi II. Elizabeth; 25 ya\u015f\u0131nda, babas\u0131 Kral 6. George&#8217;un \u00f6l\u00fcm\u00fcn\u00fcn ard\u0131ndan 1952 y\u0131l\u0131nda tahta ge\u00e7mi\u015fti. &nbsp; Taht\u0131n\u0131n varisini, h\u00fck\u00fcmdarl\u0131\u011f\u0131n\u0131n 70. y\u0131l\u0131nda a\u00e7\u0131k bir \u015fekilde i\u015faret eden \u0130ngiltere Krali\u00e7esi II. Elizabeth;&nbsp; [&hellip;]<\/p>\n","protected":false},"author":1,"featured_media":0,"comment_status":"open","ping_status":"open","sticky":false,"template":"","format":"standard","meta":{"ngg_post_thumbnail":0,"footnotes":""},"categories":[1],"tags":[149,4088],"class_list":["post-14231","post","type-post","status-publish","format-standard","hentry","category-genel","tag-ingiltere","tag-ingiltere-kralicesi-ii-elizabeth"],"_links":{"self":[{"href":"https:\/\/by-tv.co.uk\/en\/wp-json\/wp\/v2\/posts\/14231","targetHints":{"allow":["GET"]}}],"collection":[{"href":"https:\/\/by-tv.co.uk\/en\/wp-json\/wp\/v2\/posts"}],"about":[{"href":"https:\/\/by-tv.co.uk\/en\/wp-json\/wp\/v2\/types\/post"}],"author":[{"embeddable":true,"href":"https:\/\/by-tv.co.uk\/en\/wp-json\/wp\/v2\/users\/1"}],"replies":[{"embeddable":true,"href":"https:\/\/by-tv.co.uk\/en\/wp-json\/wp\/v2\/comments?post=14231"}],"version-history":[{"count":0,"href":"https:\/\/by-tv.co.uk\/en\/wp-json\/wp\/v2\/posts\/14231\/revisions"}],"wp:attachment":[{"href":"https:\/\/by-tv.co.uk\/en\/wp-json\/wp\/v2\/media?parent=14231"}],"wp:term":[{"taxonomy":"category","embeddable":true,"href":"https:\/\/by-tv.co.uk\/en\/wp-json\/wp\/v2\/categories?post=14231"},{"taxonomy":"post_tag","embeddable":true,"href":"https:\/\/by-tv.co.uk\/en\/wp-json\/wp\/v2\/tags?post=14231"}],"curies":[{"name":"wp","href":"https:\/\/api.w.org\/{rel}","templated":true}]}}