{"id":14229,"date":"2022-02-04T16:30:49","date_gmt":"2022-02-04T16:30:49","guid":{"rendered":"https:\/\/by-tv.co.uk\/?p=14229"},"modified":"2022-02-04T16:30:49","modified_gmt":"2022-02-04T16:30:49","slug":"bir-dakika-britanya-ile-ingiltere-son-dakika-guncel-haberler-04-subat-2021","status":"publish","type":"post","link":"https:\/\/by-tv.co.uk\/en\/bir-dakika-britanya-ile-ingiltere-son-dakika-guncel-haberler-04-subat-2021\/","title":{"rendered":"Bir Dakika Britanya ile \u0130ngiltere son dakika g\u00fcncel haberler, 04 \u015eubat 2021"},"content":{"rendered":"<p style=\"text-align: left;\">\u0130ngiltere son dakika g\u00fcncel haberler #birdakikabritanya<br \/>\nBritanya g\u00fcndeminin 60 saniyelik \u00f6zeti<\/p>\n<h4>&nbsp;<br \/>\nHANE BA\u015eINA FAZLADAN 693 STERL\u0130N ENERJ\u0130 FATURASI<\/h4>\n<p>\u0130ngiltere\u2019de 22 milyon haneyi ilgilendiren yeni d\u00fczenlemeye g\u00f6re, bir hane i\u00e7in ortalama standart enerji faturas\u0131nda tavan fiyat %54 artarak y\u0131ll\u0131k 1277 sterlinden 1971 sterline y\u00fckseldi. Yeni fiyat \u0130ngiltere, Galler ve \u0130sko\u00e7ya i\u00e7in Nisan ay\u0131ndan itibaren ge\u00e7erli olacak. H\u00fck\u00fcmet, enerji giderlerinin hane halk\u0131 \u00fczerindeki etkisini azaltmak amac\u0131yla yapt\u0131\u011f\u0131 a\u00e7\u0131klamada hane ba\u015f\u0131na 350 sterlin yard\u0131m yap\u0131laca\u011f\u0131n\u0131 duyurdu. Bunun 150 sterlini belediye vergisi indirimi olarak yans\u0131yacak ve geri \u00f6denmesi gerekmeyecek. Elektrik faturalar\u0131nda da bir defaya mahsus 200 sterlin indirim yap\u0131lacak; ancak bu yard\u0131m, y\u0131lda 40 sterlin olarak be\u015f y\u0131lda geri \u00f6denecek. <iframe loading=\"lazy\" title=\"YouTube video player\" src=\"https:\/\/www.youtube.com\/embed\/pwTv5jWDcy0\" width=\"783\" height=\"715\" frameborder=\"0\" allowfullscreen=\"allowfullscreen\"><\/iframe><\/p>\n<h4>\u0130NG\u0130LTERE MERKEZ BANKASI FA\u0130Z ARTTIRDI<\/h4>\n<p>\u0130ngiltere Merkez Bankas\u0131 faiz karar\u0131n\u0131 a\u00e7\u0131klad\u0131. Buna g\u00f6re banka politika faizini 25 baz puan art\u0131\u015fla y\u00fczde 0,50 seviyesine \u00e7\u0131kard\u0131. Bununla birlikte varl\u0131k al\u0131mlar\u0131na ili\u015fkin d\u00fczenlemeler de geldi. Banka 20 milyar sterlinlik kurumsal varl\u0131k al\u0131m program\u0131n\u0131 2023 sonuna kadar sonland\u0131rma karar\u0131 ald\u0131.<\/p><div id=\"briti-3460088715\" class=\"briti-icerik\" style=\"margin-top: 5px;margin-bottom: 5px;\"><a href=\"https:\/\/piaryum.com\/services\/\" aria-label=\"piaryum banner\"><img loading=\"lazy\" decoding=\"async\" src=\"https:\/\/by-tv.co.uk\/wp-content\/uploads\/2025\/12\/Gemini_Generated_Image_g5yqr1g5yqr1g5yq.jpg\" alt=\"\"  width=\"2064\" height=\"1152\"   \/><\/a><\/div>\n<h4>JOHNSON\u2019IN 5 KIDEML\u0130 YARDIMCISI \u0130ST\u0130FA ETT\u0130<\/h4>\n<p>\u0130ngiltere\u2019de Ba\u015fbakanl\u0131k binas\u0131nda d\u00fczenlenen ve Covid-19 k\u0131s\u0131tlamalar\u0131n\u0131n ihlal edildi\u011fi \u00f6ne s\u00fcr\u00fclen partilerle ilgili artan bask\u0131lar nedeniyle \u0130ngiltere Ba\u015fbakan\u0131 Boris Johnson&#8217;\u0131n 5 k\u0131demli yard\u0131mc\u0131s\u0131, birka\u00e7 saat arayla g\u00f6revlerinden istifa etti. Ba\u015fbakan&#8217;\u0131n<br \/>\n\u0130leti\u015fim Daire Ba\u015fkan\u0131 Jack Doyle,<br \/>\nPolitika ve Strateji Direkt\u00f6r\u00fc Munira Mirza,<br \/>\nKabineden Sorumlu Dan\u0131\u015fman\u0131 Dan Rosenfield ve<br \/>\nJohnson&#8217;\u0131n \u00d6zel Kalem M\u00fcd\u00fcr\u00fc Martin Reynolds, Per\u015fembe g\u00fcn\u00fc istifalar\u0131n\u0131 sundu.<br \/>\nE\u011fitim politikas\u0131 uzman\u0131 Elena Narozanski de bu sabah g\u00f6revi b\u0131rakt\u0131\u011f\u0131n\u0131 a\u00e7\u0131klad\u0131.<\/p>\n<h4>H\u0130LTON OTELLER\u0130 1000 K\u0130\u015e\u0130Y\u0130 DAHA \u0130\u015eE ALACAK<\/h4>\n<p>2021&#8217;de yakla\u015f\u0131k 4.000 personeli i\u015fe alan Hilton otelleri, bu y\u0131l \u0130ngiltere ve \u0130rlanda&#8217;da; aralar\u0131nda barmen, g\u00fczellik terapistleri, \u015fef \u00e7\u0131ra\u011f\u0131 ve temizlik g\u00f6revlilerin de yer ald\u0131\u011f\u0131 1.000 yeni personeli b\u00fcnyesine kataca\u011f\u0131n\u0131 a\u00e7\u0131klad\u0131.<\/p>\n<p>&nbsp;<\/p>\n<div class=\"\" data-block=\"true\" data-editor=\"ehltf\" data-offset-key=\"2qgai-0-0\">\n<div class=\"_1mf _1mj\" data-offset-key=\"2qgai-0-0\">\n<h5 style=\"text-align: left;\"><a href=\"https:\/\/by-tv.co.uk\/en\/?s=bir+dakika+britanya\"><strong>Bir Dakika Britanya<\/strong><\/a><\/h5>\n<p style=\"text-align: left;\">Bir Dakika Britanya b\u00fcltenine reklam vermek i\u00e7in hemen aray\u0131n veya WhatsApp\u2019tan mesaj at\u0131n biz sizi arayal\u0131m! <a href=\"https:\/\/api.whatsapp.com\/message\/NDZLLIOQT4H3O1\" target=\"_blank\" rel=\"noopener\">07857359643<\/a><\/p>\n<p style=\"text-align: left;\"><strong><a href=\"https:\/\/api.whatsapp.com\/message\/NDZLLIOQT4H3O1\" target=\"_blank\" rel=\"noopener\">WhatsApp\u2019tan Ara veya Mesaj G\u00f6nder!<\/a><\/strong><\/p>\n<h4 style=\"text-align: left;\">Neden Brit \u0130\u015f Ya\u015fam TV?<\/h4>\n<p style=\"text-align: left;\">Brit \u0130\u015f Ya\u015fam TV; ad\u0131ndan da anla\u015f\u0131laca\u011f\u0131 gibi daha \u00e7ok \u0130ngiltere\u2019deki ve a\u011f\u0131rl\u0131kl\u0131 olarak Ba\u015fkent Londra\u2019daki i\u015f ve ya\u015fam haberlerine odaklanm\u0131\u015f \u0130ngiltere\u2019de T\u00fcrk\u00e7e yay\u0131n yapan tematik bir haber sitesidir. Haber sitemizde ve sosyal medya hesaplar\u0131m\u0131zda abart\u0131l\u0131, yan\u0131lt\u0131c\u0131, toplumu geren, mesnetsiz ve sa\u011flam kaynaklara dayanmayan haberlerden ka\u00e7\u0131n\u0131yoruz. \u0130ngiltere g\u00fcncel haberleri hafta i\u00e7i her g\u00fcn ekran\u0131n\u0131za getiriyoruz.<\/p>\n<p style=\"text-align: left;\">\ud83d\udde8\ufe0fHer hafta \u0130ngiltere\u2019deki yat\u0131r\u0131m f\u0131rsatlar\u0131n\u0131, yat\u0131r\u0131m iklimini ve ticaret yapman\u0131n p\u00fcf noktalar\u0131n\u0131n yer ald\u0131\u011f\u0131 ve Genel Yay\u0131n Y\u00f6netmenimiz&nbsp;<strong><a href=\"https:\/\/www.linkedin.com\/in\/erginbbo\/\" target=\"_blank\" rel=\"noopener\">Ergin Balabeyo\u011flu<\/a><\/strong>&nbsp;ve Yay\u0131n Dan\u0131\u015fman\u0131m\u0131z, T\u00fcrk \u0130ngiliz Ticaret ve Sanayi Odas\u0131 Y\u00f6netim Kurulu \u00dcyesi&nbsp;<strong><a href=\"https:\/\/www.linkedin.com\/in\/kemal-sidar\/\" target=\"_blank\" rel=\"noopener\">Kemal Sidar\u2019<\/a><\/strong>\u0131n ortakla\u015fa haz\u0131rlad\u0131\u011f\u0131<strong><a href=\"https:\/\/by-tv.co.uk\/en\/ingilterede-is-ve-yatirim-ev-tekstili-sektoru-17-bolum\/\">&nbsp;\u201c\u0130ngiltere\u2019de \u0130\u015f ve Yat\u0131r\u0131m\u201d<\/a>&nbsp;<\/strong>&nbsp;program\u0131 \u0130ngiltere\u2019de i\u015f ve yat\u0131r\u0131m yapmak isteyenlere \u00f6nemli bir rehber haline geldi. 20 b\u00f6l\u00fcmden fazla haz\u0131rlanan programda tekstilden g\u0131daya, ula\u015f\u0131mdan lojisti\u011fe, payla\u015f\u0131m ekonomisinden e-ticarete kadar onlarca konuda uzman konuklar yer ald\u0131.<\/p>\n<h4 style=\"text-align: left;\">Bir Dakika Britanya<\/h4>\n<p style=\"text-align: left;\">1 Aral\u0131k 2020\u2019de ilk yay\u0131n\u0131na ba\u015flad\u0131\u011f\u0131m\u0131z<a href=\"https:\/\/www.instagram.com\/p\/CRaKX80KzmV\/\" target=\"_blank\" rel=\"noopener\"><strong>&nbsp;\u201cBir Dakika Britanya\u201d<\/strong>&nbsp;<\/a>ile hafta i\u00e7i her g\u00fcn g\u00fcncel konular\u0131ndan olu\u015fan k\u0131sa bir b\u00fclten yay\u0131nl\u0131yoruz. Bu b\u00fcltende uygulad\u0131\u011f\u0131m\u0131z bant reklam format\u0131 ile reklam veren ki\u015fi ve kurumlar tek videoda binlerce ki\u015fiye ula\u015f\u0131yor. Bir Dakika Britanya ile \u0130ngiltere son dakika g\u00fcncel haberlerini ka\u00e7\u0131rmay\u0131n.&nbsp;<\/p>\n<div id=\"attachment_11940\" style=\"width: 2570px\" class=\"wp-caption alignleft\"><img loading=\"lazy\" decoding=\"async\" aria-describedby=\"caption-attachment-11940\" class=\"wp-image-11940 size-full\" src=\"https:\/\/by-tv.co.uk\/wp-content\/uploads\/2021\/07\/Facebook-Cover-new-scaled.jpg\" alt=\"\" width=\"2560\" height=\"948\" title=\"\"><p id=\"caption-attachment-11940\" class=\"wp-caption-text\">\u0130ngiltere son dakika g\u00fcncel haberler, Bir Dakika Britanya ile hafta i\u00e7i her g\u00fcn yay\u0131nda.<\/p><\/div>\n<h4 style=\"text-align: left;\">\u0130ngiltere ve Londra Seri \u0130lanlar<\/h4>\n<p style=\"text-align: left;\">Hem grafik reklamlar\u0131n\u0131z hem de video bant reklamlar\u0131n\u0131z i\u00e7in kreatif ekibimiz imdad\u0131n\u0131za yeti\u015fiyor. Teklif almak i\u00e7in hemen bizi aray\u0131n !&nbsp;<strong><a href=\"https:\/\/api.whatsapp.com\/message\/NDZLLIOQT4H3O1\" target=\"_blank\" rel=\"noopener\">07857359643<\/a><\/strong><\/p>\n<p style=\"text-align: left;\">\u0130ngiltere son dakika g\u00fcncel haberler<\/p>\n<p style=\"text-align: left;\">#ingilteret\u00fcrkleri #yurtd\u0131\u015f\u0131e\u011fitim #londral\u0131t\u00fcrkler #londra #londratvprogram #ingilteret\u00fcrkiye #t\u00fcrkiyeingiltere #londrae\u011fitim #ingilteree\u011fitim #ankaraanla\u015fmas\u0131 #yurtd\u0131\u015f\u0131vize #isko\u00e7ya #galler #kuzeyirlanda #cardiff #edinburgh #kraliyetailesi #birle\u015fikkrall\u0131k #birdakikabritanya<\/p>\n<div id=\"attachment_14051\" style=\"width: 1610px\" class=\"wp-caption alignleft\"><img loading=\"lazy\" decoding=\"async\" aria-describedby=\"caption-attachment-14051\" class=\"size-full wp-image-14051\" src=\"https:\/\/by-tv.co.uk\/wp-content\/uploads\/2022\/01\/WhatsApp-Image-2022-01-17-at-16.20.46-1.jpeg\" alt=\"\" width=\"1600\" height=\"899\" title=\"\"><p id=\"caption-attachment-14051\" class=\"wp-caption-text\">\u0130ngiltere son dakika g\u00fcncel haberler<\/p><\/div>\n<\/div>\n<\/div>\n<div id=\"briti-1920391449\" class=\"briti-icerikten-sonra_2\" style=\"margin-top: 25px;margin-bottom: 25px;\"><a href=\"https:\/\/wa.me\/message\/NDZLLIOQT4H3O1\" aria-label=\"bytv reklam banner\"><img loading=\"lazy\" decoding=\"async\" src=\"https:\/\/by-tv.co.uk\/wp-content\/uploads\/2025\/12\/bytv-reklam-banner.jpg\" alt=\"\"  width=\"2376\" height=\"1008\"   \/><\/a><\/div>","protected":false},"excerpt":{"rendered":"<p>\u0130ngiltere son dakika g\u00fcncel haberler #birdakikabritanya Britanya g\u00fcndeminin 60 saniyelik \u00f6zeti &nbsp; HANE BA\u015eINA FAZLADAN 693 STERL\u0130N ENERJ\u0130 FATURASI \u0130ngiltere\u2019de 22 milyon haneyi ilgilendiren yeni d\u00fczenlemeye g\u00f6re, bir hane i\u00e7in ortalama standart enerji faturas\u0131nda tavan fiyat %54 artarak y\u0131ll\u0131k 1277 sterlinden 1971 sterline y\u00fckseldi. Yeni fiyat \u0130ngiltere, Galler ve \u0130sko\u00e7ya i\u00e7in Nisan ay\u0131ndan itibaren ge\u00e7erli olacak. H\u00fck\u00fcmet, enerji giderlerinin hane halk\u0131 \u00fczerindeki etkisini azaltmak amac\u0131yla yapt\u0131\u011f\u0131 a\u00e7\u0131klamada hane ba\u015f\u0131na 350 sterlin yard\u0131m yap\u0131laca\u011f\u0131n\u0131 duyurdu. Bunun 150 sterlini belediye vergisi indirimi olarak yans\u0131yacak ve geri \u00f6denmesi gerekmeyecek. Elektrik faturalar\u0131nda da bir defaya mahsus 200 sterlin indirim yap\u0131lacak; ancak bu yard\u0131m, y\u0131lda [&hellip;]<\/p>\n","protected":false},"author":1,"featured_media":14158,"comment_status":"open","ping_status":"open","sticky":false,"template":"","format":"standard","meta":{"ngg_post_thumbnail":0,"footnotes":""},"categories":[1],"tags":[],"class_list":["post-14229","post","type-post","status-publish","format-standard","has-post-thumbnail","hentry","category-genel"],"_links":{"self":[{"href":"https:\/\/by-tv.co.uk\/en\/wp-json\/wp\/v2\/posts\/14229","targetHints":{"allow":["GET"]}}],"collection":[{"href":"https:\/\/by-tv.co.uk\/en\/wp-json\/wp\/v2\/posts"}],"about":[{"href":"https:\/\/by-tv.co.uk\/en\/wp-json\/wp\/v2\/types\/post"}],"author":[{"embeddable":true,"href":"https:\/\/by-tv.co.uk\/en\/wp-json\/wp\/v2\/users\/1"}],"replies":[{"embeddable":true,"href":"https:\/\/by-tv.co.uk\/en\/wp-json\/wp\/v2\/comments?post=14229"}],"version-history":[{"count":0,"href":"https:\/\/by-tv.co.uk\/en\/wp-json\/wp\/v2\/posts\/14229\/revisions"}],"wp:featuredmedia":[{"embeddable":true,"href":"https:\/\/by-tv.co.uk\/en\/wp-json\/wp\/v2\/media\/14158"}],"wp:attachment":[{"href":"https:\/\/by-tv.co.uk\/en\/wp-json\/wp\/v2\/media?parent=14229"}],"wp:term":[{"taxonomy":"category","embeddable":true,"href":"https:\/\/by-tv.co.uk\/en\/wp-json\/wp\/v2\/categories?post=14229"},{"taxonomy":"post_tag","embeddable":true,"href":"https:\/\/by-tv.co.uk\/en\/wp-json\/wp\/v2\/tags?post=14229"}],"curies":[{"name":"wp","href":"https:\/\/api.w.org\/{rel}","templated":true}]}}