{"id":14187,"date":"2022-02-01T15:24:10","date_gmt":"2022-02-01T15:24:10","guid":{"rendered":"https:\/\/by-tv.co.uk\/?p=14187"},"modified":"2022-02-01T15:25:25","modified_gmt":"2022-02-01T15:25:25","slug":"bir-dakika-britanya-ile-ingiltere-son-dakika-guncel-haberler-01-subat-2021","status":"publish","type":"post","link":"https:\/\/by-tv.co.uk\/en\/bir-dakika-britanya-ile-ingiltere-son-dakika-guncel-haberler-01-subat-2021\/","title":{"rendered":"Bir Dakika Britanya ile \u0130ngiltere son dakika g\u00fcncel haberler, 01 \u015eubat 2021"},"content":{"rendered":"<p style=\"text-align: left;\">\u0130ngiltere son dakika g\u00fcncel haberler #birdakikabritanya<br \/>\nBritanya g\u00fcndeminin 60 saniyelik \u00f6zeti<\/p>\n<h4>BA\u015eBAKAN JOHNSON \u00d6Z\u00dcR D\u0130LED\u0130<\/h4>\n<p>\u0130ngiltere&#8217;de, pandemi sebebiyle uygulanan k\u0131s\u0131tlamalar\u0131n oldu\u011fu d\u00f6nemde Ba\u015fbakanl\u0131k Konutu&#8217;nda d\u00fczenlendi\u011fi iddia edilen partiler hakk\u0131nda M\u00fcste\u015far Sue Gray; taraf\u0131ndan y\u00fcr\u00fct\u00fclen soru\u015fturman\u0131n raporu yay\u0131mland\u0131. Ba\u015fbakan Boris Johnson hatal\u0131 oldu\u011funu kabul etti, \u00f6z\u00fcr diledi. Ana muhalefetteki \u0130\u015f\u00e7i Partisi lideri Sir Keir Starmer &#8220;Ba\u015fbakan hepimizi aptal yerine koydu&#8221; dedi ve utanmazl\u0131kla su\u00e7lad\u0131\u011f\u0131 Johnson&#8217;\u0131 istifaya davet etti.<\/p>\n<h4>NHS \u00c7ALI\u015eANLARA COVID 19 A\u015eI ZORUNLULU\u011eU KALKIYOR<\/h4>\n<p>\u0130ngiltere Sa\u011fl\u0131k Bakan\u0131 Sajid Javid, sa\u011fl\u0131k \u00e7al\u0131\u015fanlar\u0131na Nisan 2022&#8217;de zorunlu olarak yap\u0131lmas\u0131 kararla\u015ft\u0131r\u0131lan covid a\u015f\u0131 \u015fart\u0131n\u0131n kald\u0131r\u0131laca\u011f\u0131n\u0131 a\u00e7\u0131klad\u0131. Javid bu karara gerek\u00e7e olarak Delta varyant\u0131n\u0131n yerini Omicron&#8217;a b\u0131rakmas\u0131n\u0131 g\u00f6sterdi.<\/p><div id=\"briti-139122795\" class=\"briti-icerik\" style=\"margin-top: 5px;margin-bottom: 5px;\"><a href=\"https:\/\/piaryum.com\/services\/\" aria-label=\"piaryum banner\"><img loading=\"lazy\" decoding=\"async\" src=\"https:\/\/by-tv.co.uk\/wp-content\/uploads\/2025\/12\/Gemini_Generated_Image_g5yqr1g5yqr1g5yq.jpg\" alt=\"\"  width=\"2064\" height=\"1152\"   \/><\/a><\/div>\n<p><iframe loading=\"lazy\" title=\"YouTube video player\" src=\"https:\/\/www.youtube.com\/embed\/jp74Tyx659E\" width=\"783\" height=\"715\" frameborder=\"0\" allowfullscreen=\"allowfullscreen\"><\/iframe><\/p>\n<h4>LONDRA\u2019DA HER 100 M\u00dcLK\u00dc 157 K\u0130\u015e\u0130 K\u0130RALAMAK \u0130ST\u0130YOR<\/h4>\n<p>Sigorta devi Admiral, on Londral\u0131dan yakla\u015f\u0131k dokuzunun art\u0131k ba\u015fkentteki ortalama kira maliyetini kar\u015f\u0131layamayaca\u011f\u0131 konusunda uyard\u0131. Temel sebebin talebin arz\u0131 kar\u015f\u0131layacak durumda olmad\u0131\u011f\u0131n\u0131 s\u00f6yleyen firma Londra&#8217;da, kiralanacak her 100 m\u00fclk i\u00e7in m\u00fclk\u00fc kiralamak isteyen 157 ki\u015finin oldu\u011funu kaydetti.<\/p>\n<h4>WEST YORKSHIRE\u2019DEN TAC\u0130ZLE M\u00dcCADELE T\u0130M\u0130<\/h4>\n<p>West Yorkshire b\u00f6lgesine ba\u011fl\u0131 polis departman\u0131 gizli kad\u0131n polislerden olu\u015fan bir tacizle m\u00fccadele timi kurdu. Sivil giyimli kad\u0131n polisler, cinsel i\u00e7erikli ifadeler kullanan tacizcilerin ara\u00e7lar\u0131n\u0131 kenara \u00e7ekme ve para cezas\u0131 yazma yetkisine de sahip. Tacizcilerin mahkemede yarg\u0131lanmas\u0131 halinde 1000 sterlin para cezas\u0131 \u00f6demesi m\u00fcmk\u00fcn.<\/p>\n<p>&nbsp;<\/p>\n<div class=\"\" data-block=\"true\" data-editor=\"ehltf\" data-offset-key=\"2qgai-0-0\">\n<div class=\"_1mf _1mj\" data-offset-key=\"2qgai-0-0\">\n<h5 style=\"text-align: left;\"><a href=\"https:\/\/by-tv.co.uk\/en\/?s=bir+dakika+britanya\"><strong>Bir Dakika Britanya<\/strong><\/a><\/h5>\n<p style=\"text-align: left;\">Bir Dakika Britanya b\u00fcltenine reklam vermek i\u00e7in hemen aray\u0131n veya WhatsApp\u2019tan mesaj at\u0131n biz sizi arayal\u0131m! <a href=\"https:\/\/api.whatsapp.com\/message\/NDZLLIOQT4H3O1\" target=\"_blank\" rel=\"noopener\">07857359643<\/a><\/p>\n<p style=\"text-align: left;\"><strong><a href=\"https:\/\/api.whatsapp.com\/message\/NDZLLIOQT4H3O1\" target=\"_blank\" rel=\"noopener\">WhatsApp\u2019tan Ara veya Mesaj G\u00f6nder!<\/a><\/strong><\/p>\n<h4 style=\"text-align: left;\">Neden Brit \u0130\u015f Ya\u015fam TV?<\/h4>\n<p style=\"text-align: left;\">Brit \u0130\u015f Ya\u015fam TV; ad\u0131ndan da anla\u015f\u0131laca\u011f\u0131 gibi daha \u00e7ok \u0130ngiltere\u2019deki ve a\u011f\u0131rl\u0131kl\u0131 olarak Ba\u015fkent Londra\u2019daki i\u015f ve ya\u015fam haberlerine odaklanm\u0131\u015f \u0130ngiltere\u2019de T\u00fcrk\u00e7e yay\u0131n yapan tematik bir haber sitesidir. Haber sitemizde ve sosyal medya hesaplar\u0131m\u0131zda abart\u0131l\u0131, yan\u0131lt\u0131c\u0131, toplumu geren, mesnetsiz ve sa\u011flam kaynaklara dayanmayan haberlerden ka\u00e7\u0131n\u0131yoruz. \u0130ngiltere g\u00fcncel haberleri hafta i\u00e7i her g\u00fcn ekran\u0131n\u0131za getiriyoruz.<\/p>\n<p style=\"text-align: left;\">\ud83d\udde8\ufe0fHer hafta \u0130ngiltere\u2019deki yat\u0131r\u0131m f\u0131rsatlar\u0131n\u0131, yat\u0131r\u0131m iklimini ve ticaret yapman\u0131n p\u00fcf noktalar\u0131n\u0131n yer ald\u0131\u011f\u0131 ve Genel Yay\u0131n Y\u00f6netmenimiz&nbsp;<strong><a href=\"https:\/\/www.linkedin.com\/in\/erginbbo\/\" target=\"_blank\" rel=\"noopener\">Ergin Balabeyo\u011flu<\/a><\/strong>&nbsp;ve Yay\u0131n Dan\u0131\u015fman\u0131m\u0131z, T\u00fcrk \u0130ngiliz Ticaret ve Sanayi Odas\u0131 Y\u00f6netim Kurulu \u00dcyesi&nbsp;<strong><a href=\"https:\/\/www.linkedin.com\/in\/kemal-sidar\/\" target=\"_blank\" rel=\"noopener\">Kemal Sidar\u2019<\/a><\/strong>\u0131n ortakla\u015fa haz\u0131rlad\u0131\u011f\u0131<strong><a href=\"https:\/\/by-tv.co.uk\/en\/ingilterede-is-ve-yatirim-ev-tekstili-sektoru-17-bolum\/\">&nbsp;\u201c\u0130ngiltere\u2019de \u0130\u015f ve Yat\u0131r\u0131m\u201d<\/a>&nbsp;<\/strong>&nbsp;program\u0131 \u0130ngiltere\u2019de i\u015f ve yat\u0131r\u0131m yapmak isteyenlere \u00f6nemli bir rehber haline geldi. 20 b\u00f6l\u00fcmden fazla haz\u0131rlanan programda tekstilden g\u0131daya, ula\u015f\u0131mdan lojisti\u011fe, payla\u015f\u0131m ekonomisinden e-ticarete kadar onlarca konuda uzman konuklar yer ald\u0131.<\/p>\n<h4 style=\"text-align: left;\">Bir Dakika Britanya<\/h4>\n<p style=\"text-align: left;\">1 Aral\u0131k 2020\u2019de ilk yay\u0131n\u0131na ba\u015flad\u0131\u011f\u0131m\u0131z<a href=\"https:\/\/www.instagram.com\/p\/CRaKX80KzmV\/\" target=\"_blank\" rel=\"noopener\"><strong>&nbsp;\u201cBir Dakika Britanya\u201d<\/strong>&nbsp;<\/a>ile hafta i\u00e7i her g\u00fcn g\u00fcncel konular\u0131ndan olu\u015fan k\u0131sa bir b\u00fclten yay\u0131nl\u0131yoruz. Bu b\u00fcltende uygulad\u0131\u011f\u0131m\u0131z bant reklam format\u0131 ile reklam veren ki\u015fi ve kurumlar tek videoda binlerce ki\u015fiye ula\u015f\u0131yor. Bir Dakika Britanya ile \u0130ngiltere son dakika g\u00fcncel haberlerini ka\u00e7\u0131rmay\u0131n.&nbsp;<\/p>\n<div id=\"attachment_11940\" style=\"width: 2570px\" class=\"wp-caption alignleft\"><img loading=\"lazy\" decoding=\"async\" aria-describedby=\"caption-attachment-11940\" class=\"wp-image-11940 size-full\" src=\"https:\/\/by-tv.co.uk\/wp-content\/uploads\/2021\/07\/Facebook-Cover-new-scaled.jpg\" alt=\"\" width=\"2560\" height=\"948\" title=\"\"><p id=\"caption-attachment-11940\" class=\"wp-caption-text\">\u0130ngiltere son dakika g\u00fcncel haberler, Bir Dakika Britanya ile hafta i\u00e7i her g\u00fcn yay\u0131nda.<\/p><\/div>\n<h4 style=\"text-align: left;\">\u0130ngiltere ve Londra Seri \u0130lanlar<\/h4>\n<p style=\"text-align: left;\">Hem grafik reklamlar\u0131n\u0131z hem de video bant reklamlar\u0131n\u0131z i\u00e7in kreatif ekibimiz imdad\u0131n\u0131za yeti\u015fiyor. Teklif almak i\u00e7in hemen bizi aray\u0131n !&nbsp;<strong><a href=\"https:\/\/api.whatsapp.com\/message\/NDZLLIOQT4H3O1\" target=\"_blank\" rel=\"noopener\">07857359643<\/a><\/strong><\/p>\n<p style=\"text-align: left;\">\u0130ngiltere son dakika g\u00fcncel haberler<\/p>\n<p style=\"text-align: left;\">#ingilteret\u00fcrkleri #yurtd\u0131\u015f\u0131e\u011fitim #londral\u0131t\u00fcrkler #londra #londratvprogram #ingilteret\u00fcrkiye #t\u00fcrkiyeingiltere #londrae\u011fitim #ingilteree\u011fitim #ankaraanla\u015fmas\u0131 #yurtd\u0131\u015f\u0131vize #isko\u00e7ya #galler #kuzeyirlanda #cardiff #edinburgh #kraliyetailesi #birle\u015fikkrall\u0131k #birdakikabritanya<\/p>\n<div id=\"attachment_14051\" style=\"width: 1610px\" class=\"wp-caption alignleft\"><img loading=\"lazy\" decoding=\"async\" aria-describedby=\"caption-attachment-14051\" class=\"size-full wp-image-14051\" src=\"https:\/\/by-tv.co.uk\/wp-content\/uploads\/2022\/01\/WhatsApp-Image-2022-01-17-at-16.20.46-1.jpeg\" alt=\"\" width=\"1600\" height=\"899\" title=\"\"><p id=\"caption-attachment-14051\" class=\"wp-caption-text\">\u0130ngiltere son dakika g\u00fcncel haberler<\/p><\/div>\n<\/div>\n<\/div>\n<div id=\"briti-2392205898\" class=\"briti-icerikten-sonra_2\" style=\"margin-top: 25px;margin-bottom: 25px;\"><a href=\"https:\/\/wa.me\/message\/NDZLLIOQT4H3O1\" aria-label=\"bytv reklam banner\"><img loading=\"lazy\" decoding=\"async\" src=\"https:\/\/by-tv.co.uk\/wp-content\/uploads\/2025\/12\/bytv-reklam-banner.jpg\" alt=\"\"  width=\"2376\" height=\"1008\"   \/><\/a><\/div>","protected":false},"excerpt":{"rendered":"<p>\u0130ngiltere son dakika g\u00fcncel haberler #birdakikabritanya Britanya g\u00fcndeminin 60 saniyelik \u00f6zeti BA\u015eBAKAN JOHNSON \u00d6Z\u00dcR D\u0130LED\u0130 \u0130ngiltere&#8217;de, pandemi sebebiyle uygulanan k\u0131s\u0131tlamalar\u0131n oldu\u011fu d\u00f6nemde Ba\u015fbakanl\u0131k Konutu&#8217;nda d\u00fczenlendi\u011fi iddia edilen partiler hakk\u0131nda M\u00fcste\u015far Sue Gray; taraf\u0131ndan y\u00fcr\u00fct\u00fclen soru\u015fturman\u0131n raporu yay\u0131mland\u0131. Ba\u015fbakan Boris Johnson hatal\u0131 oldu\u011funu kabul etti, \u00f6z\u00fcr diledi. Ana muhalefetteki \u0130\u015f\u00e7i Partisi lideri Sir Keir Starmer &#8220;Ba\u015fbakan hepimizi aptal yerine koydu&#8221; dedi ve utanmazl\u0131kla su\u00e7lad\u0131\u011f\u0131 Johnson&#8217;\u0131 istifaya davet etti. NHS \u00c7ALI\u015eANLARA COVID 19 A\u015eI ZORUNLULU\u011eU KALKIYOR \u0130ngiltere Sa\u011fl\u0131k Bakan\u0131 Sajid Javid, sa\u011fl\u0131k \u00e7al\u0131\u015fanlar\u0131na Nisan 2022&#8217;de zorunlu olarak yap\u0131lmas\u0131 kararla\u015ft\u0131r\u0131lan covid a\u015f\u0131 \u015fart\u0131n\u0131n kald\u0131r\u0131laca\u011f\u0131n\u0131 a\u00e7\u0131klad\u0131. Javid bu karara gerek\u00e7e olarak Delta varyant\u0131n\u0131n yerini [&hellip;]<\/p>\n","protected":false},"author":1,"featured_media":14158,"comment_status":"open","ping_status":"open","sticky":false,"template":"","format":"standard","meta":{"ngg_post_thumbnail":0,"footnotes":""},"categories":[1],"tags":[4083,149,4084],"class_list":["post-14187","post","type-post","status-publish","format-standard","has-post-thumbnail","hentry","category-genel","tag-basbakan-johnson","tag-ingiltere","tag-sue-gray-raporu"],"_links":{"self":[{"href":"https:\/\/by-tv.co.uk\/en\/wp-json\/wp\/v2\/posts\/14187","targetHints":{"allow":["GET"]}}],"collection":[{"href":"https:\/\/by-tv.co.uk\/en\/wp-json\/wp\/v2\/posts"}],"about":[{"href":"https:\/\/by-tv.co.uk\/en\/wp-json\/wp\/v2\/types\/post"}],"author":[{"embeddable":true,"href":"https:\/\/by-tv.co.uk\/en\/wp-json\/wp\/v2\/users\/1"}],"replies":[{"embeddable":true,"href":"https:\/\/by-tv.co.uk\/en\/wp-json\/wp\/v2\/comments?post=14187"}],"version-history":[{"count":0,"href":"https:\/\/by-tv.co.uk\/en\/wp-json\/wp\/v2\/posts\/14187\/revisions"}],"wp:featuredmedia":[{"embeddable":true,"href":"https:\/\/by-tv.co.uk\/en\/wp-json\/wp\/v2\/media\/14158"}],"wp:attachment":[{"href":"https:\/\/by-tv.co.uk\/en\/wp-json\/wp\/v2\/media?parent=14187"}],"wp:term":[{"taxonomy":"category","embeddable":true,"href":"https:\/\/by-tv.co.uk\/en\/wp-json\/wp\/v2\/categories?post=14187"},{"taxonomy":"post_tag","embeddable":true,"href":"https:\/\/by-tv.co.uk\/en\/wp-json\/wp\/v2\/tags?post=14187"}],"curies":[{"name":"wp","href":"https:\/\/api.w.org\/{rel}","templated":true}]}}