{"id":14053,"date":"2022-01-18T12:05:22","date_gmt":"2022-01-18T12:05:22","guid":{"rendered":"https:\/\/by-tv.co.uk\/?p=14053"},"modified":"2022-01-18T21:57:46","modified_gmt":"2022-01-18T21:57:46","slug":"kuzey-enfield-milletvekili-feryal-clark-ingiliz-parlamentosunda-geciken-ankara-anlasmasi-vizelerini-sordu","status":"publish","type":"post","link":"https:\/\/by-tv.co.uk\/en\/kuzey-enfield-milletvekili-feryal-clark-ingiliz-parlamentosunda-geciken-ankara-anlasmasi-vizelerini-sordu\/","title":{"rendered":"Kuzey Enfield Milletvekili Feryal Clark; \u0130ngiliz Parlamentosu&#8217;nda geciken Ankara Anla\u015fmas\u0131 vizelerini sordu"},"content":{"rendered":"<p>Kuzey Enfield Milletvekili Feryal Clark; \u0130ngiliz Parlamentosu&#8217;nda geciken Ankara Anla\u015fmas\u0131 vizelerini sordu. Clark, \u0130\u00e7i\u015fleri Bakanl\u0131\u011f\u0131na y\u00f6neltti\u011fi soruda 14 ayd\u0131r vize bekleyenlerin oldu\u011funu s\u00f6yledi.<\/p>\n<blockquote class=\"instagram-media\" style=\"background: #FFF; border: 0; border-radius: 3px; box-shadow: 0 0 1px 0 rgba(0,0,0,0.5),0 1px 10px 0 rgba(0,0,0,0.15); margin: 1px; max-width: 540px; min-width: 326px; padding: 0; width: calc(100% - 2px);\" data-instgrm-permalink=\"https:\/\/www.instagram.com\/tv\/CY3v25IlIIl\/?utm_source=ig_embed&amp;utm_campaign=loading\" data-instgrm-version=\"14\">\n<div style=\"padding: 16px;\">\n<p>&nbsp;<\/p>\n<div style=\"display: flex; flex-direction: row; align-items: center;\">\n<div style=\"background-color: #f4f4f4; border-radius: 50%; flex-grow: 0; height: 40px; margin-right: 14px; width: 40px;\">&nbsp;<\/div>\n<div style=\"display: flex; flex-direction: column; flex-grow: 1; justify-content: center;\">\n<div style=\"background-color: #f4f4f4; border-radius: 4px; flex-grow: 0; height: 14px; margin-bottom: 6px; width: 100px;\">&nbsp;<\/div>\n<div style=\"background-color: #f4f4f4; border-radius: 4px; flex-grow: 0; height: 14px; width: 60px;\">&nbsp;<\/div>\n<\/div>\n<\/div>\n<div style=\"padding: 19% 0;\">&nbsp;<\/div>\n<div style=\"display: block; height: 50px; margin: 0 auto 12px; width: 50px;\">&nbsp;<\/div>\n<div style=\"padding-top: 8px;\">\n<div style=\"color: #3897f0; font-family: Arial,sans-serif; font-size: 14px; font-style: normal; font-weight: 550; line-height: 18px;\">Bu g\u00f6nderiyi Instagram&#8217;da g\u00f6r<\/div>\n<\/div>\n<div style=\"padding: 12.5% 0;\">&nbsp;<\/div>\n<div style=\"display: flex; flex-direction: row; margin-bottom: 14px; align-items: center;\">\n<div>\n<div style=\"background-color: #f4f4f4; border-radius: 50%; height: 12.5px; width: 12.5px; transform: translateX(0px) translateY(7px);\">&nbsp;<\/div>\n<div style=\"background-color: #f4f4f4; height: 12.5px; transform: rotate(-45deg) translateX(3px) translateY(1px); width: 12.5px; flex-grow: 0; margin-right: 14px; margin-left: 2px;\">&nbsp;<\/div>\n<div style=\"background-color: #f4f4f4; border-radius: 50%; height: 12.5px; width: 12.5px; transform: translateX(9px) translateY(-18px);\">&nbsp;<\/div>\n<\/div>\n<div style=\"margin-left: 8px;\">\n<div style=\"background-color: #f4f4f4; border-radius: 50%; flex-grow: 0; height: 20px; width: 20px;\">&nbsp;<\/div>\n<div style=\"width: 0; height: 0; border-top: 2px solid transparent; border-left: 6px solid #f4f4f4; border-bottom: 2px solid transparent; transform: translateX(16px) translateY(-4px) rotate(30deg);\">&nbsp;<\/div>\n<\/div>\n<div style=\"margin-left: auto;\">\n<div style=\"width: 0px; border-top: 8px solid #F4F4F4; border-right: 8px solid transparent; transform: translateY(16px);\">&nbsp;<\/div>\n<div style=\"background-color: #f4f4f4; flex-grow: 0; height: 12px; width: 16px; transform: translateY(-4px);\">&nbsp;<\/div>\n<div style=\"width: 0; height: 0; border-top: 8px solid #F4F4F4; border-left: 8px solid transparent; transform: translateY(-4px) translateX(8px);\">&nbsp;<\/div>\n<\/div>\n<\/div>\n<div style=\"display: flex; flex-direction: column; flex-grow: 1; justify-content: center; margin-bottom: 24px;\">\n<div style=\"background-color: #f4f4f4; border-radius: 4px; flex-grow: 0; height: 14px; margin-bottom: 6px; width: 224px;\">&nbsp;<\/div>\n<div style=\"background-color: #f4f4f4; border-radius: 4px; flex-grow: 0; height: 14px; width: 144px;\">&nbsp;<\/div>\n<\/div>\n<p>&nbsp;<\/p>\n<p style=\"color: #c9c8cd; font-family: Arial,sans-serif; font-size: 14px; line-height: 17px; margin-bottom: 0; margin-top: 8px; overflow: hidden; padding: 8px 0 7px; text-align: center; text-overflow: ellipsis; white-space: nowrap;\"><a style=\"color: #c9c8cd; font-family: Arial,sans-serif; font-size: 14px; font-style: normal; font-weight: normal; line-height: 17px; text-decoration: none;\" href=\"https:\/\/www.instagram.com\/tv\/CY3v25IlIIl\/?utm_source=ig_embed&amp;utm_campaign=loading\" target=\"_blank\" rel=\"noopener\">Brit \u0130\u015f Ya\u015fam TV (@britisyasamtv)&#8217;in payla\u015ft\u0131\u011f\u0131 bir g\u00f6nderi<\/a><\/p>\n<\/div>\n<\/blockquote>\n<p><script async=\"\" src=\"\/\/www.instagram.com\/embed.js\"><\/script><br \/>\nFeryal Clark; &#8220;Enfield North se\u00e7im b\u00f6lgemdeki y\u00fczlerce insan, bu \u00fclkede i\u015f kurmalar\u0131na izin veren Ankara anla\u015fmas\u0131 olarak da bilinen Avrupa Toplulu\u011fu Birli\u011fi anla\u015fmas\u0131 vizesiyle bu \u00fclkede ikamet ediyor. Bu \u00fclkede kal\u0131\u015f s\u00fcrelerini uzatmaya \u00e7al\u0131\u015ft\u0131klar\u0131nda \u00e7o\u011fu vizelerini yenileyemiyor. \u00dclke genelinden ayn\u0131 sorunu ya\u015fad\u0131\u011f\u0131n\u0131 anlatan y\u00fczlerce e-posta geldi. Baz\u0131 ba\u015fvurularda gecikmeler 14 ay\u0131 buldu. Bu durum ki\u015filerin i\u015fyeri kiralamalar\u0131n\u0131, ev ve konut s\u00f6zle\u015fmelerini yenileyemeyecekleri anlam\u0131na gelir. Bakan, ya\u015famlar\u0131 durma noktas\u0131na gelen se\u00e7menlerime bu s\u00fcrelerin azalt\u0131laca\u011f\u0131na ve ba\u015fvurular\u0131na zaman\u0131nda yan\u0131t alacaklar\u0131na dair ne g\u00fcvence verebilir?&#8221; diye sordu.<\/p>\n<p>Home Office (\u0130\u00e7i\u015fleri Bakanl\u0131\u011f\u0131) ad\u0131na konu\u015fan yetkili &#8220;Elimizden geleni yap\u0131yoruz, bize buna ili\u015fkin \u00f6zel dosyalar\u0131n\u0131 iletebilirseniz&#8221; cevab\u0131n\u0131 verdi.<\/p><div id=\"briti-2037064905\" class=\"briti-icerik\" style=\"margin-top: 5px;margin-bottom: 5px;\"><a href=\"https:\/\/piaryum.com\/services\/\" aria-label=\"piaryum banner\"><img loading=\"lazy\" decoding=\"async\" src=\"https:\/\/by-tv.co.uk\/wp-content\/uploads\/2025\/12\/Gemini_Generated_Image_g5yqr1g5yqr1g5yq.jpg\" alt=\"\"  width=\"2064\" height=\"1152\"   \/><\/a><\/div>\n<div id=\"briti-454617978\" class=\"briti-icerikten-sonra_2\" style=\"margin-top: 25px;margin-bottom: 25px;\"><a href=\"https:\/\/wa.me\/message\/NDZLLIOQT4H3O1\" aria-label=\"bytv reklam banner\"><img loading=\"lazy\" decoding=\"async\" src=\"https:\/\/by-tv.co.uk\/wp-content\/uploads\/2025\/12\/bytv-reklam-banner.jpg\" alt=\"\"  width=\"2376\" height=\"1008\"   \/><\/a><\/div>","protected":false},"excerpt":{"rendered":"<p>Kuzey Enfield Milletvekili Feryal Clark; \u0130ngiliz Parlamentosu&#8217;nda geciken Ankara Anla\u015fmas\u0131 vizelerini sordu. Clark, \u0130\u00e7i\u015fleri Bakanl\u0131\u011f\u0131na y\u00f6neltti\u011fi soruda 14 ayd\u0131r vize bekleyenlerin oldu\u011funu s\u00f6yledi. &nbsp; &nbsp; &nbsp; &nbsp; &nbsp; &nbsp; Bu g\u00f6nderiyi Instagram&#8217;da g\u00f6r &nbsp; &nbsp; &nbsp; &nbsp; &nbsp; &nbsp; &nbsp; &nbsp; &nbsp; &nbsp; &nbsp; &nbsp; Brit \u0130\u015f Ya\u015fam TV (@britisyasamtv)&#8217;in payla\u015ft\u0131\u011f\u0131 bir g\u00f6nderi Feryal Clark; &#8220;Enfield North se\u00e7im b\u00f6lgemdeki y\u00fczlerce insan, bu \u00fclkede i\u015f kurmalar\u0131na izin veren Ankara anla\u015fmas\u0131 olarak da bilinen Avrupa Toplulu\u011fu Birli\u011fi anla\u015fmas\u0131 vizesiyle bu \u00fclkede ikamet ediyor. Bu \u00fclkede kal\u0131\u015f s\u00fcrelerini uzatmaya \u00e7al\u0131\u015ft\u0131klar\u0131nda \u00e7o\u011fu vizelerini yenileyemiyor. \u00dclke genelinden ayn\u0131 sorunu ya\u015fad\u0131\u011f\u0131n\u0131 anlatan y\u00fczlerce e-posta geldi. Baz\u0131 [&hellip;]<\/p>\n","protected":false},"author":1,"featured_media":0,"comment_status":"open","ping_status":"open","sticky":false,"template":"","format":"standard","meta":{"ngg_post_thumbnail":0,"footnotes":""},"categories":[1],"tags":[234,360],"class_list":["post-14053","post","type-post","status-publish","format-standard","hentry","category-genel","tag-ankara-anlasmasi","tag-feryal-clark"],"_links":{"self":[{"href":"https:\/\/by-tv.co.uk\/en\/wp-json\/wp\/v2\/posts\/14053","targetHints":{"allow":["GET"]}}],"collection":[{"href":"https:\/\/by-tv.co.uk\/en\/wp-json\/wp\/v2\/posts"}],"about":[{"href":"https:\/\/by-tv.co.uk\/en\/wp-json\/wp\/v2\/types\/post"}],"author":[{"embeddable":true,"href":"https:\/\/by-tv.co.uk\/en\/wp-json\/wp\/v2\/users\/1"}],"replies":[{"embeddable":true,"href":"https:\/\/by-tv.co.uk\/en\/wp-json\/wp\/v2\/comments?post=14053"}],"version-history":[{"count":0,"href":"https:\/\/by-tv.co.uk\/en\/wp-json\/wp\/v2\/posts\/14053\/revisions"}],"wp:attachment":[{"href":"https:\/\/by-tv.co.uk\/en\/wp-json\/wp\/v2\/media?parent=14053"}],"wp:term":[{"taxonomy":"category","embeddable":true,"href":"https:\/\/by-tv.co.uk\/en\/wp-json\/wp\/v2\/categories?post=14053"},{"taxonomy":"post_tag","embeddable":true,"href":"https:\/\/by-tv.co.uk\/en\/wp-json\/wp\/v2\/tags?post=14053"}],"curies":[{"name":"wp","href":"https:\/\/api.w.org\/{rel}","templated":true}]}}