{"id":13674,"date":"2021-12-02T12:01:30","date_gmt":"2021-12-02T12:01:30","guid":{"rendered":"https:\/\/by-tv.co.uk\/?p=13674"},"modified":"2021-12-02T12:01:30","modified_gmt":"2021-12-02T12:01:30","slug":"turkiye-birlesik-krallik-saglik-is-forumu-gerceklesti","status":"publish","type":"post","link":"https:\/\/by-tv.co.uk\/en\/turkiye-birlesik-krallik-saglik-is-forumu-gerceklesti\/","title":{"rendered":"T\u00fcrkiye &#8211; Birle\u015fik Krall\u0131k Sa\u011fl\u0131k \u0130\u015f Forumu ger\u00e7ekle\u015fti"},"content":{"rendered":"<p>Birle\u015fik Krall\u0131k \u0130stanbul Ba\u015fkonsolosu ve Do\u011fu Avrupa ve Orta Asya A\u011f\u0131 (EECAN) Ticaret M\u00fcste\u015far\u0131 Kenan Poleo, T\u00fcrkiye &#8211; Birle\u015fik Krall\u0131k Sa\u011fl\u0131k \u0130\u015f Forumu\u2019nda a\u00e7\u0131l\u0131\u015f konu\u015fmas\u0131 yapt\u0131. T\u00fcrkiye ve Birle\u015fik Krall\u0131k\u2019\u0131n sa\u011fl\u0131k sekt\u00f6r\u00fcnde ticari ve bilimsel alanda i\u015fbirli\u011fi i\u00e7in nas\u0131l bir ortakl\u0131k geli\u015ftirebilece\u011finden bahseden Poleo sa\u011fl\u0131k konusunda heyecan verici i\u015fbirli\u011fi f\u0131rsatlar\u0131n oldu\u011funu kaydetti.<\/p>\n<blockquote class=\"twitter-tweet\">\n<p dir=\"ltr\" lang=\"tr\">Bug\u00fcn, \ud83c\uddf9\ud83c\uddf7 <a href=\"https:\/\/twitter.com\/saglikbakanligi?ref_src=twsrc%5Etfw\" target=\"_blank\" rel=\"noopener\">@saglikbakanligi<\/a> ile birlikte \u0130stanbul\u2019da ger\u00e7ekle\u015ftirdi\u011fimiz T\u00fcrkiye &#8211; Birle\u015fik Krall\u0131k Sa\u011fl\u0131k \u0130\u015f Forumu\u2019na ev sahipli\u011fi yapmaktan onur duydum, olduk\u00e7a \u00f6nemli bir giri\u015fim! <a href=\"https:\/\/t.co\/KLF5RuDgQI\">pic.twitter.com\/KLF5RuDgQI<\/a><\/p>\n<p>\u2014 Dominick Chilcott (@DChilcottFCDO) <a href=\"https:\/\/twitter.com\/DChilcottFCDO\/status\/1466371913543045121?ref_src=twsrc%5Etfw\" target=\"_blank\" rel=\"noopener\">December 2, 2021<\/a><\/p><\/blockquote>\n<p><script async=\"\" src=\"https:\/\/platform.twitter.com\/widgets.js\" charset=\"utf-8\"><\/script><br \/>\nBirle\u015fik Krall\u0131k Ankara B\u00fcy\u00fckel\u00e7isi Sir Dominick Chilcott da; &#8220;Birle\u015fik Krall\u0131k ve T\u00fcrkiye aras\u0131ndaki ticaret ve bilim alan\u0131ndaki i\u015fbirli\u011fini \u00e7e\u015fitli sa\u011fl\u0131k sekt\u00f6r\u00fc alanlar\u0131nda geni\u015fletmek i\u00e7in \u00f6nemli bir potansiyel var. T\u00fcrkiye-Birle\u015fik Krall\u0131k Sa\u011fl\u0131k \u0130\u015f Forumu vesileyle, Covid-19\u2019un 1. dalgas\u0131nda T\u00fcrkiye\u2019nin Birle\u015fik Krall\u0131k\u2019a Ki\u015fisel Koruyucu Ekipman deste\u011fini asla unutmayaca\u011f\u0131m\u0131z\u0131 bir kez daha ifade etmek isterim.&#8221; dedi.<\/p>\n<p>Etkinlik; Birle\u015fik Krall\u0131k T\u00fcrkiye B\u00fcy\u00fckel\u00e7ili\u011fi ve T.C. Sa\u011fl\u0131k Bakanl\u0131\u011f\u0131 i\u015fbirli\u011fiyle ger\u00e7ekle\u015fiyor.<\/p><div id=\"briti-4035639593\" class=\"briti-icerik\" style=\"margin-top: 5px;margin-bottom: 5px;\"><a href=\"https:\/\/piaryum.com\/services\/\" aria-label=\"piaryum banner\"><img loading=\"lazy\" decoding=\"async\" src=\"https:\/\/by-tv.co.uk\/wp-content\/uploads\/2025\/12\/Gemini_Generated_Image_g5yqr1g5yqr1g5yq.jpg\" alt=\"\"  width=\"2064\" height=\"1152\"   \/><\/a><\/div>\n<p>@saglikbakanligi<\/p>\n<p>#T\u00fcrkiye\u0130ngiltere #UKTR #sa\u011fl\u0131k<\/p>\n<div id=\"briti-2013919376\" class=\"briti-icerikten-sonra_2\" style=\"margin-top: 25px;margin-bottom: 25px;\"><a href=\"https:\/\/wa.me\/message\/NDZLLIOQT4H3O1\" aria-label=\"bytv reklam banner\"><img loading=\"lazy\" decoding=\"async\" src=\"https:\/\/by-tv.co.uk\/wp-content\/uploads\/2025\/12\/bytv-reklam-banner.jpg\" alt=\"\"  width=\"2376\" height=\"1008\"   \/><\/a><\/div>","protected":false},"excerpt":{"rendered":"<p>Birle\u015fik Krall\u0131k \u0130stanbul Ba\u015fkonsolosu ve Do\u011fu Avrupa ve Orta Asya A\u011f\u0131 (EECAN) Ticaret M\u00fcste\u015far\u0131 Kenan Poleo, T\u00fcrkiye &#8211; Birle\u015fik Krall\u0131k Sa\u011fl\u0131k \u0130\u015f Forumu\u2019nda a\u00e7\u0131l\u0131\u015f konu\u015fmas\u0131 yapt\u0131. T\u00fcrkiye ve Birle\u015fik Krall\u0131k\u2019\u0131n sa\u011fl\u0131k sekt\u00f6r\u00fcnde ticari ve bilimsel alanda i\u015fbirli\u011fi i\u00e7in nas\u0131l bir ortakl\u0131k geli\u015ftirebilece\u011finden bahseden Poleo sa\u011fl\u0131k konusunda heyecan verici i\u015fbirli\u011fi f\u0131rsatlar\u0131n oldu\u011funu kaydetti. Bug\u00fcn, \ud83c\uddf9\ud83c\uddf7 @saglikbakanligi ile birlikte \u0130stanbul\u2019da ger\u00e7ekle\u015ftirdi\u011fimiz T\u00fcrkiye &#8211; Birle\u015fik Krall\u0131k Sa\u011fl\u0131k \u0130\u015f Forumu\u2019na ev sahipli\u011fi yapmaktan onur duydum, olduk\u00e7a \u00f6nemli bir giri\u015fim! pic.twitter.com\/KLF5RuDgQI \u2014 Dominick Chilcott (@DChilcottFCDO) December 2, 2021 Birle\u015fik Krall\u0131k Ankara B\u00fcy\u00fckel\u00e7isi Sir Dominick Chilcott da; &#8220;Birle\u015fik Krall\u0131k ve T\u00fcrkiye aras\u0131ndaki ticaret ve bilim alan\u0131ndaki [&hellip;]<\/p>\n","protected":false},"author":1,"featured_media":13675,"comment_status":"open","ping_status":"open","sticky":false,"template":"","format":"standard","meta":{"ngg_post_thumbnail":0,"footnotes":""},"categories":[1],"tags":[149,3719,2562,3992],"class_list":["post-13674","post","type-post","status-publish","format-standard","has-post-thumbnail","hentry","category-genel","tag-ingiltere","tag-kenan-poleo","tag-sir-dominick-chilcott","tag-turkiye-birlesik-krallik-saglik-is-forumu"],"_links":{"self":[{"href":"https:\/\/by-tv.co.uk\/en\/wp-json\/wp\/v2\/posts\/13674","targetHints":{"allow":["GET"]}}],"collection":[{"href":"https:\/\/by-tv.co.uk\/en\/wp-json\/wp\/v2\/posts"}],"about":[{"href":"https:\/\/by-tv.co.uk\/en\/wp-json\/wp\/v2\/types\/post"}],"author":[{"embeddable":true,"href":"https:\/\/by-tv.co.uk\/en\/wp-json\/wp\/v2\/users\/1"}],"replies":[{"embeddable":true,"href":"https:\/\/by-tv.co.uk\/en\/wp-json\/wp\/v2\/comments?post=13674"}],"version-history":[{"count":0,"href":"https:\/\/by-tv.co.uk\/en\/wp-json\/wp\/v2\/posts\/13674\/revisions"}],"wp:featuredmedia":[{"embeddable":true,"href":"https:\/\/by-tv.co.uk\/en\/wp-json\/wp\/v2\/media\/13675"}],"wp:attachment":[{"href":"https:\/\/by-tv.co.uk\/en\/wp-json\/wp\/v2\/media?parent=13674"}],"wp:term":[{"taxonomy":"category","embeddable":true,"href":"https:\/\/by-tv.co.uk\/en\/wp-json\/wp\/v2\/categories?post=13674"},{"taxonomy":"post_tag","embeddable":true,"href":"https:\/\/by-tv.co.uk\/en\/wp-json\/wp\/v2\/tags?post=13674"}],"curies":[{"name":"wp","href":"https:\/\/api.w.org\/{rel}","templated":true}]}}