{"id":13251,"date":"2021-10-23T17:23:51","date_gmt":"2021-10-23T16:23:51","guid":{"rendered":"https:\/\/by-tv.co.uk\/?p=13251"},"modified":"2021-10-23T17:26:51","modified_gmt":"2021-10-23T16:26:51","slug":"dogum-ve-ebeveynlik-sirasinda-guvenilir-nhs-yardimi-ve-tavsiyesi","status":"publish","type":"post","link":"https:\/\/by-tv.co.uk\/en\/dogum-ve-ebeveynlik-sirasinda-guvenilir-nhs-yardimi-ve-tavsiyesi\/","title":{"rendered":"Hamilelik, do\u011fum ve ebeveynlik s\u0131ras\u0131nda g\u00fcvenilir NHS yard\u0131m\u0131 ve tavsiyesi i\u00e7in 200 milyon sterlinlik paket"},"content":{"rendered":"<p>\u0130ngiltere H\u00fck\u00fcmeti, 75 farkl\u0131 b\u00f6lgede yer alan aile sa\u011fl\u0131\u011f\u0131 merkezlerinin destek ve tavsiye i\u00e7in &#8220;tek hizmet yeri&#8221;&nbsp; olaca\u011f\u0131n\u0131 s\u00f6yledi.<\/p>\n<p>Maliye Bakan\u0131 ve \u015eans\u00f6lye Rishi Sunak taraf\u0131ndan \u00c7ar\u015famba g\u00fcnk\u00fc B\u00fct\u00e7ede a\u00e7\u0131klayaca\u011f\u0131 aile destek fonu, emzirme dan\u0131\u015fmanl\u0131\u011f\u0131 ve ruh sa\u011fl\u0131\u011f\u0131 hizmetlerine gidecek.<\/p>\n<p>\u0130\u015f\u00e7i Partisi, bu planlar\u0131n ailelere ula\u015fmad\u0131\u011f\u0131n\u0131 ve yap\u0131lan\u0131n bir &#8220;maskelemeden&#8221; ibaret oldu\u011funu belirtti.<\/p><div id=\"briti-1142252931\" class=\"briti-icerik\" style=\"margin-top: 5px;margin-bottom: 5px;\"><a href=\"https:\/\/piaryum.com\/services\/\" aria-label=\"piaryum banner\"><img loading=\"lazy\" decoding=\"async\" src=\"https:\/\/by-tv.co.uk\/wp-content\/uploads\/2025\/12\/Gemini_Generated_Image_g5yqr1g5yqr1g5yq.jpg\" alt=\"\"  width=\"2064\" height=\"1152\"   \/><\/a><\/div>\n<h4>\u0130\u00e7i bo\u015f halka<\/h4>\n<p>\u0130\u015f\u00e7i Partisi&#8217;nin g\u00f6lge e\u011fitim bakan\u0131 Kate Green,&#8221;Muhafazakar\u0131n 11 y\u0131ll\u0131k kesintileri, binden fazla \u00e7ocuk merkezinin kapanmaya zorlanmas\u0131ndan ve \u00e7ocuklar\u0131 hayata haz\u0131rlayan erken \u00f6\u011frenmeyi kesmesinden sonra bu s\u00f6zde taahh\u00fctler i\u00e7i bo\u015f halkalard\u0131r.&#8221; dedi.<\/p>\n<h4>300 bin ailenin desteklenmesi bekleniyor<\/h4>\n<p>Fon, ailelerin par\u00e7alanmas\u0131na yol a\u00e7abilecek karma\u015f\u0131k sorunlarla kar\u015f\u0131 kar\u015f\u0131ya kalan 300.000 aileyi desteklemek i\u00e7in 200 milyon sterlin i\u00e7eriyor.<\/p>\n<p>Yeni aile merkezlerini finanse etmek i\u00e7in 75 yerel makama 82 milyon sterlin verilecek, di\u011fer 100 milyon sterlin ise anne baba adaylar\u0131 i\u00e7in zihinsel sa\u011fl\u0131k deste\u011fine gidecek.<\/p>\n<h4>Londra&#8217;daki Tower Hamlets en d\u00fc\u015f\u00fck emzirme oran\u0131na sahip il\u00e7esi<\/h4>\n<p>BBC&#8217;nin haberine g\u00f6re; \u0130ngiltere&#8217;de normalin \u00e7ok alt\u0131ndaki bir s\u00fcre olan alt\u0131 ila sekiz hafta aras\u0131nda bebeklerini emziren kad\u0131nlar\u0131n en fazla oldu\u011fu Londra&#8217;daki Tower Hamlets gibi alanlarda,&nbsp; en iyi uygulamalar\u0131 geli\u015ftirmek i\u00e7in do\u011fum \u00f6ncesi s\u0131n\u0131flar ve bire bir destek de dahil olmak \u00fczere emzirme deste\u011fine 50 milyon sterlin harcanacak.<\/p>\n<h4>Hamilelik, do\u011fum ve ebeveynlik s\u0131ras\u0131nda g\u00fcvenilir NHS yard\u0131m\u0131 ve tavsiyesi<\/h4>\n<p>Ebeveynlik programlar\u0131 50 milyon sterlin alacak ve 10 milyon sterlin hamilelik, do\u011fum ve ebeveynlik s\u0131ras\u0131nda <a href=\"https:\/\/by-tv.co.uk\/en\/kategori\/yasam\/saglik\/\">NHS<\/a>&#8216;den yard\u0131m ve tavsiyeler sunan <a href=\"https:\/\/www.nhs.uk\/start4life\" target=\"_blank\" rel=\"noopener\">Start4Life<\/a> giri\u015fimine ayr\u0131lacak.<\/p>\n<p>Duyuru \u00f6ncesinde \u015eans\u00f6lye Rishi Sunak, \u00e7ocuklara &#8220;hayatta m\u00fcmk\u00fcn olan en iyi ba\u015flang\u0131c\u0131&#8221; vermeye &#8220;tutkuyla&#8221; inand\u0131\u011f\u0131n\u0131 s\u00f6yledi.<\/p>\n<p>H\u00fck\u00fcmet,&nbsp; \u0130ngiltere&#8217;deki bebeklerin sa\u011fl\u0131\u011f\u0131n\u0131 ve geli\u015fimini iyile\u015ftirmeye ili\u015fkin&nbsp;Mart ay\u0131nda yay\u0131nlanan ve ailelere daha fazla kat\u0131l\u0131m ve kar\u015f\u0131lama deste\u011fi \u00f6neren bir rapordan sonra bu alanda deste\u011fi artt\u0131rmaya karar verdi.<\/p>\n<p>Bu rapor, gebe kalmadan 2 ya\u015f\u0131na kadar ge\u00e7en 1,001 kritik g\u00fcn i\u00e7in bir vizyon ortaya koymaya \u00e7al\u0131\u015f\u0131ld\u0131.<br \/>\n<iframe loading=\"lazy\" title=\"YouTube video player\" src=\"https:\/\/www.youtube.com\/embed\/t5lhS9Fh47o\" width=\"1280\" height=\"723\" frameborder=\"0\" allowfullscreen=\"allowfullscreen\"><\/iframe><br \/>\nBa\u015fbakan taraf\u0131ndan g\u00f6revlendirilen ve milletvekili Andrea Leadsom ba\u015fkanl\u0131\u011f\u0131ndaki bu komisyon taraf\u0131ndan, ailelerin, profesyonellerin ve akademisyenlerin katk\u0131lar\u0131yla geli\u015ftirildi.<\/p>\n<h4>Ya\u015fam i\u00e7in kritik 1000 g\u00fcn<\/h4>\n<p>&#8216;Ya\u015fam i\u00e7in en iyi ba\u015flang\u0131\u00e7: 1.001 kritik g\u00fcn i\u00e7in bir vizyon&#8217; bebe\u011fin ihtiya\u00e7lar\u0131yla ba\u015flar ve me\u015fgul ebeveynler ve bak\u0131c\u0131lar i\u00e7in i\u015fleri kolayla\u015ft\u0131rmaya yard\u0131mc\u0131 olmak \u00fczere tasarlanm\u0131\u015f 6 eylem alan\u0131n\u0131 tan\u0131mlar:<\/p>\n<ul>\n<li>Aileler i\u00e7in kesintisiz destek: T\u00fcm ailelere sunulan tutarl\u0131, birle\u015ftirilmi\u015f bir Hayata Ba\u015flama teklifi<\/li>\n<li>Aileler i\u00e7in bir kar\u015f\u0131lama merkezi: Ailelerin Start for Life hizmetlerine eri\u015febilece\u011fi bir yer olarak aile merkezleri<\/li>\n<li>Ailelerin ihtiya\u00e7 duyduklar\u0131nda ihtiya\u00e7 duyduklar\u0131 bilgi: Ailenin ihtiya\u00e7lar\u0131na g\u00f6re dijital, sanal ve telefon teklifleri tasarlamak<\/li>\n<li>G\u00fc\u00e7lendirilmi\u015f Hayata Ba\u015flayan i\u015f g\u00fcc\u00fc: Ailelerin de\u011fi\u015fen ihtiya\u00e7lar\u0131n\u0131 kar\u015f\u0131lamak i\u00e7in modern, vas\u0131fl\u0131 bir i\u015f g\u00fcc\u00fc geli\u015ftirmek<\/li>\n<li>Start for Life teklifini s\u00fcrekli iyile\u015ftirme: Verileri, de\u011ferlendirmeyi, sonu\u00e7lar\u0131 ve orant\u0131l\u0131 denetimi iyile\u015ftirme<\/li>\n<li>De\u011fi\u015fim i\u00e7in liderlik: Yerel ve ulusal hesap verebilirli\u011fin sa\u011flanmas\u0131 ve ekonomik durumun olu\u015fturulmas\u0131<\/li>\n<\/ul>\n<p>Early Years Alliance&#8217;dan Neil Leitch, yeni parasal kayna\u011f\u0131m &#8220;m\u00fccadele eden aileler i\u00e7in iyi bir haber&#8221; oldu\u011funu s\u00f6yledi, ancak h\u00fck\u00fcmeti, \u00f6zellikle kre\u015fler, \u00e7ocuk bak\u0131c\u0131lar\u0131 ve anaokullar\u0131 aras\u0131ndaki erken ya\u015f sekt\u00f6r\u00fcndeki mevcut sorunlar\u0131 \u00e7\u00f6zemedi\u011fi i\u00e7in ele\u015ftirdi.<\/p>\n<p>T\u00fcm sekt\u00f6r\u00fcn ba\u011f\u0131ms\u0131z bir \u015fekilde incelenmesi i\u00e7in \u00e7a\u011fr\u0131da bulundu. Leitch, BBC Breakfast&#8217;a &#8220;Bu sorunlara biraz par\u00e7a par\u00e7a yakla\u015fmak do\u011fru de\u011fil, sistemin tamamen yenilenmeye ihtiyac\u0131 var&#8221; dedi. &#8220;Etkili bir \u015fekilde do\u011fru bir \u015fekilde yapamazsak, bize milyarlarca (sterline) mal olacak.&#8221; dedi.<\/p>\n<p><strong>&nbsp;\u0130sko\u00e7ya, Galler ve Kuzey \u0130rlanda, e\u015fde\u011fer bir finansman deste\u011fi alacak.&nbsp;&nbsp;<\/strong><\/p>\n<p>2021 Yaz\u0131nda 1,4 milyar sterlinlik e\u011fitim kurtarma paketinin bir par\u00e7as\u0131 olarak a\u00e7\u0131klanan 153 milyon sterlinlik ayr\u0131 bir yat\u0131r\u0131m, kre\u015f personelinin daha y\u00fcksek kaliteli e\u011fitime eri\u015fmesini sa\u011flayacak.<\/p>\n<div id=\"briti-92392063\" class=\"briti-icerikten-sonra_2\" style=\"margin-top: 25px;margin-bottom: 25px;\"><a href=\"https:\/\/wa.me\/message\/NDZLLIOQT4H3O1\" aria-label=\"bytv reklam banner\"><img loading=\"lazy\" decoding=\"async\" src=\"https:\/\/by-tv.co.uk\/wp-content\/uploads\/2025\/12\/bytv-reklam-banner.jpg\" alt=\"\"  width=\"2376\" height=\"1008\"   \/><\/a><\/div>","protected":false},"excerpt":{"rendered":"<p>\u0130ngiltere H\u00fck\u00fcmeti, 75 farkl\u0131 b\u00f6lgede yer alan aile sa\u011fl\u0131\u011f\u0131 merkezlerinin destek ve tavsiye i\u00e7in &#8220;tek hizmet yeri&#8221;&nbsp; olaca\u011f\u0131n\u0131 s\u00f6yledi. Maliye Bakan\u0131 ve \u015eans\u00f6lye Rishi Sunak taraf\u0131ndan \u00c7ar\u015famba g\u00fcnk\u00fc B\u00fct\u00e7ede a\u00e7\u0131klayaca\u011f\u0131 aile destek fonu, emzirme dan\u0131\u015fmanl\u0131\u011f\u0131 ve ruh sa\u011fl\u0131\u011f\u0131 hizmetlerine gidecek. \u0130\u015f\u00e7i Partisi, bu planlar\u0131n ailelere ula\u015fmad\u0131\u011f\u0131n\u0131 ve yap\u0131lan\u0131n bir &#8220;maskelemeden&#8221; ibaret oldu\u011funu belirtti. \u0130\u00e7i bo\u015f halka \u0130\u015f\u00e7i Partisi&#8217;nin g\u00f6lge e\u011fitim bakan\u0131 Kate Green,&#8221;Muhafazakar\u0131n 11 y\u0131ll\u0131k kesintileri, binden fazla \u00e7ocuk merkezinin kapanmaya zorlanmas\u0131ndan ve \u00e7ocuklar\u0131 hayata haz\u0131rlayan erken \u00f6\u011frenmeyi kesmesinden sonra bu s\u00f6zde taahh\u00fctler i\u00e7i bo\u015f halkalard\u0131r.&#8221; dedi. 300 bin ailenin desteklenmesi bekleniyor Fon, ailelerin par\u00e7alanmas\u0131na yol a\u00e7abilecek karma\u015f\u0131k sorunlarla kar\u015f\u0131 [&hellip;]<\/p>\n","protected":false},"author":1,"featured_media":13252,"comment_status":"open","ping_status":"open","sticky":false,"template":"","format":"standard","meta":{"ngg_post_thumbnail":0,"footnotes":""},"categories":[1],"tags":[430,149,1550,144],"class_list":["post-13251","post","type-post","status-publish","format-standard","has-post-thumbnail","hentry","category-genel","tag-birlesik-krallik","tag-ingiltere","tag-pandemi","tag-turkiye"],"_links":{"self":[{"href":"https:\/\/by-tv.co.uk\/en\/wp-json\/wp\/v2\/posts\/13251","targetHints":{"allow":["GET"]}}],"collection":[{"href":"https:\/\/by-tv.co.uk\/en\/wp-json\/wp\/v2\/posts"}],"about":[{"href":"https:\/\/by-tv.co.uk\/en\/wp-json\/wp\/v2\/types\/post"}],"author":[{"embeddable":true,"href":"https:\/\/by-tv.co.uk\/en\/wp-json\/wp\/v2\/users\/1"}],"replies":[{"embeddable":true,"href":"https:\/\/by-tv.co.uk\/en\/wp-json\/wp\/v2\/comments?post=13251"}],"version-history":[{"count":0,"href":"https:\/\/by-tv.co.uk\/en\/wp-json\/wp\/v2\/posts\/13251\/revisions"}],"wp:featuredmedia":[{"embeddable":true,"href":"https:\/\/by-tv.co.uk\/en\/wp-json\/wp\/v2\/media\/13252"}],"wp:attachment":[{"href":"https:\/\/by-tv.co.uk\/en\/wp-json\/wp\/v2\/media?parent=13251"}],"wp:term":[{"taxonomy":"category","embeddable":true,"href":"https:\/\/by-tv.co.uk\/en\/wp-json\/wp\/v2\/categories?post=13251"},{"taxonomy":"post_tag","embeddable":true,"href":"https:\/\/by-tv.co.uk\/en\/wp-json\/wp\/v2\/tags?post=13251"}],"curies":[{"name":"wp","href":"https:\/\/api.w.org\/{rel}","templated":true}]}}