{"id":13192,"date":"2021-10-19T18:58:16","date_gmt":"2021-10-19T17:58:16","guid":{"rendered":"https:\/\/by-tv.co.uk\/?p=13192"},"modified":"2021-10-19T22:55:13","modified_gmt":"2021-10-19T21:55:13","slug":"ingiltere-net-sifir-karbon-planini-acikladi","status":"publish","type":"post","link":"https:\/\/by-tv.co.uk\/en\/ingiltere-net-sifir-karbon-planini-acikladi\/","title":{"rendered":"\u0130ngiltere; net s\u0131f\u0131r karbon plan\u0131n\u0131 a\u00e7\u0131klad\u0131"},"content":{"rendered":"<p class=\"dcr-s23rjr\"><a href=\"https:\/\/www.gov.uk\/government\/news\/uks-path-to-net-zero-set-out-in-landmark-strategy\" target=\"_blank\" rel=\"noopener\">Birle\u015fik Krall\u0131k H\u00fck\u00fcmeti<\/a>, \u00f6n\u00fcm\u00fczdeki on y\u0131l i\u00e7inde 440.000&#8217;e kadar i\u015f yarataca\u011f\u0131n\u0131 ve \u00e7o\u011fu \u00f6zel sekt\u00f6r \u015firketlerinden olmak \u00fczere 90 milyar sterlinlik yat\u0131r\u0131m\u0131n &#8220;kilidini a\u00e7aca\u011f\u0131n\u0131&#8221; s\u00f6yledi\u011fi bir plan\u0131 a\u00e7\u0131klad\u0131.<\/p>\n<p class=\"dcr-s23rjr\">Ancak uzmanlar ve kampanyac\u0131lar, net s\u0131f\u0131r emisyona ula\u015fmak i\u00e7in uzun zamand\u0131r beklenen stratejideki&nbsp; \u00f6nerilerin yeterince ileri bir ad\u0131m olmad\u0131\u011f\u0131n\u0131 ve yetersiz finanse edildi\u011fini belirtirken, h\u00fck\u00fcmetin fosil yak\u0131tlar\u0131 desteklemeye devam edece\u011fini s\u00f6ylediler.<\/p>\n<h4>\u0130ngiltere; net s\u0131f\u0131r karbon plan\u0131n\u0131 a\u00e7\u0131klad\u0131<\/h4>\n<p class=\"dcr-s23rjr\">Plan, <a href=\"https:\/\/by-tv.co.uk\/en\/boris-johnson-elektrikli-otomobil-hibelerinin-fisini-cekecek\/\">\u015farj noktalar\u0131<\/a> a\u011f\u0131n\u0131n art\u0131r\u0131lmas\u0131 ve a\u00e7\u0131k deniz r\u00fczg\u00e2rlar\u0131ndan daha fazla yararlan\u0131lmas\u0131 dahil olmak \u00fczere elektrikli ara\u00e7lar\u0131n kullan\u0131m\u0131n\u0131n artt\u0131r\u0131lmas\u0131, hidrojen ve s\u00fcrd\u00fcr\u00fclebilir havac\u0131l\u0131k yak\u0131t\u0131 gibi yeni teknolojilere yap\u0131lan yat\u0131r\u0131mlar\u0131n art\u0131r\u0131lmas\u0131 ve en az bir yeni n\u00fckleer enerji santralini de kaps\u0131yor.&nbsp;&nbsp;<\/p><div id=\"briti-4162438887\" class=\"briti-icerik\" style=\"margin-top: 5px;margin-bottom: 5px;\"><a href=\"https:\/\/piaryum.com\/services\/\" aria-label=\"piaryum banner\"><img loading=\"lazy\" decoding=\"async\" src=\"https:\/\/by-tv.co.uk\/wp-content\/uploads\/2025\/12\/Gemini_Generated_Image_g5yqr1g5yqr1g5yq.jpg\" alt=\"\"  width=\"2064\" height=\"1152\"   \/><\/a><\/div>\n<p class=\"dcr-s23rjr\">Y\u00fcksek enerji fiyatlar\u0131 ve artan t\u00fcketici faturalar\u0131n\u0131n kabarmas\u0131na kar\u015f\u0131n h\u00fck\u00fcmet, yat\u0131r\u0131m\u0131n \u0130ngiltere&#8217;ye gelecek y\u0131llarda enerji g\u00fcvenli\u011fi ve istikrarl\u0131 fiyatlar sa\u011flayaca\u011f\u0131n\u0131 belirtiyor.<\/p>\n<p>Konutlarda kombi yenilemeleri i\u00e7in 450 milyon sterlin, d\u00fc\u015f\u00fck karbonlu klimalar i\u00e7in 3,9 milyar sterlin hibe ayr\u0131lacak.<\/p>\n<p>iki haftadan k\u0131sa bir s\u00fcre i\u00e7inde Glasgow&#8217;da ba\u015flayacak <a href=\"https:\/\/by-tv.co.uk\/en\/?s=cop+26\">COP26<\/a> iklim zirvesi \u00f6ncesinde stratejiyi a\u00e7\u0131klayan Johnson \u015funlar\u0131 s\u00f6yledi.<\/p>\n<blockquote><p>&nbsp;&#8220;Cop26&nbsp;b\u00fcy\u00fck iklim zirvesine \u00e7ok az bir s\u00fcre kala, stratejimiz di\u011fer \u00fclkelerin de k\u00fcresel net s\u0131f\u0131ra do\u011fru ilerlerken daha ye\u015fil bir yap\u0131 in\u015fa etmelerine \u00f6rnek te\u015fkil ediyor.&#8221;<\/p><\/blockquote>\n<p><a href=\"https:\/\/www.theguardian.com\/environment\/2021\/oct\/19\/uk-government-reveals-net-zero-plan-create-jobs\" target=\"_blank\" rel=\"noopener\">The Guardian<\/a>&#8216;a konu\u015fan Manchester \u00dcniversitesi&#8217;nde enerji ve iklim de\u011fi\u015fikli\u011fi profes\u00f6r\u00fc olan Kevin Anderson&nbsp; &#8220;\u0130ngiltere&#8217;nin net s\u0131f\u0131r stratejisi hem Paris hem de G7 s\u0131cakl\u0131k ve \u00f6zkaynak taahh\u00fctlerinin \u00e7ok alt\u0131nda kal\u0131yor.&#8221; dedi.&nbsp;<\/p>\n<div id=\"attachment_13193\" style=\"width: 279px\" class=\"wp-caption alignleft\"><img loading=\"lazy\" decoding=\"async\" aria-describedby=\"caption-attachment-13193\" class=\"wp-image-13193\" src=\"https:\/\/by-tv.co.uk\/wp-content\/uploads\/2021\/10\/IV4fRr3Q_400x400.jpg\" alt=\"\" width=\"269\" height=\"269\" title=\"\"><p id=\"caption-attachment-13193\" class=\"wp-caption-text\">COP26, bu y\u0131l 1-12 Kas\u0131m Glasgow<\/p><\/div>\n<p>COP26, bu y\u0131l 1-12 Kas\u0131m tarihleri aras\u0131nda \u0130sko\u00e7ya&#8217;n\u0131n en b\u00fcy\u00fck \u015fehri Glasgow&#8217;da yap\u0131lacak.<\/p>\n<div class=\"bbc-19j92fr e57qer20\" dir=\"ltr\">\n<p class=\"bbc-bm53ic e1cc2ql70\" dir=\"ltr\">Bu sene ki <a href=\"https:\/\/ukcop26.org\" target=\"_blank\" rel=\"noopener\">COP26,<\/a> Paris \u0130klim Anla\u015fmas\u0131&#8217;n\u0131n imzaland\u0131\u011f\u0131 2015&#8217;ten bu yana kaydedilen geli\u015fmenin de\u011ferlendirilece\u011fi ilk zirve olmas\u0131 a\u00e7\u0131s\u0131ndan \u00f6nemli olacak.<\/p>\n<\/div>\n<div class=\"bbc-19j92fr e57qer20\" dir=\"ltr\">\n<p class=\"bbc-bm53ic e1cc2ql70\" dir=\"ltr\">Yak\u0131n ge\u00e7mi\u015fe bakarak neler ba\u015far\u0131ld\u0131\u011f\u0131 ve hangi konularda ba\u015far\u0131s\u0131z olundu\u011funun muhasebesinin yap\u0131laca\u011f\u0131 bu seneki zirveye yak\u0131n zamanda <span style=\"font-size: 1.21429rem;\">Paris \u0130klim Anla\u015fmas\u0131n\u0131 imzalayan T\u00fcrkiye&#8217;de kat\u0131lacak.<\/span><\/p>\n<\/div>\n<div id=\"briti-627432287\" class=\"briti-icerikten-sonra_2\" style=\"margin-top: 25px;margin-bottom: 25px;\"><a href=\"https:\/\/wa.me\/message\/NDZLLIOQT4H3O1\" aria-label=\"bytv reklam banner\"><img loading=\"lazy\" decoding=\"async\" src=\"https:\/\/by-tv.co.uk\/wp-content\/uploads\/2025\/12\/bytv-reklam-banner.jpg\" alt=\"\"  width=\"2376\" height=\"1008\"   \/><\/a><\/div>","protected":false},"excerpt":{"rendered":"<p>Birle\u015fik Krall\u0131k H\u00fck\u00fcmeti, \u00f6n\u00fcm\u00fczdeki on y\u0131l i\u00e7inde 440.000&#8217;e kadar i\u015f yarataca\u011f\u0131n\u0131 ve \u00e7o\u011fu \u00f6zel sekt\u00f6r \u015firketlerinden olmak \u00fczere 90 milyar sterlinlik yat\u0131r\u0131m\u0131n &#8220;kilidini a\u00e7aca\u011f\u0131n\u0131&#8221; s\u00f6yledi\u011fi bir plan\u0131 a\u00e7\u0131klad\u0131. Ancak uzmanlar ve kampanyac\u0131lar, net s\u0131f\u0131r emisyona ula\u015fmak i\u00e7in uzun zamand\u0131r beklenen stratejideki&nbsp; \u00f6nerilerin yeterince ileri bir ad\u0131m olmad\u0131\u011f\u0131n\u0131 ve yetersiz finanse edildi\u011fini belirtirken, h\u00fck\u00fcmetin fosil yak\u0131tlar\u0131 desteklemeye devam edece\u011fini s\u00f6ylediler. \u0130ngiltere; net s\u0131f\u0131r karbon plan\u0131n\u0131 a\u00e7\u0131klad\u0131 Plan, \u015farj noktalar\u0131 a\u011f\u0131n\u0131n art\u0131r\u0131lmas\u0131 ve a\u00e7\u0131k deniz r\u00fczg\u00e2rlar\u0131ndan daha fazla yararlan\u0131lmas\u0131 dahil olmak \u00fczere elektrikli ara\u00e7lar\u0131n kullan\u0131m\u0131n\u0131n artt\u0131r\u0131lmas\u0131, hidrojen ve s\u00fcrd\u00fcr\u00fclebilir havac\u0131l\u0131k yak\u0131t\u0131 gibi yeni teknolojilere yap\u0131lan yat\u0131r\u0131mlar\u0131n art\u0131r\u0131lmas\u0131 ve en az bir yeni [&hellip;]<\/p>\n","protected":false},"author":1,"featured_media":13195,"comment_status":"open","ping_status":"open","sticky":false,"template":"","format":"standard","meta":{"ngg_post_thumbnail":0,"footnotes":""},"categories":[1],"tags":[3832,3847,3846],"class_list":["post-13192","post","type-post","status-publish","format-standard","has-post-thumbnail","hentry","category-genel","tag-cop26","tag-emisyon","tag-net-sifir-karbon"],"_links":{"self":[{"href":"https:\/\/by-tv.co.uk\/en\/wp-json\/wp\/v2\/posts\/13192","targetHints":{"allow":["GET"]}}],"collection":[{"href":"https:\/\/by-tv.co.uk\/en\/wp-json\/wp\/v2\/posts"}],"about":[{"href":"https:\/\/by-tv.co.uk\/en\/wp-json\/wp\/v2\/types\/post"}],"author":[{"embeddable":true,"href":"https:\/\/by-tv.co.uk\/en\/wp-json\/wp\/v2\/users\/1"}],"replies":[{"embeddable":true,"href":"https:\/\/by-tv.co.uk\/en\/wp-json\/wp\/v2\/comments?post=13192"}],"version-history":[{"count":0,"href":"https:\/\/by-tv.co.uk\/en\/wp-json\/wp\/v2\/posts\/13192\/revisions"}],"wp:featuredmedia":[{"embeddable":true,"href":"https:\/\/by-tv.co.uk\/en\/wp-json\/wp\/v2\/media\/13195"}],"wp:attachment":[{"href":"https:\/\/by-tv.co.uk\/en\/wp-json\/wp\/v2\/media?parent=13192"}],"wp:term":[{"taxonomy":"category","embeddable":true,"href":"https:\/\/by-tv.co.uk\/en\/wp-json\/wp\/v2\/categories?post=13192"},{"taxonomy":"post_tag","embeddable":true,"href":"https:\/\/by-tv.co.uk\/en\/wp-json\/wp\/v2\/tags?post=13192"}],"curies":[{"name":"wp","href":"https:\/\/api.w.org\/{rel}","templated":true}]}}