{"id":13172,"date":"2021-10-18T09:12:29","date_gmt":"2021-10-18T08:12:29","guid":{"rendered":"https:\/\/by-tv.co.uk\/?p=13172"},"modified":"2021-10-18T09:18:04","modified_gmt":"2021-10-18T08:18:04","slug":"ingiltere-son-alti-haftada-ingilterede-600-bin-yeni-is-ilani","status":"publish","type":"post","link":"https:\/\/by-tv.co.uk\/en\/ingiltere-son-alti-haftada-ingilterede-600-bin-yeni-is-ilani\/","title":{"rendered":"Son alt\u0131 haftada \u0130ngiltere&#8217;de 600 bin yeni i\u015f ilan\u0131"},"content":{"rendered":"<p style=\"text-align: left;\">\u0130ngiltere&#8217;deki \u0130ngiltere \u0130\u015fe Al\u0131m ve \u0130stihdam Konfederasyonu; Son alt\u0131 haftada \u0130ngiltere&#8217;de 600 bin yeni i\u015f ilan\u0131n\u0131n yay\u0131nlanmas\u0131yla, a\u00e7\u0131k pozisyon say\u0131s\u0131n\u0131n 2,3 milyona \u00e7\u0131kt\u0131\u011f\u0131n\u0131 a\u00e7\u0131klad\u0131.&nbsp;<\/p>\n<p style=\"text-align: left;\"><span class=\"\"><a href=\"https:\/\/www.rec.uk.com\/our-view\/news\/press-releases\/jobs-recovery-tracker-job-advert-numbers-rise-over-600000-end-august-new-record-high\" target=\"_blank\" rel=\"noopener\">\u0130\u015fe Al\u0131m ve \u0130stihdam Konfederasyonu<\/a>, a\u011fustos ay\u0131n\u0131n son haftas\u0131ndan bu yana i\u015f ilanlar\u0131n\u0131n say\u0131s\u0131n\u0131n, ge\u00e7en hafta 235.000 yeni ilan dahil olmak \u00fczere 600.000&#8217;den fazla artt\u0131\u011f\u0131n\u0131 s\u00f6yledi.<\/span><\/p>\n<p style=\"text-align: left;\">Raporda, b\u00fcy\u00fcmenin \u00fclke geneline yay\u0131ld\u0131\u011f\u0131 ve personel i\u00e7in rekabetin daha da \u015fiddetli hale geldi\u011fi belirtildi.<\/p><div id=\"briti-2979622572\" class=\"briti-icerik\" style=\"margin-top: 5px;margin-bottom: 5px;\"><a href=\"https:\/\/piaryum.com\/services\/\" aria-label=\"piaryum banner\"><img loading=\"lazy\" decoding=\"async\" src=\"https:\/\/by-tv.co.uk\/wp-content\/uploads\/2025\/12\/Gemini_Generated_Image_g5yqr1g5yqr1g5yq.jpg\" alt=\"\"  width=\"2064\" height=\"1152\"   \/><\/a><\/div>\n<p style=\"text-align: left;\">CITY A.M.&#8217;e konu\u015fan REC CEO&#8217;su Neil Carberry \u015funlar\u0131 s\u00f6yledi: \u201cGe\u00e7en ay i\u015f ilanlar\u0131nda dikkate de\u011fer bir art\u0131\u015f g\u00f6r\u00fcld\u00fc.<\/p>\n<blockquote><p>\u201cNeredeyse her sekt\u00f6rden ve yerel b\u00f6lgeden i\u015fletmeler \u015fu anda i\u015fe al\u0131yor ve personel i\u00e7in \u00e7ok fazla rekabet varken, bir\u00e7ok i\u015fletme ihtiya\u00e7 duyduklar\u0131 insanlar\u0131 \u00e7ekmek i\u00e7in daha y\u00fcksek maa\u015flar ve avantajlar sunmak zorunda kal\u0131yor.<\/p><\/blockquote>\n<p style=\"text-align: left;\"><span class=\"\">&#8220;Ger\u00e7ekten seviye atlamak i\u00e7in, h\u00fck\u00fcmetin bu patlamadan sonra yumu\u015fak bir ini\u015fe sahip oldu\u011fumuzdan emin olmak i\u00e7in daha d\u00fc\u015f\u00fck beceri seviyeleri, sermaye yat\u0131r\u0131m\u0131 ve i\u015fg\u00fcc\u00fc planlamas\u0131 dahil olmak \u00fczere beceriler \u00fczerinde i\u015fletmelerle birlikte \u00e7al\u0131\u015fmas\u0131n\u0131n zaman\u0131 geldi.&#8221;<\/span><\/p>\n<p style=\"text-align: left;\">Rapora g\u00f6re Galler, ge\u00e7en hafta i\u015f ilanlar\u0131nda en b\u00fcy\u00fck art\u0131\u015f\u0131, \u00f6zellikle Swansea, Gwent Valleys, Cardiff ve Vale of Glamorgan ve Powys&#8217;de g\u00f6rd\u00fc.<\/p>\n<p style=\"text-align: left;\">Ge\u00e7en hafta aktif i\u015f ilanlar\u0131nda d\u00fc\u015f\u00fc\u015f kaydeden yaln\u0131zca \u00fc\u00e7 yerel b\u00f6lge vard\u0131: Thurrock (%-3,8), Shetland Adalar\u0131 (%-3,8) ve na h-Eileanan Siar (%-0,2).<\/p>\n<div id=\"attachment_13173\" style=\"width: 1108px\" class=\"wp-caption aligncenter\"><img loading=\"lazy\" decoding=\"async\" aria-describedby=\"caption-attachment-13173\" class=\"size-full wp-image-13173\" src=\"https:\/\/by-tv.co.uk\/wp-content\/uploads\/2021\/10\/Opera-Anlik-Goruntu_2021-10-18_085600_www.rec_.uk_.com_.png\" alt=\"\" width=\"1098\" height=\"617\" title=\"\"><p id=\"caption-attachment-13173\" class=\"wp-caption-text\">Credit: www.rec.uk.com\/<\/p><\/div>\n<p style=\"text-align: left;\"><span class=\"\">REC, ilanlardaki en b\u00fcy\u00fck art\u0131\u015flardan baz\u0131lar\u0131n\u0131n spor ve e\u011flence asistanlar\u0131, temizlik ve kat hizmetleri m\u00fcd\u00fcrleri ve denet\u00e7ileri ile k\u00fct\u00fcphane memurlar\u0131 ve asistanlar\u0131na y\u00f6nelik oldu\u011funu s\u00f6yledi.<\/span><\/p>\n<p style=\"text-align: left;\">Yo\u011fun Noel d\u00f6nemi \u00f6ncesinde sat\u0131\u015f ve perakende asistanlar\u0131na y\u00f6nelik ilanlarda da kayda de\u011fer bir art\u0131\u015f oldu.<\/p>\n<div id=\"attachment_13175\" style=\"width: 1610px\" class=\"wp-caption alignleft\"><img loading=\"lazy\" decoding=\"async\" aria-describedby=\"caption-attachment-13175\" class=\"size-full wp-image-13175\" src=\"https:\/\/by-tv.co.uk\/wp-content\/uploads\/2021\/10\/ise-alim.jpeg\" alt=\"\" width=\"1600\" height=\"1067\" title=\"\"><p id=\"caption-attachment-13175\" class=\"wp-caption-text\">Son alt\u0131 haftada \u0130ngiltere&#8217;de 600 bin yeni i\u015f ilan\u0131<\/p><\/div>\n<p style=\"text-align: left;\">\u00d6te yandan, i\u015f ilanlar\u0131nda sadece d\u00f6rt meslekte k\u00fc\u00e7\u00fck d\u00fc\u015f\u00fc\u015fler g\u00f6r\u00fcld\u00fc: kuaf\u00f6rler ve berberler (%-3,2), s\u0131vac\u0131lar (-%1,0), duvar ustalar\u0131 ve s\u0131va ustalar\u0131 (%-0,6) ve \u00e7at\u0131 ustalar\u0131, \u00e7at\u0131 kiremit\u00e7ileri ve d\u00f6\u015feme ustalar\u0131 (%-0,1) ).<\/p>\n<h4 style=\"text-align: left;\" data-mooform-id=\"8688eea3-a85e-4b7a-9647-df0d603be273\">\u00c7al\u0131\u015fmak i\u00e7in iyi bir d\u00f6nem<\/h4>\n<p style=\"text-align: left;\"><span class=\"\">\u0130stihdam Bakan\u0131 Mims Davies \u015funlar\u0131 s\u00f6yledi: \u201c\u00dclke genelinde sunulan f\u0131rsatlar, i\u015f arayanlar i\u00e7in harika bir haber.<\/span><\/p>\n<p style=\"text-align: left;\">&#8220;\u0130\u015f Plan\u0131m\u0131z arac\u0131l\u0131\u011f\u0131yla, i\u015fverenlerin, bir sonraki f\u0131rsat\u0131 de\u011ferlendirmek ve i\u015fte ilerlemek i\u00e7in ihtiya\u00e7 duyduklar\u0131 becerileri geli\u015ftirmeleri i\u00e7in her ya\u015fta ve herhangi bir kariyer a\u015famas\u0131nda insanlar\u0131 i\u015fe almas\u0131na ve desteklemesine yard\u0131mc\u0131 oluyoruz.&#8221;<\/p>\n<div style=\"text-align: left;\">&nbsp;<\/div>\n<div id=\"briti-927688683\" class=\"briti-icerikten-sonra_2\" style=\"margin-top: 25px;margin-bottom: 25px;\"><a href=\"https:\/\/wa.me\/message\/NDZLLIOQT4H3O1\" aria-label=\"bytv reklam banner\"><img loading=\"lazy\" decoding=\"async\" src=\"https:\/\/by-tv.co.uk\/wp-content\/uploads\/2025\/12\/bytv-reklam-banner.jpg\" alt=\"\"  width=\"2376\" height=\"1008\"   \/><\/a><\/div>","protected":false},"excerpt":{"rendered":"<p>\u0130ngiltere&#8217;deki \u0130ngiltere \u0130\u015fe Al\u0131m ve \u0130stihdam Konfederasyonu; Son alt\u0131 haftada \u0130ngiltere&#8217;de 600 bin yeni i\u015f ilan\u0131n\u0131n yay\u0131nlanmas\u0131yla, a\u00e7\u0131k pozisyon say\u0131s\u0131n\u0131n 2,3 milyona \u00e7\u0131kt\u0131\u011f\u0131n\u0131 a\u00e7\u0131klad\u0131.&nbsp; \u0130\u015fe Al\u0131m ve \u0130stihdam Konfederasyonu, a\u011fustos ay\u0131n\u0131n son haftas\u0131ndan bu yana i\u015f ilanlar\u0131n\u0131n say\u0131s\u0131n\u0131n, ge\u00e7en hafta 235.000 yeni ilan dahil olmak \u00fczere 600.000&#8217;den fazla artt\u0131\u011f\u0131n\u0131 s\u00f6yledi. Raporda, b\u00fcy\u00fcmenin \u00fclke geneline yay\u0131ld\u0131\u011f\u0131 ve personel i\u00e7in rekabetin daha da \u015fiddetli hale geldi\u011fi belirtildi. CITY A.M.&#8217;e konu\u015fan REC CEO&#8217;su Neil Carberry \u015funlar\u0131 s\u00f6yledi: \u201cGe\u00e7en ay i\u015f ilanlar\u0131nda dikkate de\u011fer bir art\u0131\u015f g\u00f6r\u00fcld\u00fc. \u201cNeredeyse her sekt\u00f6rden ve yerel b\u00f6lgeden i\u015fletmeler \u015fu anda i\u015fe al\u0131yor ve personel i\u00e7in \u00e7ok fazla rekabet [&hellip;]<\/p>\n","protected":false},"author":1,"featured_media":13174,"comment_status":"open","ping_status":"open","sticky":false,"template":"","format":"standard","meta":{"ngg_post_thumbnail":0,"footnotes":""},"categories":[1],"tags":[430,149,228,1550,3845,3844],"class_list":["post-13172","post","type-post","status-publish","format-standard","has-post-thumbnail","hentry","category-genel","tag-birlesik-krallik","tag-ingiltere","tag-londra","tag-pandemi","tag-personel-alimi","tag-yeni-is-ilani"],"_links":{"self":[{"href":"https:\/\/by-tv.co.uk\/en\/wp-json\/wp\/v2\/posts\/13172","targetHints":{"allow":["GET"]}}],"collection":[{"href":"https:\/\/by-tv.co.uk\/en\/wp-json\/wp\/v2\/posts"}],"about":[{"href":"https:\/\/by-tv.co.uk\/en\/wp-json\/wp\/v2\/types\/post"}],"author":[{"embeddable":true,"href":"https:\/\/by-tv.co.uk\/en\/wp-json\/wp\/v2\/users\/1"}],"replies":[{"embeddable":true,"href":"https:\/\/by-tv.co.uk\/en\/wp-json\/wp\/v2\/comments?post=13172"}],"version-history":[{"count":0,"href":"https:\/\/by-tv.co.uk\/en\/wp-json\/wp\/v2\/posts\/13172\/revisions"}],"wp:featuredmedia":[{"embeddable":true,"href":"https:\/\/by-tv.co.uk\/en\/wp-json\/wp\/v2\/media\/13174"}],"wp:attachment":[{"href":"https:\/\/by-tv.co.uk\/en\/wp-json\/wp\/v2\/media?parent=13172"}],"wp:term":[{"taxonomy":"category","embeddable":true,"href":"https:\/\/by-tv.co.uk\/en\/wp-json\/wp\/v2\/categories?post=13172"},{"taxonomy":"post_tag","embeddable":true,"href":"https:\/\/by-tv.co.uk\/en\/wp-json\/wp\/v2\/tags?post=13172"}],"curies":[{"name":"wp","href":"https:\/\/api.w.org\/{rel}","templated":true}]}}