{"id":13167,"date":"2021-10-18T08:27:55","date_gmt":"2021-10-18T07:27:55","guid":{"rendered":"https:\/\/by-tv.co.uk\/?p=13167"},"modified":"2021-10-18T08:29:20","modified_gmt":"2021-10-18T07:29:20","slug":"gayrimenkul-firmasi-savills-birlesik-krallik-ev-insa-pazari-2026-yilina-kadar-toparlanamayacak","status":"publish","type":"post","link":"https:\/\/by-tv.co.uk\/en\/gayrimenkul-firmasi-savills-birlesik-krallik-ev-insa-pazari-2026-yilina-kadar-toparlanamayacak\/","title":{"rendered":"Gayrimenkul firmas\u0131 Savills: Birle\u015fik Krall\u0131k ev in\u015fa pazar\u0131 2026 y\u0131l\u0131na kadar toparlanamayacak"},"content":{"rendered":"<p><span class=\"\">Gayrimenkul firmas\u0131 Savills, Birle\u015fik Krall\u0131k ev in\u015fa pazar\u0131n\u0131n 2026 y\u0131l\u0131na kadar toparlanamayaca\u011f\u0131n\u0131 s\u00f6yledi.<\/span><\/p>\n<p>Times taraf\u0131ndan yap\u0131lan habere g\u00f6re; Savills, in\u015fa edilen evlerin hacminin be\u015f y\u0131ldan \u00f6nce pandemi \u00f6ncesi seviyelere geri d\u00f6nmeyece\u011fini ve o zaman bile Birle\u015fik Krall\u0131k H\u00fck\u00fcmeti&#8217;nin y\u0131ll\u0131k 300.000 konut hedefinden y\u00fczde 20 daha az olaca\u011f\u0131n\u0131 tahmin ediyor.&nbsp;<\/p>\n<h4>Yeni ev rakamlar\u0131 bu sene dibe vuracak<\/h4>\n<p><span class=\"\">2019&#8217;da \u0130ngiltere&#8217;de 240.000 <a href=\"https:\/\/by-tv.co.uk\/en\/?s=konut\">konut<\/a> in\u015fa edilirken, ge\u00e7en y\u0131l rakamlar d\u00fc\u015fmeye ba\u015flad\u0131 ve 200.000&#8217;e d\u00fc\u015ft\u00fc.&nbsp;<\/span>Savills, bu y\u0131lki rakam\u0131n 180.000 civar\u0131nda dibe ula\u015fmas\u0131n\u0131 bekliyor.<\/p><div id=\"briti-599288333\" class=\"briti-icerik\" style=\"margin-top: 5px;margin-bottom: 5px;\"><a href=\"https:\/\/piaryum.com\/services\/\" aria-label=\"piaryum banner\"><img loading=\"lazy\" decoding=\"async\" src=\"https:\/\/by-tv.co.uk\/wp-content\/uploads\/2025\/12\/Gemini_Generated_Image_g5yqr1g5yqr1g5yq.jpg\" alt=\"\"  width=\"2064\" height=\"1152\"   \/><\/a><\/div>\n<p>B\u00f6yle bir d\u00fc\u015f\u00fc\u015f\u00fcn nedenleri sadece pandemi ile ilgili de\u011fil.&nbsp;Savills&#8217;e g\u00f6re, Mart 2020&#8217;de pandemi vurmadan \u00f6nce bile in\u015fa edilen evlerin say\u0131s\u0131 azalmaya ba\u015flad\u0131.<\/p>\n<p>Ara\u015ft\u0131rmac\u0131lar, ilk kez al\u0131c\u0131lar\u0131n y\u00fczde 5 depozito ile bir ev almas\u0131na yard\u0131mc\u0131 olan Sat\u0131n Alma Yard\u0131m\u0131 plan\u0131n\u0131n sona ermesinin, y\u0131lda 50.000 sat\u0131\u015f olu\u015fturdu\u011fu i\u00e7in d\u00fc\u015f\u00fc\u015fte bir rol oynam\u0131\u015f olabilece\u011fine inan\u0131yor.<\/p>\n<p><span class=\"\">Savills analisti Emily Williams, Times&#8217;a verdi\u011fi deme\u00e7te, &#8220;Savills m\u00fclk acenteleri, 2019 boyunca Sat\u0131n Alma Yard\u0131m\u0131 de\u011fi\u015fikliklerinden \u00f6nce tamamlanabilecek daha k\u00fc\u00e7\u00fck sitelere y\u00f6nelik talebin artt\u0131\u011f\u0131n\u0131 bildirdi, ancak bu t\u00fcr sitelerin arz\u0131 yetersizdi&#8221; dedi.<\/span><\/p>\n<p>Plan\u0131n Mart 2023&#8217;te sona ermesine ek olarak, \u00e7at\u0131 ustalar\u0131 ve duvar ustas\u0131 k\u0131tl\u0131\u011f\u0131 da dahil olmak \u00fczere di\u011fer pazar zorluklar\u0131, halihaz\u0131rda teslim edilmesi daha uzun s\u00fcren daha b\u00fcy\u00fck projeleri \u00fcstlenen gayrimenkul firmalar\u0131 i\u00e7in gizli gecikmeler yaratt\u0131.<\/p>\n<p>Firma, sat\u0131l\u0131k yeni evlere olan talebin d\u00fc\u015fece\u011finden, kiralama piyasas\u0131n\u0131n in\u015fa et-kirala gayrimenkul sahipleri i\u00e7in f\u0131rsatlar yarataca\u011f\u0131na inan\u0131yor.<\/p>\n<h4>LONDRA S\u00dcPER-L\u00dcKS PAZARINDA B\u00dcY\u00dcME DEVAM ED\u0130YOR<\/h4>\n<p><a href=\"https:\/\/www.savills.co.uk\/research_articles\/229130\/320033-0\" target=\"_blank\" rel=\"noopener\">Savills<\/a> ba\u015fka bir raporuna g\u00f6re de; Londra&#8217;n\u0131n birinci s\u0131n\u0131f konut piyasas\u0131, yaz aylar\u0131nda hafif bir mevsimsel yava\u015flamaya ra\u011fmen, 2021&#8217;in ilk dokuz ay\u0131nda 2015&#8217;ten bu yana herhangi bir y\u0131ldan daha fazla sat\u0131\u015f kaydetti.<\/p>\n<p>2021&#8217;in ilk \u00fc\u00e7 \u00e7eyre\u011fi i\u00e7in Londra&#8217;da 5 milyon sterlin art\u0131 m\u00fclk i\u00e7in 352 i\u015flem ger\u00e7ekle\u015fti, bu rakam 2020&#8217;nin tamam\u0131nda 348 ve 2019&#8217;da sadece 310&#8217;du. Bu, y\u0131ldan bug\u00fcne rakam\u0131 e\u015fde\u011fer d\u00f6nemin %43 \u00fczerinde g\u00f6steriyor. 2020&#8217;de (246 sat\u0131\u015f) ve hacim baz\u0131nda 2019 rakam\u0131n\u0131n (201 sat\u0131\u015f) %75 \u00fczerinde.<\/p>\n<p>Toplu olarak, bu i\u015flemler 3,49 milyar sterline ula\u015ft\u0131 &#8211; 2020&#8217;nin ilk dokuz ay\u0131ndan %39 daha y\u00fcksek ve 2019&#8217;dan %62 daha y\u00fcksek, ikincisi daha normal piyasa ko\u015fullar\u0131n\u0131n h\u00fck\u00fcm s\u00fcrd\u00fc\u011f\u00fc 2019&#8217;dan.<\/p>\n<p>10 milyon \u00a3 \u00fczerinde de\u011fere sahip m\u00fclkler i\u00e7in 94 sat\u0131\u015f olmas\u0131na ra\u011fmen, 5-10 milyon \u00a3 aral\u0131\u011f\u0131ndaki sat\u0131\u015flar piyasaya hakim oldu. Bu, 2015&#8217;ten bu yana en y\u00fcksek rakam.<\/p>\n<p>Uluslararas\u0131 seyahatin yoklu\u011funda, pazar a\u011f\u0131rl\u0131kl\u0131 olarak zaten ba\u015fkentte ikamet eden al\u0131c\u0131lardan gelen talep taraf\u0131ndan y\u00f6nlendirildi.<\/p>\n<p>Londra&#8217;n\u0131n merkezi, \u00f6nemli konut stoklar\u0131 ve \u00f6zel bah\u00e7eleri ile bilinen be\u015f yerde sat\u0131\u015flar\u0131n yar\u0131s\u0131 ile hakim olmaya devam ediyor. Bunlar Chelsea, Kensington, Belgravia, Notting Hill ve St Johns Wood.<\/p>\n<p>Sosyal mesafe \u00f6nlemleri gev\u015fetildi\u011finden bu yana, Londra&#8217;n\u0131n merkezindeki fiyatlar \u00fc\u00e7\u00fcnc\u00fc \u00e7eyrekte %0,7 artarak y\u0131ll\u0131k bazda %1,4 artt\u0131 ve \u015fimdi Eyl\u00fcl 2014&#8217;ten bu yana en g\u00fc\u00e7l\u00fc h\u0131zda y\u00fckseliyor.<\/p>\n<p>Konut firmas\u0131; Uluslararas\u0131 seyahat artmaya devam ettik\u00e7e, bu pazarda daha belirgin fiyat art\u0131\u015f\u0131 g\u00f6rmeyi ve uzun zamand\u0131r beklenen toparlanman\u0131n ger\u00e7ekle\u015fmesini bekliyoruz a\u00e7\u0131klamas\u0131 yapt\u0131.<\/p>\n<div id=\"briti-4219882899\" class=\"briti-icerikten-sonra_2\" style=\"margin-top: 25px;margin-bottom: 25px;\"><a href=\"https:\/\/wa.me\/message\/NDZLLIOQT4H3O1\" aria-label=\"bytv reklam banner\"><img loading=\"lazy\" decoding=\"async\" src=\"https:\/\/by-tv.co.uk\/wp-content\/uploads\/2025\/12\/bytv-reklam-banner.jpg\" alt=\"\"  width=\"2376\" height=\"1008\"   \/><\/a><\/div>","protected":false},"excerpt":{"rendered":"<p>Gayrimenkul firmas\u0131 Savills, Birle\u015fik Krall\u0131k ev in\u015fa pazar\u0131n\u0131n 2026 y\u0131l\u0131na kadar toparlanamayaca\u011f\u0131n\u0131 s\u00f6yledi. Times taraf\u0131ndan yap\u0131lan habere g\u00f6re; Savills, in\u015fa edilen evlerin hacminin be\u015f y\u0131ldan \u00f6nce pandemi \u00f6ncesi seviyelere geri d\u00f6nmeyece\u011fini ve o zaman bile Birle\u015fik Krall\u0131k H\u00fck\u00fcmeti&#8217;nin y\u0131ll\u0131k 300.000 konut hedefinden y\u00fczde 20 daha az olaca\u011f\u0131n\u0131 tahmin ediyor.&nbsp; Yeni ev rakamlar\u0131 bu sene dibe vuracak 2019&#8217;da \u0130ngiltere&#8217;de 240.000 konut in\u015fa edilirken, ge\u00e7en y\u0131l rakamlar d\u00fc\u015fmeye ba\u015flad\u0131 ve 200.000&#8217;e d\u00fc\u015ft\u00fc.&nbsp;Savills, bu y\u0131lki rakam\u0131n 180.000 civar\u0131nda dibe ula\u015fmas\u0131n\u0131 bekliyor. B\u00f6yle bir d\u00fc\u015f\u00fc\u015f\u00fcn nedenleri sadece pandemi ile ilgili de\u011fil.&nbsp;Savills&#8217;e g\u00f6re, Mart 2020&#8217;de pandemi vurmadan \u00f6nce bile in\u015fa edilen evlerin say\u0131s\u0131 azalmaya ba\u015flad\u0131. [&hellip;]<\/p>\n","protected":false},"author":1,"featured_media":13168,"comment_status":"open","ping_status":"open","sticky":false,"template":"","format":"standard","meta":{"ngg_post_thumbnail":0,"footnotes":""},"categories":[1],"tags":[229,149,1125,228,3843],"class_list":["post-13167","post","type-post","status-publish","format-standard","has-post-thumbnail","hentry","category-genel","tag-emlak","tag-ingiltere","tag-konut-piyasasi","tag-londra","tag-savills"],"_links":{"self":[{"href":"https:\/\/by-tv.co.uk\/en\/wp-json\/wp\/v2\/posts\/13167","targetHints":{"allow":["GET"]}}],"collection":[{"href":"https:\/\/by-tv.co.uk\/en\/wp-json\/wp\/v2\/posts"}],"about":[{"href":"https:\/\/by-tv.co.uk\/en\/wp-json\/wp\/v2\/types\/post"}],"author":[{"embeddable":true,"href":"https:\/\/by-tv.co.uk\/en\/wp-json\/wp\/v2\/users\/1"}],"replies":[{"embeddable":true,"href":"https:\/\/by-tv.co.uk\/en\/wp-json\/wp\/v2\/comments?post=13167"}],"version-history":[{"count":0,"href":"https:\/\/by-tv.co.uk\/en\/wp-json\/wp\/v2\/posts\/13167\/revisions"}],"wp:featuredmedia":[{"embeddable":true,"href":"https:\/\/by-tv.co.uk\/en\/wp-json\/wp\/v2\/media\/13168"}],"wp:attachment":[{"href":"https:\/\/by-tv.co.uk\/en\/wp-json\/wp\/v2\/media?parent=13167"}],"wp:term":[{"taxonomy":"category","embeddable":true,"href":"https:\/\/by-tv.co.uk\/en\/wp-json\/wp\/v2\/categories?post=13167"},{"taxonomy":"post_tag","embeddable":true,"href":"https:\/\/by-tv.co.uk\/en\/wp-json\/wp\/v2\/tags?post=13167"}],"curies":[{"name":"wp","href":"https:\/\/api.w.org\/{rel}","templated":true}]}}