{"id":13162,"date":"2021-10-17T15:37:18","date_gmt":"2021-10-17T14:37:18","guid":{"rendered":"https:\/\/by-tv.co.uk\/?p=13162"},"modified":"2021-10-17T16:00:05","modified_gmt":"2021-10-17T15:00:05","slug":"kralice-ii-elizabeth-liderlere-kizdi-konusuyorlar-ama-is-yapmiyorlar","status":"publish","type":"post","link":"https:\/\/by-tv.co.uk\/en\/kralice-ii-elizabeth-liderlere-kizdi-konusuyorlar-ama-is-yapmiyorlar\/","title":{"rendered":"Krali\u00e7e II. Elizabeth liderlere k\u0131zd\u0131: Konu\u015fuyorlar ama i\u015f yapm\u0131yorlar"},"content":{"rendered":"<p>\u0130klim krizi hakk\u0131nda konu\u015fan \u0130ngiltere Krali\u00e7esi II. Elizabeth, liderlere sitem etti. Elizabeth, &#8220;Konu\u015fuyorlar ama i\u015f yapm\u0131yorlar&#8221; dedi.<br \/>\n\u0130ngiltere Krali\u00e7esi II. Elizabeth&#8217;in iklim krizine ili\u015fkin yapt\u0131\u011f\u0131 a\u00e7\u0131klamalar, \u0130ngiliz bas\u0131n\u0131nda g\u00fcndem oldu. Elizabeth liderler i\u00e7in, &#8220;Konu\u015ftuklar\u0131nda ger\u00e7ekten sinir bozucu oluyor ama yapm\u0131yorlar&#8221; dedi.<\/p>\n<h4>Krali\u00e7e s\u00f6zlerini \u015f\u00f6yle s\u00fcrd\u00fcrd\u00fc:<\/h4>\n<blockquote><p>\u0130nan\u0131lmaz \u00f6yle de\u011fil mi? <a href=\"https:\/\/by-tv.co.uk\/en\/?s=cop+26\">COP26<\/a> ile ilgili her \u015feyi dinliyorum duyuyorum ve hala zirveye kimin gelece\u011fini bilmiyorum. Ortada netle\u015fmi\u015f bir \u015fey yok. Biz sadece kendilerini gelmeyen insanlar\u0131 \u00f6\u011freniyoruz\u2026 Konu\u015fup konu\u015fup i\u015f yapmayan insanlar beni irite ediyor.<\/p><\/blockquote>\n<p>31 Ekim&#8217;de Glasgow&#8217;da ger\u00e7ekle\u015fecek olan COP26 \u0130klim Zirvesi&#8217;ne kraliyet ailesinin farkl\u0131 \u00fcyelerinin de kat\u0131lmas\u0131 planlan\u0131yor.<\/p>\n<p>BM&#8217;nin COP26 zirvesine kat\u0131lmayaca\u011f\u0131n\u0131 belirten bir\u00e7ok d\u00fcnya lideri aras\u0131nda Avustralya ba\u015fbakan\u0131 Scott Morrison, \u00c7in devlet ba\u015fkan\u0131 \u015ei Jinping, Rusya devlet ba\u015fkan\u0131 Vladimir Putin, Hindistan ba\u015fbakan\u0131 Narendra Modi ve Brezilya cumhurba\u015fkan\u0131 Jair Bolsonaro yer al\u0131yor.<\/p><div id=\"briti-1806267954\" class=\"briti-icerik\" style=\"margin-top: 5px;margin-bottom: 5px;\"><a href=\"https:\/\/piaryum.com\/services\/\" aria-label=\"piaryum banner\"><img loading=\"lazy\" decoding=\"async\" src=\"https:\/\/by-tv.co.uk\/wp-content\/uploads\/2025\/12\/Gemini_Generated_Image_g5yqr1g5yqr1g5yq.jpg\" alt=\"\"  width=\"2064\" height=\"1152\"   \/><\/a><\/div>\n<p>Kaynak: Finans G\u00fcndem<\/p>\n<div id=\"briti-3987161150\" class=\"briti-icerikten-sonra_2\" style=\"margin-top: 25px;margin-bottom: 25px;\"><a href=\"https:\/\/wa.me\/message\/NDZLLIOQT4H3O1\" aria-label=\"bytv reklam banner\"><img loading=\"lazy\" decoding=\"async\" src=\"https:\/\/by-tv.co.uk\/wp-content\/uploads\/2025\/12\/bytv-reklam-banner.jpg\" alt=\"\"  width=\"2376\" height=\"1008\"   \/><\/a><\/div>","protected":false},"excerpt":{"rendered":"<p>\u0130klim krizi hakk\u0131nda konu\u015fan \u0130ngiltere Krali\u00e7esi II. Elizabeth, liderlere sitem etti. Elizabeth, &#8220;Konu\u015fuyorlar ama i\u015f yapm\u0131yorlar&#8221; dedi. \u0130ngiltere Krali\u00e7esi II. Elizabeth&#8217;in iklim krizine ili\u015fkin yapt\u0131\u011f\u0131 a\u00e7\u0131klamalar, \u0130ngiliz bas\u0131n\u0131nda g\u00fcndem oldu. Elizabeth liderler i\u00e7in, &#8220;Konu\u015ftuklar\u0131nda ger\u00e7ekten sinir bozucu oluyor ama yapm\u0131yorlar&#8221; dedi. Krali\u00e7e s\u00f6zlerini \u015f\u00f6yle s\u00fcrd\u00fcrd\u00fc: \u0130nan\u0131lmaz \u00f6yle de\u011fil mi? COP26 ile ilgili her \u015feyi dinliyorum duyuyorum ve hala zirveye kimin gelece\u011fini bilmiyorum. Ortada netle\u015fmi\u015f bir \u015fey yok. Biz sadece kendilerini gelmeyen insanlar\u0131 \u00f6\u011freniyoruz\u2026 Konu\u015fup konu\u015fup i\u015f yapmayan insanlar beni irite ediyor. 31 Ekim&#8217;de Glasgow&#8217;da ger\u00e7ekle\u015fecek olan COP26 \u0130klim Zirvesi&#8217;ne kraliyet ailesinin farkl\u0131 \u00fcyelerinin de kat\u0131lmas\u0131 planlan\u0131yor. BM&#8217;nin COP26 zirvesine kat\u0131lmayaca\u011f\u0131n\u0131 [&hellip;]<\/p>\n","protected":false},"author":1,"featured_media":0,"comment_status":"open","ping_status":"open","sticky":false,"template":"","format":"standard","meta":{"ngg_post_thumbnail":0,"footnotes":""},"categories":[1],"tags":[],"class_list":["post-13162","post","type-post","status-publish","format-standard","hentry","category-genel"],"_links":{"self":[{"href":"https:\/\/by-tv.co.uk\/en\/wp-json\/wp\/v2\/posts\/13162","targetHints":{"allow":["GET"]}}],"collection":[{"href":"https:\/\/by-tv.co.uk\/en\/wp-json\/wp\/v2\/posts"}],"about":[{"href":"https:\/\/by-tv.co.uk\/en\/wp-json\/wp\/v2\/types\/post"}],"author":[{"embeddable":true,"href":"https:\/\/by-tv.co.uk\/en\/wp-json\/wp\/v2\/users\/1"}],"replies":[{"embeddable":true,"href":"https:\/\/by-tv.co.uk\/en\/wp-json\/wp\/v2\/comments?post=13162"}],"version-history":[{"count":0,"href":"https:\/\/by-tv.co.uk\/en\/wp-json\/wp\/v2\/posts\/13162\/revisions"}],"wp:attachment":[{"href":"https:\/\/by-tv.co.uk\/en\/wp-json\/wp\/v2\/media?parent=13162"}],"wp:term":[{"taxonomy":"category","embeddable":true,"href":"https:\/\/by-tv.co.uk\/en\/wp-json\/wp\/v2\/categories?post=13162"},{"taxonomy":"post_tag","embeddable":true,"href":"https:\/\/by-tv.co.uk\/en\/wp-json\/wp\/v2\/tags?post=13162"}],"curies":[{"name":"wp","href":"https:\/\/api.w.org\/{rel}","templated":true}]}}