{"id":13077,"date":"2021-10-08T14:50:31","date_gmt":"2021-10-08T13:50:31","guid":{"rendered":"https:\/\/by-tv.co.uk\/?p=13077"},"modified":"2021-10-08T14:50:31","modified_gmt":"2021-10-08T13:50:31","slug":"erhan-aslanoglu-mild-stagflation-tanimina-uygun-bir-surecte-yasiyoruz","status":"publish","type":"post","link":"https:\/\/by-tv.co.uk\/en\/erhan-aslanoglu-mild-stagflation-tanimina-uygun-bir-surecte-yasiyoruz\/","title":{"rendered":"Ekonomist Prof. Dr. Erhan Aslano\u011flu; Mild Stagflation tan\u0131m\u0131na uygun bir s\u00fcre\u00e7te ya\u015f\u0131yoruz"},"content":{"rendered":"<p style=\"text-align: left;\">\u0130ngiltere&#8217;nin son d\u00f6nemde ya\u015fad\u0131\u011f\u0131 akaryak\u0131t krizi ve gaz fiyatlar\u0131n\u0131n art\u0131\u015f\u0131n\u0131 Piri Reis \u00dcniversitesi Rekt\u00f6r Yard\u0131mc\u0131s\u0131 Erhan Aslano\u011flu, Brit \u0130\u015f Ya\u015fam Tv&#8217;ye de\u011ferlendirdi.&nbsp; Ekonomist Prof. Dr. Aslano\u011flu ya\u015fanan s\u00fcrecin \u201cMild Stagflation\u201d denilen duruma uygun bir tablo \u00e7izdi\u011fini s\u00f6yledi.<\/p>\n<p style=\"text-align: left;\">Ekonomide b\u00fcy\u00fcmenin; beklentilerin biraz alt\u0131nda, ama enflasyonun beklentinin \u00fczerinde oldu\u011fu bir s\u00fcre\u00e7le kar\u015f\u0131 kar\u015f\u0131ya kal\u0131nd\u0131\u011f\u0131n\u0131 s\u00f6yleyen Ekonomist Prof.Dr. Aslano\u011flu; bu s\u00fcrecin daha sert bir stagflasyona d\u00f6n\u00fc\u015f\u00fcp d\u00f6n\u00fc\u015fmeyece\u011fini zaman\u0131n g\u00f6sterece\u011fini ve pandeminin \u00f6nemli bir belirleyici olaca\u011f\u0131n\u0131 s\u00f6yledi.<\/p>\n<h4 style=\"text-align: left;\">\u0130ngiltere ekonomisi nereye gidiyor?<\/h4>\n<p style=\"text-align: left;\"><em>&#8220;K\u00fcresel ekonomide her \u00fclke i\u00e7in, <a href=\"https:\/\/by-tv.co.uk\/en\/kategori\/haber\/ingiltere\/\">\u0130ngiltere<\/a> i\u00e7in de asl\u0131nda tarihi bir d\u00f6nemden<\/em> <em>ge\u00e7iyoruz, ge\u00e7meye devam ediyoruz. Ge\u00e7en y\u0131l Covid-19\u2019un etkisiyle tabii ki 2.D\u00fcnya Sava\u015f\u0131&#8217;ndan bu yana en sert daralmay\u0131 ya\u015fayan bir d\u00fcnya ekonomisi var. Her \u00fclke az \u00e7ok bundan pay\u0131n\u0131 ald\u0131. Bu y\u0131lda hem baz etkisi hem \u00f6telenen talep ve benzeri nedenlerle 1950&#8217;lerden bu yana en g\u00fc\u00e7l\u00fc b\u00fcy\u00fcmenin oldu\u011fu y\u0131llardan birisi bekleniyor. \u0130ngiltere de, bu anlamda benzer e\u011filimler i\u00e7inde oluyor diye d\u00fc\u015f\u00fcn\u00fcyorum.&#8221;<\/em><br \/>\n<iframe loading=\"lazy\" title=\"YouTube video player\" src=\"https:\/\/www.youtube.com\/embed\/SSq4QkLviuY\" width=\"1280\" height=\"720\" frameborder=\"0\" allowfullscreen=\"allowfullscreen\"><\/iframe><br \/>\n<em>&#8220;Ge\u00e7en y\u0131l tabii pandemi; hem arz, hem talep y\u00f6nl\u00fc \u015fok yaratarak, ciddi bir b\u00fcy\u00fcme sorunu yaratt\u0131. A\u015f\u0131lar\u0131n devreye girmesiyle bu ciddi boyutu olan ve bu sefer b\u00fcy\u00fcme taraf\u0131na d\u00f6nmeye ba\u015flad\u0131, ge\u00e7en y\u0131l\u0131n sonlar\u0131ndan itibaren. Hani a\u015f\u0131lar devreye girecek, normalle\u015fme h\u0131zla gelecek ve b\u00fcy\u00fcme h\u0131zlanacak beklentisi. Bunun arkas\u0131ndan y\u0131l\u0131n ba\u015flar\u0131nda enflasyon kayg\u0131lar\u0131n\u0131n yava\u015f yava\u015f artmaya ba\u015flad\u0131\u011f\u0131n\u0131 g\u00f6rd\u00fck. Fakat bu talepteki canlanma bir taraftan da \u201cDelta&#8221; varyant\u0131; \u0130ngiltere&#8217;de \u00e7ok sert etkisini g\u00f6sterdi asl\u0131nda. Arz taraf\u0131n\u0131, \u00fcretim taraf\u0131n\u0131 a\u015f\u0131lar\u0131n devreye girmesiyle beklenen b\u00fcy\u00fcme biraz engelleyici \u015fekilde de geli\u015fti. B\u00fcy\u00fcme tahminleri i\u015fte tedarik sorunlar\u0131 ve maliyet sorunlar\u0131 ve benzeri nedenlerle ve pandemi etkisiyle kapanmalar, yar\u0131 kapanmalar y\u0131l\u0131n ikinci yar\u0131s\u0131nda \u00f6zellikle tekrar b\u00fcy\u00fcme tahminlerinin a\u015fa\u011f\u0131ya gitti\u011fi bir d\u00f6neme girdik. 3. \u00e7eyrekte de bu k\u0131smen yans\u0131d\u0131 ve \u015f\u00f6yle bir noktaya geldik asl\u0131nda bir y\u0131l i\u00e7inde; Hani <strong>daralma- deflasyon e\u011filiminden, b\u00fcy\u00fcme-enflasyon \u015fimdi de yava\u015flama-enflasyon<\/strong>.&#8221;<\/em><\/p><div id=\"briti-1303144336\" class=\"briti-icerik\" style=\"margin-top: 5px;margin-bottom: 5px;\"><a href=\"https:\/\/piaryum.com\/services\/\" aria-label=\"piaryum banner\"><img loading=\"lazy\" decoding=\"async\" src=\"https:\/\/by-tv.co.uk\/wp-content\/uploads\/2025\/12\/Gemini_Generated_Image_g5yqr1g5yqr1g5yq.jpg\" alt=\"\"  width=\"2064\" height=\"1152\"   \/><\/a><\/div>\n<h4 style=\"text-align: left;\">Stagflasyon diye tabir edebilece\u011fimiz bir ortam t\u00fcm d\u00fcnya i\u00e7in konu\u015fuluyor<\/h4>\n<p style=\"text-align: left;\"><em>&#8220;Yani asl\u0131nda teknik olarak stagflasyon diye tabir edebilece\u011fimiz bir ortam t\u00fcm d\u00fcnya i\u00e7in konu\u015fuluyor. \u0130ngiltere i\u00e7in de s\u00f6z konusu olabilir ama bunun \u00f6zellikle enflasyon k\u0131sm\u0131 her yer i\u00e7in, k\u0131sa vadede \u00f6nemli bir soru te\u015fkil edecek gibi g\u00f6z\u00fck\u00fcyor. Burada \u00f6zellikle enerji fiyatlar\u0131ndaki art\u0131\u015f; Petrol, do\u011falgaz ba\u015fta olmak \u00fczere k\u00f6m\u00fcr. Bu enerji fiyatlar\u0131ndaki art\u0131\u015f enflasyon i\u00e7in k\u0131sa vadede ciddi bir risk olu\u015fturuyor. Tedarik sorunlar\u0131 tedarikten kaynaklanan maliyet art\u0131\u015flar\u0131 yine enflasyon i\u00e7in bir ba\u015fka risk, birikimli gelen bir\u00e7ok emtia fiyat\u0131 bunu destekledi. \u00dccretlere k\u0131smi gelen bask\u0131lar hepsini birle\u015ftirince enflasyon daha s\u0131cak bir g\u00fcndem gibi g\u00f6r\u00fcn\u00fcyor. Bunun b\u00fcy\u00fcmeyi ne kadar, nas\u0131l etkileyece\u011fini izleyece\u011fiz.&#8221;<\/em><\/p>\n<h4 style=\"text-align: left;\">Ekonomist Prof. Dr. Erhan Aslano\u011flu; Mild Stagflation tan\u0131m\u0131na uygun bir s\u00fcre\u00e7te ya\u015f\u0131yoruz<\/h4>\n<p style=\"text-align: left;\"><em>&#8220;Ben biraz hani \u201cMild Stagflation\u201d denilen tan\u0131ma uygun bir s\u00fcre\u00e7te oldu\u011fumuzu d\u00fc\u015f\u00fcn\u00fcyorum. Yani b\u00fcy\u00fcme beklentilerin biraz alt\u0131nda, ama enflasyonun beklentinin \u00fczerinde oldu\u011fu bir s\u00fcre\u00e7le kar\u015f\u0131 kar\u015f\u0131yay\u0131z. Bu daha sert bir stagflasyona d\u00f6n\u00fc\u015f\u00fcr m\u00fc izleyece\u011fiz. Ama pandemi \u00f6nemli bir belirleyen olacak burada. Bir de uygulanan Politikalar diye d\u00fc\u015f\u00fcn\u00fcyorum.&#8221;<\/em><\/p>\n<h4 style=\"text-align: left;\">Birle\u015fik Krall\u0131k\u2019ta gaz fiyatlar\u0131 neden s\u00fcrekli art\u0131yor?<\/h4>\n<p style=\"text-align: left;\"><em>&#8220;Ben \u015f\u00f6yle d\u00fc\u015f\u00fcn\u00fcyorum, bu fosil yak\u0131tlar dedi\u011fimiz genel olarak burada; petrol, do\u011falgaz ve k\u00f6m\u00fcr ama \u00f6ne \u00e7\u0131kan tabi \u00e7ok fazla do\u011falgaz ve petrol var. Bence daha temelde bir art\u0131\u015f e\u011filiminde. Bunun gerisini 2015 Paris \u0130klim Antla\u015fmas\u0131&#8217;na ve o y\u0131l Birle\u015fmi\u015f Milletler&#8217;in ald\u0131\u011f\u0131 2030 s\u00fcrd\u00fcr\u00fclebilir kalk\u0131nmaya hedeflerine kadar g\u00f6t\u00fcrebiliriz. Bu geli\u015fmeler fosil yak\u0131t \u00fcreten \u015firketleri t\u00fcm d\u00fcnyada yeni yat\u0131r\u0131m yapmaktan yava\u015f yava\u015f uzakla\u015ft\u0131rmaya ba\u015flad\u0131. Elbette yeni yat\u0131r\u0131mlar yap\u0131ld\u0131 ama art\u0131\u015f h\u0131z\u0131 d\u00fc\u015ft\u00fc. Arz kapasitesi azalmaya ba\u015flad\u0131. Bir taraftan da yeni ye\u015fil d\u00f6n\u00fc\u015f\u00fcm; yani bu Paris iklim Anla\u015fmas\u0131 iklimin getirdi\u011fi sorunlar h\u0131zland\u0131. \u0130\u015fte bunu elektrikli ara\u00e7lar\u0131n beklenenden daha k\u0131sa s\u00fcrede tamamen di\u011fer geleneksel ara\u00e7lar\u0131n yerini almas\u0131ndan tutal\u0131m i\u015fte \u0130ngiltere&#8217;de bildi\u011fim kadar\u0131yla 2024 sonuna kadar b\u00fct\u00fcn k\u00f6m\u00fcr madenlerinin kapat\u0131lmas\u0131 kararlar\u0131na kadar \u00e7ok da h\u0131zl\u0131 ad\u0131mlar gelmeye ba\u015flad\u0131. \u015eimdi bir taraftan fosil yak\u0131t ar\u0131z d\u00fc\u015ferken, di\u011fer taraftan da yenilenebilir enerji arz\u0131 art\u0131r\u0131lmaya \u00e7al\u0131\u015f\u0131ld\u0131. Fakat o arz da gerek maliyet gerek bunun operasyonel organizasyonlar\u0131 nedeniyle yeterince h\u0131zl\u0131 gitmedi. Sonu\u00e7ta enerji arz\u0131 ile ilgili bir s\u0131k\u0131nt\u0131 var ama bu ne ile kar\u015f\u0131la\u015ft\u0131, bu y\u0131l t\u00fcm d\u00fcnyada? \u00d6zellikle son aylarda \u00e7ok g\u00fc\u00e7l\u00fc bir talep. Zaten pandemide bizler evlerde ya\u015fad\u0131k\u00e7a evle ile ilgili harcamalar\u0131m\u0131z artt\u0131k\u00e7a, evi ofis ve okul gibi kullanmam\u0131z daha \u00e7ok bir\u00e7o\u011fumuz i\u00e7in yeni harcamalar getirdi. Bir \u00e7o\u011fumuz muhtemelen bizi izleyenler az ya da \u00e7ok bir \u015fey alm\u0131\u015f olabilir son bir , bir bu\u00e7uk y\u0131ld\u0131r. Yeni bir bilgisayar alm\u0131\u015f olabilir eve bir mobilya alm\u0131\u015f olabilir, bir elektronik cihaz vs. Bunlar hepsi imalat sanayi \u00fcr\u00fcn\u00fc. \u0130mkan\u0131 olan araba almayan toplu ta\u015f\u0131may\u0131 daha az kullanay\u0131m diye bir araba almak istedim vs. Yani bu imalat sanayi \u00fcr\u00fcnlerine olan talep art\u0131\u015f\u0131. Tabii bunlar enerji ile \u00fcretiliyor, hammadde ile \u00fcretiliyor. Enerji ve t\u00fcm ana metal fiyatlar\u0131 \u00e7ok sert yukar\u0131 ta\u015f\u0131d\u0131. Bu bir kere ana fakt\u00f6rlerden birisi. Yaz aylar\u0131ndan itibaren hizmet sekt\u00f6rleri de devreye girmeye ba\u015flay\u0131nca, u\u00e7u\u015flar artt\u0131k\u00e7a, tatile gidenler artt\u0131, insanlar arabayla daha fazla seyahate \u00e7\u0131kt\u0131 falan. \u00c7ok ciddi bir taleple birle\u015fince; bu enerji fiyatlar\u0131ndaki art\u0131\u015f\u0131n ana nedeni ortaya \u00e7\u0131kt\u0131. G\u00f6rebildi\u011fim kadar\u0131yla bir ba\u015fka unsur da \u015funu iklim meselesi ve \u00f6zellikle Z ku\u015fa\u011f\u0131n\u0131n da daha g\u00fc\u00e7l\u00fc bast\u0131rmas\u0131yla ki, bence bu iyi bir \u015fey h\u0131zla toplumlar\u0131, bat\u0131y\u0131 \u0130ngiltere&#8217;yi, Avrupa&#8217;y\u0131 bu yenilebilir enerjiye do\u011fru y\u00f6neltiyor. Tabi y\u00f6netirken de \u015f\u00f6yle s\u0131k\u0131nt\u0131lar ya\u015fan\u0131yor, ya\u015fanacak da anla\u015f\u0131lan. Mesela \u0130ngiltere bildi\u011fim kadar\u0131yla elektrik \u00fcretiminin d\u00f6rtte birini \u201cr\u00fczgar enerjisinden\u201d kar\u015f\u0131l\u0131yor. Eyl\u00fcl ay\u0131nda yine izledi\u011fim kadar\u0131yla Kuzey Denizi&#8217;ndeki r\u00fczgarlar\u0131n h\u0131z\u0131n\u0131n azalmas\u0131 Eyl\u00fcl&#8217;de elektrik enerjisi, r\u00fczgar yoluyla elektrik \u00fcretimi azaltm\u0131\u015f g\u00f6r\u00fcn\u00fcyor. Tabi \u0130ngiltere h\u0131zla bunu telafi etmek i\u00e7in do\u011falgaza, k\u00f6m\u00fcre de talebini artt\u0131rmaya ba\u015flad\u0131. Fakat bunlar\u0131n arz\u0131 s\u0131k\u0131nt\u0131l\u0131, k\u0131s\u0131tl\u0131 yani r\u00fczgar\u0131n yeterli olmamas\u0131, yenilenebilir enerjinin bu t\u00fcr bir aksakl\u0131\u011f\u0131 da eklenince bu son tablo daha da netle\u015fti gibi g\u00f6z\u00fck\u00fcyor. Yani burada seni \u015fu sorgulam\u0131yor belki d\u00fcnyada acaba iklimle m\u00fccadelede \u00e7ok mu h\u0131zl\u0131 gidiyoruz gibi tart\u0131\u015f\u0131labilir yani o m\u00fccadele devam edecek. B\u00fct\u00fcn bu fakt\u00f6rler enerjiye ciddi bir talep oldu\u011funu g\u00f6steriyor fosil yak\u0131tlara fakat arz yeterli de\u011fil. \u00dcstelik OPEC ve OPEC+ Rusya dahil.&#8221;<\/em><\/p>\n<div id=\"briti-37250914\" class=\"briti-icerikten-sonra_2\" style=\"margin-top: 25px;margin-bottom: 25px;\"><a href=\"https:\/\/wa.me\/message\/NDZLLIOQT4H3O1\" aria-label=\"bytv reklam banner\"><img loading=\"lazy\" decoding=\"async\" src=\"https:\/\/by-tv.co.uk\/wp-content\/uploads\/2025\/12\/bytv-reklam-banner.jpg\" alt=\"\"  width=\"2376\" height=\"1008\"   \/><\/a><\/div>","protected":false},"excerpt":{"rendered":"<p>\u0130ngiltere&#8217;nin son d\u00f6nemde ya\u015fad\u0131\u011f\u0131 akaryak\u0131t krizi ve gaz fiyatlar\u0131n\u0131n art\u0131\u015f\u0131n\u0131 Piri Reis \u00dcniversitesi Rekt\u00f6r Yard\u0131mc\u0131s\u0131 Erhan Aslano\u011flu, Brit \u0130\u015f Ya\u015fam Tv&#8217;ye de\u011ferlendirdi.&nbsp; Ekonomist Prof. Dr. Aslano\u011flu ya\u015fanan s\u00fcrecin \u201cMild Stagflation\u201d denilen duruma uygun bir tablo \u00e7izdi\u011fini s\u00f6yledi. Ekonomide b\u00fcy\u00fcmenin; beklentilerin biraz alt\u0131nda, ama enflasyonun beklentinin \u00fczerinde oldu\u011fu bir s\u00fcre\u00e7le kar\u015f\u0131 kar\u015f\u0131ya kal\u0131nd\u0131\u011f\u0131n\u0131 s\u00f6yleyen Ekonomist Prof.Dr. Aslano\u011flu; bu s\u00fcrecin daha sert bir stagflasyona d\u00f6n\u00fc\u015f\u00fcp d\u00f6n\u00fc\u015fmeyece\u011fini zaman\u0131n g\u00f6sterece\u011fini ve pandeminin \u00f6nemli bir belirleyici olaca\u011f\u0131n\u0131 s\u00f6yledi. \u0130ngiltere ekonomisi nereye gidiyor? &#8220;K\u00fcresel ekonomide her \u00fclke i\u00e7in, \u0130ngiltere i\u00e7in de asl\u0131nda tarihi bir d\u00f6nemden ge\u00e7iyoruz, ge\u00e7meye devam ediyoruz. Ge\u00e7en y\u0131l Covid-19\u2019un etkisiyle tabii ki 2.D\u00fcnya [&hellip;]<\/p>\n","protected":false},"author":1,"featured_media":13078,"comment_status":"open","ping_status":"open","sticky":false,"template":"","format":"standard","meta":{"ngg_post_thumbnail":0,"footnotes":""},"categories":[15],"tags":[3784,268,3783,3782,149,3781],"class_list":["post-13077","post","type-post","status-publish","format-standard","has-post-thumbnail","hentry","category-ingiltere","tag-akaryakit-krizi","tag-enflasyon","tag-erhan-aslanoglu","tag-hafif-stagflasyon","tag-ingiltere","tag-mild-stagflation"],"_links":{"self":[{"href":"https:\/\/by-tv.co.uk\/en\/wp-json\/wp\/v2\/posts\/13077","targetHints":{"allow":["GET"]}}],"collection":[{"href":"https:\/\/by-tv.co.uk\/en\/wp-json\/wp\/v2\/posts"}],"about":[{"href":"https:\/\/by-tv.co.uk\/en\/wp-json\/wp\/v2\/types\/post"}],"author":[{"embeddable":true,"href":"https:\/\/by-tv.co.uk\/en\/wp-json\/wp\/v2\/users\/1"}],"replies":[{"embeddable":true,"href":"https:\/\/by-tv.co.uk\/en\/wp-json\/wp\/v2\/comments?post=13077"}],"version-history":[{"count":0,"href":"https:\/\/by-tv.co.uk\/en\/wp-json\/wp\/v2\/posts\/13077\/revisions"}],"wp:featuredmedia":[{"embeddable":true,"href":"https:\/\/by-tv.co.uk\/en\/wp-json\/wp\/v2\/media\/13078"}],"wp:attachment":[{"href":"https:\/\/by-tv.co.uk\/en\/wp-json\/wp\/v2\/media?parent=13077"}],"wp:term":[{"taxonomy":"category","embeddable":true,"href":"https:\/\/by-tv.co.uk\/en\/wp-json\/wp\/v2\/categories?post=13077"},{"taxonomy":"post_tag","embeddable":true,"href":"https:\/\/by-tv.co.uk\/en\/wp-json\/wp\/v2\/tags?post=13077"}],"curies":[{"name":"wp","href":"https:\/\/api.w.org\/{rel}","templated":true}]}}