{"id":13014,"date":"2021-10-02T13:38:43","date_gmt":"2021-10-02T12:38:43","guid":{"rendered":"https:\/\/by-tv.co.uk\/?p=13014"},"modified":"2021-10-02T14:41:58","modified_gmt":"2021-10-02T13:41:58","slug":"birlesik-krallik-kuresel-girisim-programi-kapsaminda-turkiye-hedef-pazar-olarak-secildi","status":"publish","type":"post","link":"https:\/\/by-tv.co.uk\/en\/birlesik-krallik-kuresel-girisim-programi-kapsaminda-turkiye-hedef-pazar-olarak-secildi\/","title":{"rendered":"Birle\u015fik Krall\u0131k K\u00fcresel Giri\u015fim Program\u0131 kapsam\u0131nda; T\u00fcrkiye hedef pazar olarak se\u00e7ildi"},"content":{"rendered":"<p>Birle\u015fik Krall\u0131k K\u00fcresel Giri\u015fim Program\u0131&nbsp;kapsam\u0131nda; T\u00fcrkiye hedef pazar olarak se\u00e7ildi.<\/p>\n<p>Birle\u015fik Krall\u0131k \u0130stanbul Ba\u015fkonsolosu ve Do\u011fu Avrupa ve Orta Asya Ticaret M\u00fcste\u015far\u0131 <a href=\"https:\/\/by-tv.co.uk\/en\/birlesik-krallik-istanbul-baskonsolosu-hangi-takimi-tutayim\/\">Kenan Poleo\u2019<\/a>nun kat\u0131l\u0131m\u0131yla, Birle\u015fik Krall\u0131k Global Entrepreneur (K\u00fcresel Giri\u015fim) Program\u0131 (GEP) lansman\u0131 yap\u0131ld\u0131.<\/p>\n<p>Merkezi \u0130ngiltere\u2019de olan ve \u0130ngiltere H\u00fck\u00fcmeti taraf\u0131ndan y\u00f6netilen K\u00fcresel Giri\u015fim Program\u0131 (<a href=\"https:\/\/www.gov.uk\/government\/publications\/entrepreneurs-setting-up-in-the-uk\/entrepreneurs-setting-up-in-the-uk\" target=\"_blank\" rel=\"noopener\">Global Entrepreneurs Program<\/a> \u2013 GEP) taraf\u0131ndan d\u00fczenlenen ve T\u00fcrk teknoloji start-uplar\u0131n kat\u0131ld\u0131\u011f\u0131 lansman \u0130stanbul\u2019da yap\u0131ld\u0131.<\/p><div id=\"briti-1107737017\" class=\"briti-icerik\" style=\"margin-top: 5px;margin-bottom: 5px;\"><a href=\"https:\/\/piaryum.com\/services\/\" aria-label=\"piaryum banner\"><img loading=\"lazy\" decoding=\"async\" src=\"https:\/\/by-tv.co.uk\/wp-content\/uploads\/2025\/12\/Gemini_Generated_Image_g5yqr1g5yqr1g5yq.jpg\" alt=\"\"  width=\"2064\" height=\"1152\"   \/><\/a><\/div>\n<blockquote class=\"twitter-tweet\">\n<p dir=\"ltr\" lang=\"en\">I was delighted to launch the Department for International Trade&#8217;s Global Entrepreneur Programme in Turkey this week.<\/p>\n<p>Watch this video to find out more \u2b07\ufe0f<a href=\"https:\/\/t.co\/df7GVkr7MW\">https:\/\/t.co\/df7GVkr7MW<\/a><\/p>\n<p>\u2014 Kenan Poleo (@KenanPoleo) <a href=\"https:\/\/twitter.com\/KenanPoleo\/status\/1443996232381313024?ref_src=twsrc%5Etfw\" target=\"_blank\" rel=\"noopener\">October 1, 2021<\/a><\/p><\/blockquote>\n<p><script async=\"\" src=\"https:\/\/platform.twitter.com\/widgets.js\" charset=\"utf-8\"><\/script><br \/>\nK\u00fcresel Giri\u015fim Program\u0131 kapsam\u0131nda yer alan mentorlara dan\u0131\u015fma imk\u00e2n\u0131ndan yararlanacak olan \u015firketler fikirlerini ya da projelerini bir sonraki a\u015famaya ta\u015f\u0131yabilecekler. Ayr\u0131ca programla y\u00fcksek b\u00fcy\u00fcme potansiyeline sahip giri\u015fimci, inovasyon a\u00e7\u0131s\u0131ndan zengin i\u015fletmelere Birle\u015fik Krall\u0131k&#8217;ta i\u015f kurmalar\u0131 i\u00e7in destek sa\u011flanmas\u0131 ama\u00e7lan\u0131yor.<br \/>\n<iframe loading=\"lazy\" title=\"YouTube video player\" src=\"https:\/\/www.youtube.com\/embed\/pGy7nwggTfo\" width=\"791\" height=\"723\" frameborder=\"0\" allowfullscreen=\"allowfullscreen\"><\/iframe><br \/>\n&nbsp;<\/p>\n<h4>T\u00fcrkiye hedef pazar olarak se\u00e7ildi<\/h4>\n<p>Kenan Poleo\u201d T\u00fcrkiye&#8217;deki \u015firketlerin yaratt\u0131\u011f\u0131 ve k\u00fcresel \u00f6l\u00e7ekte \u00f6l\u00e7eklendirdi\u011fi ola\u011fan\u00fcst\u00fc inovasyonlar sonucu bu program\u0131n d\u00fcnya \u00e7ap\u0131nda geni\u015fletilmesi kapsam\u0131nda <a href=\"https:\/\/by-tv.co.uk\/en\/kategori\/tr-uk-sta\/\">T\u00fcrkiye<\/a> hedef pazar olarak se\u00e7ildi. T\u00fcrkiye pazar\u0131nda b\u00fcy\u00fck bir potansiyel var, Bu nedenle GEP T\u00fcrkiye&#8217;ye \u00f6zel bir mentor atama karar\u0131 verdi.\u201d a\u00e7\u0131klamas\u0131nda bulundu. Bu kapsamda&nbsp;<a href=\"https:\/\/www.mct.com.tr\/danismanlarimiz\/aziz-emre-gunel\/\" target=\"_blank\" rel=\"noopener\"> Aziz Emre G\u00fcnel<\/a> ilk mentor olarak g\u00f6rev yapacak.<\/p>\n<h4>Giri\u015fimci Aziz Emre G\u00fcnel mentor olarak atand\u0131<\/h4>\n<p>Ba\u015far\u0131l\u0131 bir giri\u015fimci olan <strong>Aziz Emre G\u00fcnel<\/strong> iddial\u0131 giri\u015fimciler, ve h\u0131zl\u0131 b\u00fcy\u00fcyen i\u015fletmeler i\u00e7in gerekli yerel deste\u011fi ve uzmanl\u0131\u011f\u0131 sa\u011flamada rol oynayacak. G\u00fcnel \u201cVerilere bakt\u0131\u011f\u0131m\u0131zda g\u00f6r\u00fcyoruz ki 18 ve 21 ya\u015flar\u0131 aras\u0131ndaki \u00fcniversite \u00f6\u011frencileri mezun olduklar\u0131nda kendi \u015firketlerini kuracaklard\u0131r. Bu nedenle Global Entrepreneurs Program\u0131 hem finansman sa\u011flamada hem de k\u00fcresel d\u00fc\u015f\u00fcnme a\u00e7\u0131s\u0131ndan daha da b\u00fcy\u00fck bir \u00f6neme sahip olacak. \u201cdedi.<\/p>\n<h4>Aziz Emre G\u00fcnel kimdir?<\/h4>\n<p>Aziz Emre G\u00fcnel; B2B ve H\u0131zl\u0131 T\u00fcketim \u00dcr\u00fcnleri sekt\u00f6r\u00fcnde sat\u0131\u015f ve pazarlama alan\u0131nda toplamda 20 y\u0131ll\u0131k tecr\u00fcbesinin ard\u0131ndan mobil ticaret ve internet \u00fczerinden i\u015f modelleri \u00fczerinde \u00e7al\u0131\u015fmalar yapm\u0131\u015ft\u0131r. G\u00fcnel, giri\u015fimci eko sisteminde, bir projede yat\u0131r\u0131mc\u0131 olarak yer alm\u0131\u015f, \u201cgetir\u201d isimli uygulaman\u0131n kurucu orta\u011f\u0131 olmu\u015ftur. Son olarak da bir pazar yeri uygulamas\u0131nda, kurucu olarak yer alm\u0131\u015ft\u0131r. Bu projelere ek olarak TUB\u0130TAK taraf\u0131ndan olu\u015fturulan \u201cGiri\u015fimci Mentoru\u201d program\u0131na kat\u0131lm\u0131\u015f ve hali haz\u0131rda ihtiya\u00e7 duyan firmalara da \u015firket stratejisi ve y\u00f6netim felsefesi ba\u015fl\u0131klar\u0131nda mentorluk yapmaktad\u0131r.<\/p>\n<p>\u0130\u015f bilgisi, giri\u015fimci y\u00f6n\u00fc, liderlik \u00f6zellikleri ve aksiyon odakl\u0131 yakla\u015f\u0131m\u0131yla ki\u015fisel geli\u015fime ve bireylerin yetkinlik geli\u015fimine destek olmaya ve de\u011fer katmaya \u00e7al\u0131\u015fan G\u00fcnel, \u00f6zellikle Pepsico\u2019da \u00e7al\u0131\u015ft\u0131\u011f\u0131 s\u00fcre boyunca, bunu uluslararas\u0131 platformlarda e\u011fitmen olarak da deneyimleme f\u0131rsat\u0131 bulmu\u015ftur.<\/p>\n<p>Uzmanl\u0131k alanlar\u0131 aras\u0131nda \u0130novasyon, \u015eirket \u0130\u00e7i Giri\u015fimcilik, Stratejik Planlama, Liderlik , Tak\u0131m Y\u00f6netimi ve Geli\u015ftirme De\u011fi\u015fim Y\u00f6netimi yer almaktad\u0131r.<\/p>\n<div id=\"briti-328312409\" class=\"briti-icerikten-sonra_2\" style=\"margin-top: 25px;margin-bottom: 25px;\"><a href=\"https:\/\/wa.me\/message\/NDZLLIOQT4H3O1\" aria-label=\"bytv reklam banner\"><img loading=\"lazy\" decoding=\"async\" src=\"https:\/\/by-tv.co.uk\/wp-content\/uploads\/2025\/12\/bytv-reklam-banner.jpg\" alt=\"\"  width=\"2376\" height=\"1008\"   \/><\/a><\/div>","protected":false},"excerpt":{"rendered":"<p>Birle\u015fik Krall\u0131k K\u00fcresel Giri\u015fim Program\u0131&nbsp;kapsam\u0131nda; T\u00fcrkiye hedef pazar olarak se\u00e7ildi. Birle\u015fik Krall\u0131k \u0130stanbul Ba\u015fkonsolosu ve Do\u011fu Avrupa ve Orta Asya Ticaret M\u00fcste\u015far\u0131 Kenan Poleo\u2019nun kat\u0131l\u0131m\u0131yla, Birle\u015fik Krall\u0131k Global Entrepreneur (K\u00fcresel Giri\u015fim) Program\u0131 (GEP) lansman\u0131 yap\u0131ld\u0131. Merkezi \u0130ngiltere\u2019de olan ve \u0130ngiltere H\u00fck\u00fcmeti taraf\u0131ndan y\u00f6netilen K\u00fcresel Giri\u015fim Program\u0131 (Global Entrepreneurs Program \u2013 GEP) taraf\u0131ndan d\u00fczenlenen ve T\u00fcrk teknoloji start-uplar\u0131n kat\u0131ld\u0131\u011f\u0131 lansman \u0130stanbul\u2019da yap\u0131ld\u0131. I was delighted to launch the Department for International Trade&#8217;s Global Entrepreneur Programme in Turkey this week. Watch this video to find out more \u2b07\ufe0fhttps:\/\/t.co\/df7GVkr7MW \u2014 Kenan Poleo (@KenanPoleo) October 1, 2021 K\u00fcresel Giri\u015fim Program\u0131 kapsam\u0131nda yer alan mentorlara [&hellip;]<\/p>\n","protected":false},"author":1,"featured_media":13015,"comment_status":"open","ping_status":"open","sticky":false,"template":"","format":"standard","meta":{"ngg_post_thumbnail":0,"footnotes":""},"categories":[15,3114,1995],"tags":[3773,3719,3774],"class_list":["post-13014","post","type-post","status-publish","format-standard","has-post-thumbnail","hentry","category-ingiltere","category-tr-uk-sta","category-turkiye-ingiltere","tag-aziz-emre-gunel","tag-kenan-poleo","tag-kuresel-girisim-programi"],"_links":{"self":[{"href":"https:\/\/by-tv.co.uk\/en\/wp-json\/wp\/v2\/posts\/13014","targetHints":{"allow":["GET"]}}],"collection":[{"href":"https:\/\/by-tv.co.uk\/en\/wp-json\/wp\/v2\/posts"}],"about":[{"href":"https:\/\/by-tv.co.uk\/en\/wp-json\/wp\/v2\/types\/post"}],"author":[{"embeddable":true,"href":"https:\/\/by-tv.co.uk\/en\/wp-json\/wp\/v2\/users\/1"}],"replies":[{"embeddable":true,"href":"https:\/\/by-tv.co.uk\/en\/wp-json\/wp\/v2\/comments?post=13014"}],"version-history":[{"count":0,"href":"https:\/\/by-tv.co.uk\/en\/wp-json\/wp\/v2\/posts\/13014\/revisions"}],"wp:featuredmedia":[{"embeddable":true,"href":"https:\/\/by-tv.co.uk\/en\/wp-json\/wp\/v2\/media\/13015"}],"wp:attachment":[{"href":"https:\/\/by-tv.co.uk\/en\/wp-json\/wp\/v2\/media?parent=13014"}],"wp:term":[{"taxonomy":"category","embeddable":true,"href":"https:\/\/by-tv.co.uk\/en\/wp-json\/wp\/v2\/categories?post=13014"},{"taxonomy":"post_tag","embeddable":true,"href":"https:\/\/by-tv.co.uk\/en\/wp-json\/wp\/v2\/tags?post=13014"}],"curies":[{"name":"wp","href":"https:\/\/api.w.org\/{rel}","templated":true}]}}