{"id":12801,"date":"2021-09-17T16:49:47","date_gmt":"2021-09-17T15:49:47","guid":{"rendered":"https:\/\/by-tv.co.uk\/?p=12801"},"modified":"2021-09-17T18:37:56","modified_gmt":"2021-09-17T17:37:56","slug":"son-dakika-turkiye-sonunda-kirmizi-listeden-cikti","status":"publish","type":"post","link":"https:\/\/by-tv.co.uk\/en\/son-dakika-turkiye-sonunda-kirmizi-listeden-cikti\/","title":{"rendered":"Son Dakika: T\u00fcrkiye sonunda k\u0131rm\u0131z\u0131 listeden \u00e7\u0131kt\u0131!"},"content":{"rendered":"<p style=\"text-align: left;\">T\u00fcrkiye sonunda k\u0131rm\u0131z\u0131 listeden \u00e7\u0131kt\u0131! 17 May\u0131s\u2019tan beri hem \u0130ngiltere\u2019deki T\u00fcrklerin hem de T\u00fcrkiye\u2019den \u0130ngiltere\u2019ye d\u00f6nmeye \u00e7al\u0131\u015fanlar\u0131n aylard\u0131r merakla bekledi\u011fi m\u00fcjdeli haber nihayet bug\u00fcn geldi.<\/p>\n<h4 style=\"text-align: left;\">T\u00fcrkiye sonunda k\u0131rm\u0131z\u0131 listeden \u00e7\u0131kt\u0131!<\/h4>\n<p style=\"text-align: left;\"><span style=\"font-weight: 400;\">#SonDakika: T\u00fcrkiye, \u0130ngiltere&#8217;nin uluslararas\u0131 k\u0131rm\u0131z\u0131 seyahat listesinden \u00e7\u0131kar\u0131ld\u0131.&nbsp;<\/span><\/p>\n<p style=\"text-align: left;\"><span style=\"font-weight: 400;\">#SonDakika: T\u00fcrkiye, \u0130ngiltrere&#8217;nin uluslararas\u0131 k\u0131rm\u0131z\u0131 seyahat listesinden \u00e7\u0131kar\u0131ld\u0131.&nbsp;<\/span><\/p><div id=\"briti-3859294778\" class=\"briti-icerik\" style=\"margin-top: 5px;margin-bottom: 5px;\"><a href=\"https:\/\/piaryum.com\/services\/\" aria-label=\"piaryum banner\"><img loading=\"lazy\" decoding=\"async\" src=\"https:\/\/by-tv.co.uk\/wp-content\/uploads\/2025\/12\/Gemini_Generated_Image_g5yqr1g5yqr1g5yq.jpg\" alt=\"\"  width=\"2064\" height=\"1152\"   \/><\/a><\/div>\n<p style=\"text-align: left;\"><span style=\"font-weight: 400;\">T\u00fcrkiye ile beraber Pakistan ve Maldivler dahil 8 \u00fclke 22 Eyl\u00fcl \u00c7ar\u015famba saat 4\u2019 ten itibaren k\u0131rm\u0131z\u0131 listeden \u00e7\u0131kacak.<\/span><\/p>\n<div class=\"fyre-comment\">\n<p><strong>K\u0131rm\u0131z\u0131 listeden \u00e7\u0131kar\u0131lan hedeflerin tam listesi<\/strong><\/p>\n<p>\u0130\u015fte k\u0131rm\u0131z\u0131 listeden \u00e7\u0131kan yerlerin tam listesi:<\/p>\n<ul>\n<li>T\u00fcrkiye<\/li>\n<li>Pakistan<\/li>\n<li>Maldivler<\/li>\n<li>M\u0131s\u0131r<\/li>\n<li>Sri Lanka<\/li>\n<li>Umman<\/li>\n<li>Banglade\u015f<\/li>\n<li>Kenya<\/li>\n<\/ul>\n<\/div>\n<p style=\"text-align: left;\"><span style=\"font-weight: 400;\">4 Ekim Pazartesiden itibaren, tamamen a\u015f\u0131l\u0131&nbsp; iseniz, k\u0131rm\u0131z\u0131 olmayan bir \u00fclkeden \u0130ngiltere&#8217;ye gelmeden \u00f6nce bir kalk\u0131\u015f \u00f6ncesi testine ihtiyac\u0131n\u0131z olmayacak ve 4 Ekim&#8217;den sonra, 2. g\u00fcn PCR testini daha basit bir testle de\u011fi\u015ftirebileceksiniz.<\/span><\/p>\n<p style=\"text-align: left;\"><span style=\"font-weight: 400;\">Ayr\u0131ca 4 Ekim Pazartesi&#8217;den itibaren uluslararas\u0131 seyahatler i\u00e7in yeni, basitle\u015ftirilmi\u015f bir sistem geliyor. Sadece k\u0131rm\u0131z\u0131 ve ye\u015fil listeler olacak.<\/span><\/p>\n<p style=\"text-align: left;\"><b>Ula\u015ft\u0131rma bakan\u0131, &#8220;uluslararas\u0131 seyahati basitle\u015ftirecek tedbirlerin&#8221; daha sonra a\u00e7\u0131klanaca\u011f\u0131n\u0131 do\u011frulad\u0131.<\/b><\/p>\n<p style=\"text-align: left;\"><span style=\"font-weight: 400;\">Grant Shapps, yap\u0131lacak de\u011fi\u015fikliklerin &#8220;maliyetleri d\u00fc\u015f\u00fcrece\u011fini, daha y\u00fcksek a\u015f\u0131lama seviyelerinden yararlanaca\u011f\u0131n\u0131 ve hepimizi g\u00fcvende tutaca\u011f\u0131n\u0131&#8221; s\u00f6yledi.<\/span><\/p>\n<p style=\"text-align: left;\"><span style=\"font-weight: 400;\">#travelupdate #goturkey #seyahatg\u00fcncellemesi #ingiltere<\/span><\/p>\n<div id=\"attachment_12470\" style=\"width: 1737px\" class=\"wp-caption aligncenter\"><img loading=\"lazy\" decoding=\"async\" aria-describedby=\"caption-attachment-12470\" class=\"wp-image-12470 size-full\" src=\"https:\/\/by-tv.co.uk\/wp-content\/uploads\/2021\/08\/48378706_2493075504066928_4665281085658103808_n-1.jpg\" alt=\" Heathrow Airport\" width=\"1727\" height=\"1200\" title=\"\"><p id=\"caption-attachment-12470\" class=\"wp-caption-text\">T\u00fcrkiye sonunda k\u0131rm\u0131z\u0131 listeden \u00e7\u0131kt\u0131! T\u00fcrkiye&#8217;den \u0130ngiltere&#8217;ye u\u00e7u\u015flar\u0131n artmas\u0131 bekleniyor. Credit:Heathrow Airport<\/p><\/div>\n<h4 style=\"text-align: left;\">22 Eyl\u00fcl gece yar\u0131s\u0131ndan sonra ge\u00e7erli<\/h4>\n<p style=\"text-align: left;\"><span style=\"font-weight: 400;\">22 Eyl\u00fcl \u00c7ar\u015famba g\u00fcn\u00fc gece yar\u0131s\u0131 04:00\u2019ten itibaren ge\u00e7erli olacak bu kararla; T\u00fcrkiye\u2019den \u0130ngiltere&#8217;ye seyahat eden herkes; ki\u015fi ba\u015f\u0131 2500 pounda yakla\u015fan masraflar\u0131n yolcuya ait oldu\u011fu zorunlu otel&nbsp; karantinas\u0131ndan kurtulmu\u015f oldu.<\/span><\/p>\n<p style=\"text-align: left;\"><span style=\"font-weight: 400;\">\u00d6te yandan T\u00fcrkiye k\u0131rm\u0131z\u0131 seyahat listesinde oldu\u011fu i\u00e7in bu d\u00f6nemde Birle\u015fik Krall\u0131k vatanda\u015flar\u0131 ve Birle\u015fik Krall\u0131k\u2019ta oturumu olan ki\u015filer sadece \u00fclkeye giri\u015f yapabiliyordu. Bu karar sonras\u0131 oturumu olmayanlar\u0131n vizeleriyle gelebilmesinin de \u00f6n\u00fc a\u00e7\u0131lm\u0131\u015f oldu.<\/span><\/p>\n<div id=\"attachment_12472\" style=\"width: 1297px\" class=\"wp-caption aligncenter\"><img loading=\"lazy\" decoding=\"async\" aria-describedby=\"caption-attachment-12472\" class=\"wp-image-12472 size-full\" src=\"https:\/\/by-tv.co.uk\/wp-content\/uploads\/2021\/08\/WhatsApp-Image-2021-08-25-at-10.28.05.jpeg\" alt=\"T.C. Pasaport\" width=\"1287\" height=\"852\" title=\"\"><p id=\"caption-attachment-12472\" class=\"wp-caption-text\">T.C. Pasaportu<\/p><\/div>\n<h4 style=\"text-align: left;\"><b>K\u0131rm\u0131z\u0131 d\u0131\u015f\u0131ndaki listeden gelen tam a\u015f\u0131l\u0131 ki\u015filere karantina yok<\/b><\/h4>\n<p style=\"text-align: left;\"><span style=\"font-weight: 400;\">Ye\u015fil listedeki \u00fclkelerden gelenlere herhangi bir karantina zorunlulu\u011fu yok.<\/span><\/p>\n<p style=\"text-align: left;\"><span style=\"font-weight: 400;\">A\u015f\u0131lar\u0131n tam say\u0131lmas\u0131 i\u00e7in<\/span><a href=\"https:\/\/by-tv.co.uk\/en\/nhs-covid-19-pass-yani-asi-sertifikasi-nasil-alinir\/\"> <span style=\"font-weight: 400;\">NHS<\/span><\/a><span style=\"font-weight: 400;\"> taraf\u0131ndan yap\u0131lm\u0131\u015f olmas\u0131 ve AB ve ABD vatanda\u015flar\u0131n\u0131n da <\/span><a href=\"https:\/\/www.ema.europa.eu\/en\" target=\"_blank\" rel=\"noopener\"><span style=\"font-weight: 400;\">&nbsp;<\/span><b>Avrupa \u0130la\u00e7 Ajans\u0131<\/b><\/a> <span style=\"font-weight: 400;\">veya<\/span><a href=\"https:\/\/www.fda.gov\/\" target=\"_blank\" rel=\"noopener\"> <b>ABD G\u0131da ve \u0130la\u00e7 \u0130daresi<\/b><\/a><b> taraf\u0131ndan onaylanm\u0131\u015f<\/b><span style=\"font-weight: 400;\"> bir a\u015f\u0131 alm\u0131\u015f olmalar\u0131 gerekecektir.<\/span><\/p>\n<p style=\"text-align: left;\"><span style=\"font-weight: 400;\">Tam a\u015f\u0131l\u0131 olmak i\u00e7in \u015funlar\u0131 a\u00e7\u0131klad\u0131: &#8220;Tam a\u015f\u0131, son a\u015f\u0131 dozunuzun \u00fczerinden 14 g\u00fcn ge\u00e7mi\u015f demektir.&#8221;<\/span><\/p>\n<h4 style=\"text-align: left;\"><b>Onaylanm\u0131\u015f a\u015f\u0131lar<\/b><\/h4>\n<p style=\"text-align: left;\"><span style=\"font-weight: 400;\">A\u015fa\u011f\u0131daki programlardan biri kapsam\u0131nda tam olarak a\u015f\u0131lanm\u0131\u015f olman\u0131z gerekir:<\/span><\/p>\n<ul style=\"text-align: left;\">\n<li style=\"font-weight: 400;\" aria-level=\"1\"><span style=\"font-weight: 400;\">\u0130ngiltere \u0130la\u00e7 ve Sa\u011fl\u0131k \u00dcr\u00fcnleri D\u00fczenleme Kurumu ( MHRA ) taraf\u0131ndan onaylanan Birle\u015fik Krall\u0131k a\u015f\u0131 program\u0131<\/span><\/li>\n<li style=\"font-weight: 400;\" aria-level=\"1\"><span style=\"font-weight: 400;\">MHRA taraf\u0131ndan onaylanan deniza\u015f\u0131r\u0131 Birle\u015fik Krall\u0131k a\u015f\u0131 program\u0131<\/span><\/li>\n<li style=\"font-weight: 400;\" aria-level=\"1\"><span style=\"font-weight: 400;\">Avrupa veya ABD&#8217;de onaylanm\u0131\u015f bir a\u015f\u0131 program\u0131 ( hepsi \u0130ngiltere&#8217;de tan\u0131nmaz)<\/span><\/li>\n<\/ul>\n<h4 style=\"text-align: left;\"><b>Avrupa i\u00e7in tan\u0131nan a\u015f\u0131lar<\/b><\/h4>\n<p style=\"text-align: left;\"><span style=\"font-weight: 400;\">Tam olarak a\u015f\u0131lanm\u0131\u015f olman\u0131z gerekir:<\/span><\/p>\n<ul style=\"text-align: left;\">\n<li style=\"font-weight: 400;\" aria-level=\"1\"><span style=\"font-weight: 400;\">Bir AB \u00fclkesi<\/span><\/li>\n<li style=\"font-weight: 400;\" aria-level=\"1\"><span style=\"font-weight: 400;\">Andorra, \u0130zlanda, Lihten\u015ftayn, Monako, Norve\u00e7, San Marino, \u0130svi\u00e7re ve Vatikan<\/span><\/li>\n<\/ul>\n<p style=\"text-align: left;\"><span style=\"font-weight: 400;\">Farkl\u0131 bir Avrupa \u00fclkesinde a\u015f\u0131 olduysan\u0131z, \u0130ngiltere&#8217;de tan\u0131nmayacakt\u0131r.<\/span><\/p>\n<p style=\"text-align: left;\"><span style=\"font-weight: 400;\">A\u015f\u0131, a\u015fa\u011f\u0131dakiler taraf\u0131ndan yetkilendirilmi\u015f olmal\u0131d\u0131r:<\/span><\/p>\n<ul style=\"text-align: left;\">\n<li style=\"font-weight: 400; text-align: left;\" aria-level=\"1\"><span style=\"font-weight: 400;\">Avrupa \u0130la\u00e7 Ajans\u0131 ( EMA )<\/span><\/li>\n<\/ul>\n<div id=\"attachment_12474\" style=\"width: 2469px\" class=\"wp-caption alignleft\"><img loading=\"lazy\" decoding=\"async\" aria-describedby=\"caption-attachment-12474\" class=\"size-full wp-image-12474\" src=\"https:\/\/by-tv.co.uk\/wp-content\/uploads\/2021\/08\/kaputas-2519483-1.jpg\" alt=\"\" width=\"2459\" height=\"1626\" title=\"\"><p id=\"caption-attachment-12474\" class=\"wp-caption-text\">Kaputa\u015f<\/p><\/div>\n<h4 style=\"text-align: left;\"><b>2019\u2019da \u0130ngiltere\u2019den 2,29 milyon ki\u015finin T\u00fcrkiye\u2019ye seyahat etti<\/b><\/h4>\n<p style=\"text-align: left;\"><span style=\"font-weight: 400;\">T\u00fcrkiye\u2019nin \u0130ngiliz turistler aras\u0131nda giderek daha pop\u00fcler hale geldi\u011fini yazan Mirror gazetesi 2019\u2019da \u0130ngiltere\u2019den 2,29 milyon ki\u015finin T\u00fcrkiye\u2019ye seyahat etti\u011fini ve bu bir \u00f6nceki y\u0131la g\u00f6re 1,75 milyon ki\u015finin artt\u0131\u011f\u0131n\u0131 kaydetti.<\/span><\/p>\n<p style=\"text-align: left;\"><span style=\"font-weight: 400;\">T\u00fcrkiye\u2019nin kumlu, g\u00fcne\u015f alan plajlar\u0131 ve tarihi kentleri, seyahat yasa\u011f\u0131n\u0131n olmad\u0131\u011f\u0131 pandeminin ilk d\u00f6nemlerinde de \u0130ngilizlerin en \u00f6nemli destinasyonlar\u0131 aras\u0131nda yer al\u0131yordu.<\/span><\/p>\n<p style=\"text-align: left;\"><span style=\"font-weight: 400;\">Sonbahardan bu yana \u0130ngilizler, koronavir\u00fcs oranlar\u0131, varyantlar\u0131 ve pandemi verilerinin ne kadar do\u011fru oldu\u011fu konusundaki endi\u015feler nedeniyle \u00fclkeyi ziyaret edemediler.<\/span><\/p>\n<div id=\"briti-775859059\" class=\"briti-icerikten-sonra_2\" style=\"margin-top: 25px;margin-bottom: 25px;\"><a href=\"https:\/\/wa.me\/message\/NDZLLIOQT4H3O1\" aria-label=\"bytv reklam banner\"><img loading=\"lazy\" decoding=\"async\" src=\"https:\/\/by-tv.co.uk\/wp-content\/uploads\/2025\/12\/bytv-reklam-banner.jpg\" alt=\"\"  width=\"2376\" height=\"1008\"   \/><\/a><\/div>","protected":false},"excerpt":{"rendered":"<p>T\u00fcrkiye sonunda k\u0131rm\u0131z\u0131 listeden \u00e7\u0131kt\u0131! 17 May\u0131s\u2019tan beri hem \u0130ngiltere\u2019deki T\u00fcrklerin hem de T\u00fcrkiye\u2019den \u0130ngiltere\u2019ye d\u00f6nmeye \u00e7al\u0131\u015fanlar\u0131n aylard\u0131r merakla bekledi\u011fi m\u00fcjdeli haber nihayet bug\u00fcn geldi. T\u00fcrkiye sonunda k\u0131rm\u0131z\u0131 listeden \u00e7\u0131kt\u0131! #SonDakika: T\u00fcrkiye, \u0130ngiltere&#8217;nin uluslararas\u0131 k\u0131rm\u0131z\u0131 seyahat listesinden \u00e7\u0131kar\u0131ld\u0131.&nbsp; #SonDakika: T\u00fcrkiye, \u0130ngiltrere&#8217;nin uluslararas\u0131 k\u0131rm\u0131z\u0131 seyahat listesinden \u00e7\u0131kar\u0131ld\u0131.&nbsp; T\u00fcrkiye ile beraber Pakistan ve Maldivler dahil 8 \u00fclke 22 Eyl\u00fcl \u00c7ar\u015famba saat 4\u2019 ten itibaren k\u0131rm\u0131z\u0131 listeden \u00e7\u0131kacak. K\u0131rm\u0131z\u0131 listeden \u00e7\u0131kar\u0131lan hedeflerin tam listesi \u0130\u015fte k\u0131rm\u0131z\u0131 listeden \u00e7\u0131kan yerlerin tam listesi: T\u00fcrkiye Pakistan Maldivler M\u0131s\u0131r Sri Lanka Umman Banglade\u015f Kenya 4 Ekim Pazartesiden itibaren, tamamen a\u015f\u0131l\u0131&nbsp; iseniz, k\u0131rm\u0131z\u0131 olmayan bir \u00fclkeden \u0130ngiltere&#8217;ye gelmeden [&hellip;]<\/p>\n","protected":false},"author":1,"featured_media":12787,"comment_status":"open","ping_status":"open","sticky":false,"template":"","format":"standard","meta":{"ngg_post_thumbnail":0,"footnotes":""},"categories":[1],"tags":[2379,1096,991,510,430,204,809,567,558,149,861,2859,758,588,1509,228,202,460,664],"class_list":["post-12801","post","type-post","status-publish","format-standard","has-post-thumbnail","hentry","category-genel","tag-birdakikabritanya","tag-covit-19","tag-asi","tag-avrupa","tag-birlesik-krallik","tag-britanya","tag-corona","tag-coronavirus","tag-dunya-saglik-orgutu","tag-ingiltere","tag-karantina","tag-kirmizi-liste","tag-korona-virus","tag-koronavirus","tag-kovid-19","tag-londra","tag-nhs","tag-salgin","tag-turizm"],"_links":{"self":[{"href":"https:\/\/by-tv.co.uk\/en\/wp-json\/wp\/v2\/posts\/12801","targetHints":{"allow":["GET"]}}],"collection":[{"href":"https:\/\/by-tv.co.uk\/en\/wp-json\/wp\/v2\/posts"}],"about":[{"href":"https:\/\/by-tv.co.uk\/en\/wp-json\/wp\/v2\/types\/post"}],"author":[{"embeddable":true,"href":"https:\/\/by-tv.co.uk\/en\/wp-json\/wp\/v2\/users\/1"}],"replies":[{"embeddable":true,"href":"https:\/\/by-tv.co.uk\/en\/wp-json\/wp\/v2\/comments?post=12801"}],"version-history":[{"count":0,"href":"https:\/\/by-tv.co.uk\/en\/wp-json\/wp\/v2\/posts\/12801\/revisions"}],"wp:featuredmedia":[{"embeddable":true,"href":"https:\/\/by-tv.co.uk\/en\/wp-json\/wp\/v2\/media\/12787"}],"wp:attachment":[{"href":"https:\/\/by-tv.co.uk\/en\/wp-json\/wp\/v2\/media?parent=12801"}],"wp:term":[{"taxonomy":"category","embeddable":true,"href":"https:\/\/by-tv.co.uk\/en\/wp-json\/wp\/v2\/categories?post=12801"},{"taxonomy":"post_tag","embeddable":true,"href":"https:\/\/by-tv.co.uk\/en\/wp-json\/wp\/v2\/tags?post=12801"}],"curies":[{"name":"wp","href":"https:\/\/api.w.org\/{rel}","templated":true}]}}