{"id":12748,"date":"2021-09-15T13:58:56","date_gmt":"2021-09-15T12:58:56","guid":{"rendered":"https:\/\/by-tv.co.uk\/?p=12748"},"modified":"2021-09-15T14:03:16","modified_gmt":"2021-09-15T13:03:16","slug":"basbakan-boris-johnsonin-bugun-kabinede-degisiklik-yapmasi-bekleniyor","status":"publish","type":"post","link":"https:\/\/by-tv.co.uk\/en\/basbakan-boris-johnsonin-bugun-kabinede-degisiklik-yapmasi-bekleniyor\/","title":{"rendered":"Ba\u015fbakan Boris Johnson&#8217;\u0131n bug\u00fcn kabinede de\u011fi\u015fiklik yapmas\u0131 bekleniyor"},"content":{"rendered":"<p>Ba\u015fbakan Boris Johnson&#8217;\u0131n, \u0130ngiltere&#8217;nin salg\u0131n sonras\u0131 toparlanma \u00e7abalar\u0131na liderlik etmesi i\u00e7in bug\u00fcn kabinesinde de\u011fi\u015fiklik yapmas\u0131 bekleniyor.<\/p>\n<p>E\u011fitim Bakan\u0131 Gavin Williamson&#8217;\u0131n, k\u00f6t\u00fc s\u0131nav sonu\u00e7lar\u0131 algoritmas\u0131 nedeniyle bakanl\u0131ktan al\u0131nmas\u0131&nbsp; bekleniyor.<\/p>\n<p>D\u0131\u015fi\u015fleri Bakan\u0131 Dominic Raab&#8217;\u0131n g\u00f6rev de\u011fi\u015fikli\u011fi hakk\u0131nda da \u0130ngiliz bas\u0131n\u0131nda beklentiler var. \u0130ngiltere&#8217;nin Afganistan&#8217;dan \u00e7ekilmesi s\u0131ras\u0131nda Girit tatilinden zaman\u0131nda geri d\u00f6nmedi\u011fi i\u00e7in bakan \u00e7ok sert ele\u015ftriliyor.<\/p><div id=\"briti-2288907376\" class=\"briti-icerik\" style=\"margin-top: 5px;margin-bottom: 5px;\"><a href=\"https:\/\/piaryum.com\/services\/\" aria-label=\"piaryum banner\"><img loading=\"lazy\" decoding=\"async\" src=\"https:\/\/by-tv.co.uk\/wp-content\/uploads\/2025\/12\/Gemini_Generated_Image_g5yqr1g5yqr1g5yq.jpg\" alt=\"\"  width=\"2064\" height=\"1152\"   \/><\/a><\/div>\n<p>Ayr\u0131nt\u0131lar geliyor&#8230;<\/p>\n<p>&nbsp;<\/p>\n<div id=\"briti-2265994856\" class=\"briti-icerikten-sonra_2\" style=\"margin-top: 25px;margin-bottom: 25px;\"><a href=\"https:\/\/wa.me\/message\/NDZLLIOQT4H3O1\" aria-label=\"bytv reklam banner\"><img loading=\"lazy\" decoding=\"async\" src=\"https:\/\/by-tv.co.uk\/wp-content\/uploads\/2025\/12\/bytv-reklam-banner.jpg\" alt=\"\"  width=\"2376\" height=\"1008\"   \/><\/a><\/div>","protected":false},"excerpt":{"rendered":"<p>Ba\u015fbakan Boris Johnson&#8217;\u0131n, \u0130ngiltere&#8217;nin salg\u0131n sonras\u0131 toparlanma \u00e7abalar\u0131na liderlik etmesi i\u00e7in bug\u00fcn kabinesinde de\u011fi\u015fiklik yapmas\u0131 bekleniyor. E\u011fitim Bakan\u0131 Gavin Williamson&#8217;\u0131n, k\u00f6t\u00fc s\u0131nav sonu\u00e7lar\u0131 algoritmas\u0131 nedeniyle bakanl\u0131ktan al\u0131nmas\u0131&nbsp; bekleniyor. D\u0131\u015fi\u015fleri Bakan\u0131 Dominic Raab&#8217;\u0131n g\u00f6rev de\u011fi\u015fikli\u011fi hakk\u0131nda da \u0130ngiliz bas\u0131n\u0131nda beklentiler var. \u0130ngiltere&#8217;nin Afganistan&#8217;dan \u00e7ekilmesi s\u0131ras\u0131nda Girit tatilinden zaman\u0131nda geri d\u00f6nmedi\u011fi i\u00e7in bakan \u00e7ok sert ele\u015ftriliyor. Ayr\u0131nt\u0131lar geliyor&#8230; &nbsp;<\/p>","protected":false},"author":1,"featured_media":0,"comment_status":"open","ping_status":"open","sticky":false,"template":"","format":"standard","meta":{"ngg_post_thumbnail":0,"footnotes":""},"categories":[1],"tags":[430,417,204,149,228,460],"class_list":["post-12748","post","type-post","status-publish","format-standard","hentry","category-genel","tag-birlesik-krallik","tag-boris-johnson","tag-britanya","tag-ingiltere","tag-londra","tag-salgin"],"_links":{"self":[{"href":"https:\/\/by-tv.co.uk\/en\/wp-json\/wp\/v2\/posts\/12748","targetHints":{"allow":["GET"]}}],"collection":[{"href":"https:\/\/by-tv.co.uk\/en\/wp-json\/wp\/v2\/posts"}],"about":[{"href":"https:\/\/by-tv.co.uk\/en\/wp-json\/wp\/v2\/types\/post"}],"author":[{"embeddable":true,"href":"https:\/\/by-tv.co.uk\/en\/wp-json\/wp\/v2\/users\/1"}],"replies":[{"embeddable":true,"href":"https:\/\/by-tv.co.uk\/en\/wp-json\/wp\/v2\/comments?post=12748"}],"version-history":[{"count":0,"href":"https:\/\/by-tv.co.uk\/en\/wp-json\/wp\/v2\/posts\/12748\/revisions"}],"wp:attachment":[{"href":"https:\/\/by-tv.co.uk\/en\/wp-json\/wp\/v2\/media?parent=12748"}],"wp:term":[{"taxonomy":"category","embeddable":true,"href":"https:\/\/by-tv.co.uk\/en\/wp-json\/wp\/v2\/categories?post=12748"},{"taxonomy":"post_tag","embeddable":true,"href":"https:\/\/by-tv.co.uk\/en\/wp-json\/wp\/v2\/tags?post=12748"}],"curies":[{"name":"wp","href":"https:\/\/api.w.org\/{rel}","templated":true}]}}