{"id":12727,"date":"2021-09-13T13:40:09","date_gmt":"2021-09-13T12:40:09","guid":{"rendered":"https:\/\/by-tv.co.uk\/?p=12727"},"modified":"2021-09-13T13:40:09","modified_gmt":"2021-09-13T12:40:09","slug":"ons-ingilterede-2021-yilinda-covid-19dan-olenlerin-sadece-1i-asili","status":"publish","type":"post","link":"https:\/\/by-tv.co.uk\/en\/ons-ingilterede-2021-yilinda-covid-19dan-olenlerin-sadece-1i-asili\/","title":{"rendered":"ONS: \u0130ngiltere&#8217;de 2021 y\u0131l\u0131nda Covid-19\u2019dan  \u00f6lenlerin sadece %1&#8217;i a\u015f\u0131l\u0131"},"content":{"rendered":"<p>\u0130ngiltere Ulusal \u0130statistik Ofisi&#8217;ne g\u00f6re, \u0130ngiltere&#8217;de bu y\u0131l\u0131n ilk yedi ay\u0131nda Covid-19&#8217;dan \u00f6lenlerin yakla\u015f\u0131k % 1&#8217;i tamamen a\u015f\u0131lananlar aras\u0131ndayd\u0131.<\/p>\n<p>Verilere g\u00f6re, Ocak ve Temmuz aylar\u0131 aras\u0131nda \u00f6len 640 tam a\u015f\u0131l\u0131 insan\u0131n \u00e7o\u011fu, ikinci a\u015f\u0131 dozunu almadan \u00f6nce veya tam olarak etkili olmadan \u00f6nceki ilk 14 g\u00fcn boyunca enfekte oldu.<\/p>\n<p>&nbsp;\u00d6nemli bulgular\u0131n yer ald\u0131\u011f\u0131 vakalar\u0131n d\u00f6k\u00fcm\u00fc, \u00f6lenlerin d\u00f6rtte \u00fc\u00e7\u00fcn\u00fcn klinik olarak son derece savunmas\u0131z oldu\u011funu g\u00f6sterdi.<\/p><div id=\"briti-1480061774\" class=\"briti-icerik\" style=\"margin-top: 5px;margin-bottom: 5px;\"><a href=\"https:\/\/piaryum.com\/services\/\" aria-label=\"piaryum banner\"><img loading=\"lazy\" decoding=\"async\" src=\"https:\/\/by-tv.co.uk\/wp-content\/uploads\/2025\/12\/Gemini_Generated_Image_g5yqr1g5yqr1g5yq.jpg\" alt=\"\"  width=\"2064\" height=\"1152\"   \/><\/a><\/div>\n<h4>&#8220;Pandemi hen\u00fcz ge\u00e7medi.&#8221;<\/h4>\n<p>BBC&#8217;nin haberine g\u00f6re; T\u0131p dergisi The Lancet&#8217;in genel yay\u0131n y\u00f6netmeni, \u0130ngiltere&#8217;nin d\u00fcnyadaki en y\u00fcksek koronavir\u00fcs vakalar\u0131 aras\u0131nda yer ald\u0131\u011f\u0131 konusunda uyard\u0131 ve \u015funlar\u0131 s\u00f6yledi: Richard Horton, \u0130ngiltere n\u00fcfusunun \u00fc\u00e7te ikisinin a\u015f\u0131lanmas\u0131n\u0131n olumlu oldu\u011funu s\u00f6ylerken, ABD&#8217;den sonra k\u00fcresel olarak en y\u00fcksek enfeksiyon say\u0131s\u0131na sahip \u00fclke oldu\u011funu s\u00f6yledi.<\/p>\n<p>\u00d6te yandan \u0130ngiltere h\u00fck\u00fcmetinin, Covid-19 a\u015f\u0131s\u0131n\u0131 sat\u0131n almak i\u00e7in Frans\u0131z ila\u00e7 \u015firketi Valneva ile yapt\u0131\u011f\u0131 anla\u015fmadan \u00e7ekilece\u011fi belirtildi.<\/p>\n<h4>\u0130sko\u00e7ya:&nbsp;<\/h4>\n<p>\u0130sko\u00e7ya&#8217;n\u0131n birinci bakan yard\u0131mc\u0131s\u0131, kamu hizmetleri veya kafe ve restoranlar i\u00e7in a\u015f\u0131 sertifikalar\u0131 getirme planlar\u0131 olmad\u0131\u011f\u0131n\u0131, ancak gece kul\u00fcpleri de dahil olmak \u00fczere &#8220;s\u0131n\u0131rl\u0131 say\u0131da sekt\u00f6r&#8221; i\u00e7in gerekli olaca\u011f\u0131n\u0131 s\u00f6yledi. John Swinney, h\u00fck\u00fcmetin &#8220;\u00f6nemli etkilenen sekt\u00f6rlerle&#8221; g\u00f6r\u00fc\u015fme halinde oldu\u011funu ve \u00f6nlemleri 1 Ekim&#8217;e kadar uygulamaya koymay\u0131 planlad\u0131klar\u0131n\u0131 s\u00f6yledi.<\/p>\n<p>\u0130ngiltere \u00c7al\u0131\u015fma ve Emeklilik Bakan\u0131 Therese Coffey, evden \u00e7al\u0131\u015fma yol haritas\u0131n\u0131n bu k\u0131\u015f olas\u0131 bir koronavir\u00fcs dalgalanmas\u0131 ile m\u00fccadele etmek i\u00e7in geri gelebilece\u011fini s\u00f6yledi. &nbsp;<\/p>\n<div id=\"briti-195161691\" class=\"briti-icerikten-sonra_2\" style=\"margin-top: 25px;margin-bottom: 25px;\"><a href=\"https:\/\/wa.me\/message\/NDZLLIOQT4H3O1\" aria-label=\"bytv reklam banner\"><img loading=\"lazy\" decoding=\"async\" src=\"https:\/\/by-tv.co.uk\/wp-content\/uploads\/2025\/12\/bytv-reklam-banner.jpg\" alt=\"\"  width=\"2376\" height=\"1008\"   \/><\/a><\/div>","protected":false},"excerpt":{"rendered":"<p>\u0130ngiltere Ulusal \u0130statistik Ofisi&#8217;ne g\u00f6re, \u0130ngiltere&#8217;de bu y\u0131l\u0131n ilk yedi ay\u0131nda Covid-19&#8217;dan \u00f6lenlerin yakla\u015f\u0131k % 1&#8217;i tamamen a\u015f\u0131lananlar aras\u0131ndayd\u0131. Verilere g\u00f6re, Ocak ve Temmuz aylar\u0131 aras\u0131nda \u00f6len 640 tam a\u015f\u0131l\u0131 insan\u0131n \u00e7o\u011fu, ikinci a\u015f\u0131 dozunu almadan \u00f6nce veya tam olarak etkili olmadan \u00f6nceki ilk 14 g\u00fcn boyunca enfekte oldu. &nbsp;\u00d6nemli bulgular\u0131n yer ald\u0131\u011f\u0131 vakalar\u0131n d\u00f6k\u00fcm\u00fc, \u00f6lenlerin d\u00f6rtte \u00fc\u00e7\u00fcn\u00fcn klinik olarak son derece savunmas\u0131z oldu\u011funu g\u00f6sterdi. &#8220;Pandemi hen\u00fcz ge\u00e7medi.&#8221; BBC&#8217;nin haberine g\u00f6re; T\u0131p dergisi The Lancet&#8217;in genel yay\u0131n y\u00f6netmeni, \u0130ngiltere&#8217;nin d\u00fcnyadaki en y\u00fcksek koronavir\u00fcs vakalar\u0131 aras\u0131nda yer ald\u0131\u011f\u0131 konusunda uyard\u0131 ve \u015funlar\u0131 s\u00f6yledi: Richard Horton, \u0130ngiltere n\u00fcfusunun \u00fc\u00e7te ikisinin a\u015f\u0131lanmas\u0131n\u0131n olumlu [&hellip;]<\/p>\n","protected":false},"author":1,"featured_media":0,"comment_status":"open","ping_status":"open","sticky":false,"template":"","format":"standard","meta":{"ngg_post_thumbnail":0,"footnotes":""},"categories":[1],"tags":[430,809,567,149,460],"class_list":["post-12727","post","type-post","status-publish","format-standard","hentry","category-genel","tag-birlesik-krallik","tag-corona","tag-coronavirus","tag-ingiltere","tag-salgin"],"_links":{"self":[{"href":"https:\/\/by-tv.co.uk\/en\/wp-json\/wp\/v2\/posts\/12727","targetHints":{"allow":["GET"]}}],"collection":[{"href":"https:\/\/by-tv.co.uk\/en\/wp-json\/wp\/v2\/posts"}],"about":[{"href":"https:\/\/by-tv.co.uk\/en\/wp-json\/wp\/v2\/types\/post"}],"author":[{"embeddable":true,"href":"https:\/\/by-tv.co.uk\/en\/wp-json\/wp\/v2\/users\/1"}],"replies":[{"embeddable":true,"href":"https:\/\/by-tv.co.uk\/en\/wp-json\/wp\/v2\/comments?post=12727"}],"version-history":[{"count":0,"href":"https:\/\/by-tv.co.uk\/en\/wp-json\/wp\/v2\/posts\/12727\/revisions"}],"wp:attachment":[{"href":"https:\/\/by-tv.co.uk\/en\/wp-json\/wp\/v2\/media?parent=12727"}],"wp:term":[{"taxonomy":"category","embeddable":true,"href":"https:\/\/by-tv.co.uk\/en\/wp-json\/wp\/v2\/categories?post=12727"},{"taxonomy":"post_tag","embeddable":true,"href":"https:\/\/by-tv.co.uk\/en\/wp-json\/wp\/v2\/tags?post=12727"}],"curies":[{"name":"wp","href":"https:\/\/api.w.org\/{rel}","templated":true}]}}