{"id":12597,"date":"2021-09-01T22:46:03","date_gmt":"2021-09-01T21:46:03","guid":{"rendered":"https:\/\/by-tv.co.uk\/?p=12597"},"modified":"2021-09-01T22:46:03","modified_gmt":"2021-09-01T21:46:03","slug":"siyah-cerrahlar-ingilteredeki-beyaz-meslektaslarindan-cok-daha-az-terfi-etti","status":"publish","type":"post","link":"https:\/\/by-tv.co.uk\/en\/siyah-cerrahlar-ingilteredeki-beyaz-meslektaslarindan-cok-daha-az-terfi-etti\/","title":{"rendered":"Cam Tavan: Siyah cerrahlar \u0130ngiltere&#8217;deki beyaz meslekta\u015flar\u0131ndan daha az terfi ald\u0131"},"content":{"rendered":"<p>Siyah cerrahlar \u0130ngiltere&#8217;deki beyaz meslekta\u015flar\u0131ndan daha az terfi ald\u0131.<\/p>\n<p>NHS sa\u011fl\u0131k g\u00f6revlilerinin \u0130ngiltere&#8217;deki kariyerlerinin analizine g\u00f6re, siyah cerrahlar\u0131n beyaz meslekta\u015flar\u0131na g\u00f6re terfi etme olas\u0131l\u0131klar\u0131n\u0131n \u00e7ok daha d\u00fc\u015f\u00fck oldu\u011fu ortaya \u00e7\u0131kt\u0131.<\/p>\n<p>2010 y\u0131l\u0131nda gen\u00e7 cerrah olan siyah erkeklerin, 2016 ve 2020 y\u0131llar\u0131 aras\u0131nda beyaz erkeklere g\u00f6re dan\u0131\u015fmanl\u0131\u011fa terfi etme olas\u0131l\u0131klar\u0131 %27 daha d\u00fc\u015f\u00fckken, siyah kad\u0131nlarda bu oran %42 oldu.<\/p><div id=\"briti-1730319985\" class=\"briti-icerik\" style=\"margin-top: 5px;margin-bottom: 5px;\"><a href=\"https:\/\/piaryum.com\/services\/\" aria-label=\"piaryum banner\"><img loading=\"lazy\" decoding=\"async\" src=\"https:\/\/by-tv.co.uk\/wp-content\/uploads\/2025\/12\/Gemini_Generated_Image_g5yqr1g5yqr1g5yq.jpg\" alt=\"\"  width=\"2064\" height=\"1152\"   \/><\/a><\/div>\n<p><a href=\"https:\/\/www.theguardian.com\/society\/2021\/sep\/01\/black-surgeons-promoted-far-less-than-white-colleagues-in-england\" target=\"_blank\" rel=\"noopener\">The Guardian<\/a> bunun &#8220;cam tavan\u0131n kesin kan\u0131t\u0131&#8221; oldu\u011funu s\u00f6yledi. Kraliyet Cerrahlar Koleji, 3.000&#8217;den fazla doktorun \u00e7al\u0131\u015fmas\u0131n\u0131 &#8220;derinden endi\u015fe verici&#8221; olarak nitelendirdi.<\/p>\n<p>K\u0131demli siyah doktorlar, ara\u015ft\u0131rman\u0131n deneyimleriyle \u00f6rt\u00fc\u015ft\u00fc\u011f\u00fcn\u00fc s\u00f6yledi ve az\u0131nl\u0131k doktorlar\u0131n\u0131n en iyi maa\u015fl\u0131 r\u00fctbelere ula\u015fmak i\u00e7in gereken testleri ge\u00e7meleri i\u00e7in destek eksikli\u011fi konusunda uyard\u0131. Kamu hizmetinde terfi \u00f6n\u00fcndeki \u0131rksal engelleri belirleyen ve FTSE (Londra borsas\u0131nda i\u015flem g\u00f6ren en y\u00fcksek piyasa de\u011ferine sahip 100 \u015firketi ) 100 \u015firketlerinin neredeyse be\u015fte birinin etnik az\u0131nl\u0131k y\u00f6netim kurulu \u00fcyesi bulunmad\u0131\u011f\u0131n\u0131 belirleyen h\u00fck\u00fcmet ara\u015ft\u0131rmas\u0131n\u0131 takip ediyor .<\/p>\n<p>Surrey \u00dcniversitesi&#8217;ndeki akademisyenler taraf\u0131ndan <a href=\"https:\/\/by-tv.co.uk\/en\/?s=ayr\u0131mc\u0131l\u0131k\">NHS<\/a> kay\u0131tlar\u0131ndan derlenen rakamlar, asl\u0131nda erkek olan dan\u0131\u015fmanlar\u0131n oran\u0131n\u0131n on y\u0131l i\u00e7inde %57&#8217;den %63&#8217;e y\u00fckseldi\u011fini ortaya koydu.<\/p>\n<p>Surrey \u00dcniversitesi&#8217;nden <a href=\"https:\/\/www.surrey.ac.uk\/people\/carol-woodhams\" target=\"_blank\" rel=\"noopener\">Prof Carol Woodhams<\/a>, &#8220;Bu, cerrahide \u00e7e\u015fitli gruplara kar\u015f\u0131 dezavantaj\u0131n k\u00f6kl\u00fc oldu\u011funun ve NHS ve daha geni\u015f toplumda yeni bir ilerici ortam\u0131n hen\u00fcz somut ve ilerici sonu\u00e7lara d\u00f6n\u00fc\u015fmedi\u011finin nesnel kan\u0131t\u0131d\u0131r.&#8221; dedi.<\/p>\n<p>Temmuz ay\u0131nda kad\u0131n do\u011fum ve jinekoloji alan\u0131nda daimi dan\u0131\u015fman olan Nijeryal\u0131 siyahi bir kad\u0131n olan Elizabeth Egbase, Birle\u015fik Krall\u0131k&#8217;taki siyah kad\u0131nlar\u0131n hamilelik veya do\u011fum s\u0131ras\u0131nda \u00f6lme olas\u0131l\u0131\u011f\u0131n\u0131n d\u00f6rt kat daha fazla oldu\u011funa dair rakamlara at\u0131fta bulunarak , Guardian&#8217;a \u201ci\u015f g\u00fcc\u00fc, bakt\u0131\u011f\u0131m\u0131z insanlar\u0131 temsil etmelidir\u201ddedi.<\/p>\n<p>Mevcut siyah dan\u0131\u015fmanlar\u0131n eksikli\u011finin, gen\u00e7 cerrahlar\u0131n merdivenden yukar\u0131 \u00e7\u0131kmalar\u0131n\u0131 zorla\u015ft\u0131rd\u0131\u011f\u0131n\u0131 s\u00f6yledi.<\/p>\n<h4>Cam Tavan nedir?<\/h4>\n<p>&#8220;Bir\u00e7ok geli\u015fmi\u015f \u00fclke ve uluslararas\u0131 kurulu\u015f, i\u015f d\u00fcnyas\u0131nda cinsiyet ayr\u0131m\u0131 yapmaks\u0131z\u0131n f\u0131rsat e\u015fitli\u011fine y\u00f6nelik \u00e7e\u015fitli h\u00fck\u00fcmlerde bulunsa da, i\u015f d\u00fcnyas\u0131nda kad\u0131nlar a\u00e7\u0131k\u00e7a ifade edilmeyen, g\u00f6r\u00fcnmez engellerle kar\u015f\u0131 kar\u015f\u0131yad\u0131r. \u0130\u015fte \u00e7al\u0131\u015fma hayat\u0131ndaki cinsiyet ayr\u0131mc\u0131l\u0131\u011f\u0131n\u0131n bir \u00e7e\u015fidi olan <strong>Cam Tavan Ayr\u0131mc\u0131l\u0131\u011f\u0131<\/strong>, kad\u0131nlar\u0131n gerekli yeterliliklere sahip olmas\u0131na ra\u011fmen, terfi konusunda adil olmayan s\u0131n\u0131rlara tak\u0131lmalar\u0131na verilen bir isimdir&#8221; (Kaynak <a href=\"https:\/\/evrimagaci.org\/cam-tavan-ayrimciligi-nedir-kadinlar-ve-azinliklar-gerekli-yetkinlikte-olmalarina-ragmen-neden-daha-az-terfi-aliyorlar-10256\" target=\"_blank\" rel=\"noopener\">www.evrimagaci.org<\/a>)<\/p>\n<p>Cam tavan kavram\u0131n\u0131n temelinde, belirli ki\u015fi ve gruplara kar\u015f\u0131 toplumda g\u00f6r\u00fclen \u00f6nyarg\u0131lar\/ayr\u0131mc\u0131l\u0131k (\u00f6zellikle de \u0131rk\u00e7\u0131l\u0131k ve cinsiyet\u00e7ilik) bulunmaktad\u0131r. Somut ve resmi bir \u015fekilde ger\u00e7ekle\u015fmeyen bu engele, g\u00fcn\u00fcm\u00fczde sadece kad\u0131nlar de\u011fil, etnik az\u0131nl\u0131k gruplar veya bulunduklar\u0131 yerdeki g\u00fc\u00e7 dengelerine ba\u011fl\u0131 olarak erkekler de maruz kalabilmektedirler. Burada kad\u0131nlar\u0131n kar\u015f\u0131la\u015ft\u0131klar\u0131 cam tavanlardan s\u00f6z edece\u011fiz; fakat burada g\u00f6rd\u00fcklerinizi s\u00f6z\u00fcn\u00fc etti\u011fimiz di\u011fer ki\u015filere de geni\u015fletebilir ve uyarlayabilirsiniz. (Kaynak: <a href=\"https:\/\/evrimagaci.org\/cam-tavan-ayrimciligi-nedir-kadinlar-ve-azinliklar-gerekli-yetkinlikte-olmalarina-ragmen-neden-daha-az-terfi-aliyorlar-10256\" target=\"_blank\" rel=\"noopener\">www.evrimagaci.org<\/a>))<\/p>\n<div id=\"briti-2830890749\" class=\"briti-icerikten-sonra_2\" style=\"margin-top: 25px;margin-bottom: 25px;\"><a href=\"https:\/\/wa.me\/message\/NDZLLIOQT4H3O1\" aria-label=\"bytv reklam banner\"><img loading=\"lazy\" decoding=\"async\" src=\"https:\/\/by-tv.co.uk\/wp-content\/uploads\/2025\/12\/bytv-reklam-banner.jpg\" alt=\"\"  width=\"2376\" height=\"1008\"   \/><\/a><\/div>","protected":false},"excerpt":{"rendered":"<p>Siyah cerrahlar \u0130ngiltere&#8217;deki beyaz meslekta\u015flar\u0131ndan daha az terfi ald\u0131. NHS sa\u011fl\u0131k g\u00f6revlilerinin \u0130ngiltere&#8217;deki kariyerlerinin analizine g\u00f6re, siyah cerrahlar\u0131n beyaz meslekta\u015flar\u0131na g\u00f6re terfi etme olas\u0131l\u0131klar\u0131n\u0131n \u00e7ok daha d\u00fc\u015f\u00fck oldu\u011fu ortaya \u00e7\u0131kt\u0131. 2010 y\u0131l\u0131nda gen\u00e7 cerrah olan siyah erkeklerin, 2016 ve 2020 y\u0131llar\u0131 aras\u0131nda beyaz erkeklere g\u00f6re dan\u0131\u015fmanl\u0131\u011fa terfi etme olas\u0131l\u0131klar\u0131 %27 daha d\u00fc\u015f\u00fckken, siyah kad\u0131nlarda bu oran %42 oldu. The Guardian bunun &#8220;cam tavan\u0131n kesin kan\u0131t\u0131&#8221; oldu\u011funu s\u00f6yledi. Kraliyet Cerrahlar Koleji, 3.000&#8217;den fazla doktorun \u00e7al\u0131\u015fmas\u0131n\u0131 &#8220;derinden endi\u015fe verici&#8221; olarak nitelendirdi. K\u0131demli siyah doktorlar, ara\u015ft\u0131rman\u0131n deneyimleriyle \u00f6rt\u00fc\u015ft\u00fc\u011f\u00fcn\u00fc s\u00f6yledi ve az\u0131nl\u0131k doktorlar\u0131n\u0131n en iyi maa\u015fl\u0131 r\u00fctbelere ula\u015fmak i\u00e7in gereken testleri ge\u00e7meleri i\u00e7in destek [&hellip;]<\/p>\n","protected":false},"author":1,"featured_media":12598,"comment_status":"open","ping_status":"open","sticky":false,"template":"","format":"standard","meta":{"ngg_post_thumbnail":0,"footnotes":""},"categories":[1],"tags":[3717,3718,3716],"class_list":["post-12597","post","type-post","status-publish","format-standard","has-post-thumbnail","hentry","category-genel","tag-cam-tavan","tag-esitsizlik","tag-siyah-cerrahlar"],"_links":{"self":[{"href":"https:\/\/by-tv.co.uk\/en\/wp-json\/wp\/v2\/posts\/12597","targetHints":{"allow":["GET"]}}],"collection":[{"href":"https:\/\/by-tv.co.uk\/en\/wp-json\/wp\/v2\/posts"}],"about":[{"href":"https:\/\/by-tv.co.uk\/en\/wp-json\/wp\/v2\/types\/post"}],"author":[{"embeddable":true,"href":"https:\/\/by-tv.co.uk\/en\/wp-json\/wp\/v2\/users\/1"}],"replies":[{"embeddable":true,"href":"https:\/\/by-tv.co.uk\/en\/wp-json\/wp\/v2\/comments?post=12597"}],"version-history":[{"count":0,"href":"https:\/\/by-tv.co.uk\/en\/wp-json\/wp\/v2\/posts\/12597\/revisions"}],"wp:featuredmedia":[{"embeddable":true,"href":"https:\/\/by-tv.co.uk\/en\/wp-json\/wp\/v2\/media\/12598"}],"wp:attachment":[{"href":"https:\/\/by-tv.co.uk\/en\/wp-json\/wp\/v2\/media?parent=12597"}],"wp:term":[{"taxonomy":"category","embeddable":true,"href":"https:\/\/by-tv.co.uk\/en\/wp-json\/wp\/v2\/categories?post=12597"},{"taxonomy":"post_tag","embeddable":true,"href":"https:\/\/by-tv.co.uk\/en\/wp-json\/wp\/v2\/tags?post=12597"}],"curies":[{"name":"wp","href":"https:\/\/api.w.org\/{rel}","templated":true}]}}