{"id":12579,"date":"2021-09-01T00:17:10","date_gmt":"2021-08-31T23:17:10","guid":{"rendered":"https:\/\/by-tv.co.uk\/?p=12579"},"modified":"2021-09-01T00:17:10","modified_gmt":"2021-08-31T23:17:10","slug":"bir-dakika-britanya-ile-ingiltere-son-dakika-guncel-haberler-31-agustos-2021","status":"publish","type":"post","link":"https:\/\/by-tv.co.uk\/en\/bir-dakika-britanya-ile-ingiltere-son-dakika-guncel-haberler-31-agustos-2021\/","title":{"rendered":"Bir Dakika Britanya ile \u0130ngiltere son dakika g\u00fcncel haberler, 31 A\u011fustos 2021"},"content":{"rendered":"<div class=\"\" data-block=\"true\" data-editor=\"ehltf\" data-offset-key=\"7qigv-0-0\">\n<div class=\"_1mf _1mj\" data-offset-key=\"7qigv-0-0\">\u0130ngiltere son dakika g\u00fcncel haberler, Bir Dakika Britanya ile hafta i\u00e7i her g\u00fcn yay\u0131nda.<br \/>\n#birdakikabritanya<br \/>\n1 dakikada #Britanya<br \/>\nHafta i\u00e7i her g\u00fcn burada<br \/>\nBritanya g\u00fcndeminin 60 saniyelik \u00f6zeti<\/div>\n<p><iframe loading=\"lazy\" title=\"YouTube video player\" src=\"https:\/\/www.youtube.com\/embed\/8yJ6NDKLyGk\" width=\"791\" height=\"723\" frameborder=\"0\" allowfullscreen=\"allowfullscreen\"><\/iframe><\/p>\n<h4>\u27a1\ufe0f\u0130\u015e D\u00dcNYASI G\u00dcVEN\u0130 4 YILIN Z\u0130RVES\u0130NDE<\/h4>\n<p>Lloyds Bank \u0130\u015f D\u00fcnyas\u0131 barometresine g\u00f6re \u0130ngiltere&#8217;de i\u015f d\u00fcnyas\u0131 g\u00fcveni 4 y\u0131l\u0131n zirvesinde bulunuyor. Barometre \u0130ngiliz \u015firketlerinin gelecekteki 12 ay i\u00e7in daha iyimser oldu\u011funu da ortaya koydu.<\/p>\n<h4>\u27a1\ufe0f\u0130NG\u0130LTERE K\u00dcRESEL YETENEKLER\u0130 TOPLUYOR<\/h4>\n<p>\u0130ngiltere&#8217;de k\u00fcresel yetenek vizesi ba\u015fvurular\u0131 kilitlenmeler ve salg\u0131n s\u0131ras\u0131nda neredeyse y\u00fczde 30 oran\u0131nda artt\u0131. End\u00fcstri kurulu\u015fu Tech Nation&#8217;a g\u00f6re, Nisan 2020 ile Mart 2021 aras\u0131nda K\u00fcresel Yetenek Vizesi ba\u015fvurular\u0131 bir \u00f6nceki y\u0131l\u0131n ayn\u0131 d\u00f6nemine g\u00f6re y\u00fczde 28 artt\u0131. 2014 y\u0131l\u0131ndan bu yana 4.000&#8217;in \u00fczerinde olan toplam ba\u015fvuru say\u0131s\u0131n\u0131n \u00fc\u00e7te birinden fazlas\u0131 son 12 ayda yap\u0131ld\u0131. Vizeyi alan ba\u015fvuru sahiplerinin \u00e7o\u011funlu\u011fu, son verilere g\u00f6re y\u00fczde 61 oran\u0131nda Londra&#8217;da bulunuyor.<\/p>\n<h4>\u27a1\ufe0fT\u00dcRK\u0130YE VE \u0130NG\u0130LTERE ORTAK ASKER\u0130 E\u011e\u0130T\u0130M U\u00c7USU<\/h4>\n<p>T\u00fcrk Hava Kuvvetleri Komutanl\u0131\u011f\u0131na ait sava\u015f u\u00e7aklar\u0131 ile \u0130ngiltere Kraliyet Hava Kuvvetlerine ait sava\u015f u\u00e7aklar\u0131, Romanya semalar\u0131nda birlikte e\u011fitim u\u00e7u\u015fu ger\u00e7ekle\u015ftirdi.<\/p><div id=\"briti-3756751252\" class=\"briti-icerik\" style=\"margin-top: 5px;margin-bottom: 5px;\"><a href=\"https:\/\/piaryum.com\/services\/\" aria-label=\"piaryum banner\"><img loading=\"lazy\" decoding=\"async\" src=\"https:\/\/by-tv.co.uk\/wp-content\/uploads\/2025\/12\/Gemini_Generated_Image_g5yqr1g5yqr1g5yq.jpg\" alt=\"\"  width=\"2064\" height=\"1152\"   \/><\/a><\/div>\n<h4>\u27a1\ufe0fLONDRA METROSU ESK\u0130 G\u00dcNLER\u0130NE D\u00d6NMEYE \u00c7ALI\u015eIYOR<\/h4>\n<p>Londra Metrosu&#8217;nu hafta i\u00e7i kullanan yolcu say\u0131s\u0131, salg\u0131n\u0131n ba\u015flang\u0131c\u0131ndan bu yana ilk kez salg\u0131n \u00f6ncesi seviyelerin yakla\u015f\u0131k y\u00fczde 50&#8217;sine ula\u015ft\u0131.<\/p>\n<\/div>\n<div class=\"_1mf _1mj\" data-offset-key=\"j98o-0-0\">&nbsp;<\/div>\n<div class=\"\" data-block=\"true\" data-editor=\"ehltf\" data-offset-key=\"2qgai-0-0\">\n<div class=\"_1mf _1mj\" data-offset-key=\"2qgai-0-0\">\n<h5><a href=\"https:\/\/by-tv.co.uk\/en\/?s=bir+dakika+britanya\"><strong>Bir Dakika Britanya<\/strong><\/a><\/h5>\n<div id=\"attachment_11744\" style=\"width: 1090px\" class=\"wp-caption alignleft\"><a href=\"https:\/\/www.instagram.com\/explore\/tags\/birdakikabritanya\/\" target=\"_blank\" rel=\"noopener\"><img loading=\"lazy\" decoding=\"async\" aria-describedby=\"caption-attachment-11744\" class=\"wp-image-11744 size-full\" src=\"https:\/\/by-tv.co.uk\/wp-content\/uploads\/2021\/07\/1-dk-britanya-3.jpg\" alt=\"\" width=\"1080\" height=\"1080\" title=\"\"><\/a><p id=\"caption-attachment-11744\" class=\"wp-caption-text\">Bir Dakika Britanya ile \u0130ngiltere son dakika g\u00fcncel haberler<\/p><\/div>\n<p>Bir Dakika Britanya b\u00fcltenine reklam vermek i\u00e7in hemen aray\u0131n veya WhatsApp\u2019tan mesaj at\u0131n biz sizi arayal\u0131m! <a href=\"https:\/\/api.whatsapp.com\/message\/NDZLLIOQT4H3O1\" target=\"_blank\" rel=\"noopener\">07857359643<\/a><\/p>\n<p><strong><a href=\"https:\/\/api.whatsapp.com\/message\/NDZLLIOQT4H3O1\" target=\"_blank\" rel=\"noopener\">WhatsApp\u2019tan Ara veya Mesaj G\u00f6nder!<\/a><\/strong><\/p>\n<h4>Neden Brit \u0130\u015f Ya\u015fam TV?<\/h4>\n<p>Brit \u0130\u015f Ya\u015fam TV; ad\u0131ndan da anla\u015f\u0131laca\u011f\u0131 gibi daha \u00e7ok \u0130ngiltere\u2019deki ve a\u011f\u0131rl\u0131kl\u0131 olarak Ba\u015fkent Londra\u2019daki i\u015f ve ya\u015fam haberlerine odaklanm\u0131\u015f \u0130ngiltere\u2019de T\u00fcrk\u00e7e yay\u0131n yapan tematik bir haber sitesidir. Haber sitemizde ve sosyal medya hesaplar\u0131m\u0131zda abart\u0131l\u0131, yan\u0131lt\u0131c\u0131, toplumu geren, mesnetsiz ve sa\u011flam kaynaklara dayanmayan haberlerden ka\u00e7\u0131n\u0131yoruz. \u0130ngiltere g\u00fcncel haberleri hafta i\u00e7i her g\u00fcn ekran\u0131n\u0131za getiriyoruz.<\/p>\n<p>\ud83d\udde8\ufe0fHer hafta \u0130ngiltere\u2019deki yat\u0131r\u0131m f\u0131rsatlar\u0131n\u0131, yat\u0131r\u0131m iklimini ve ticaret yapman\u0131n p\u00fcf noktalar\u0131n\u0131n yer ald\u0131\u011f\u0131 ve Genel Yay\u0131n Y\u00f6netmenimiz&nbsp;<strong><a href=\"https:\/\/www.linkedin.com\/in\/erginbbo\/\" target=\"_blank\" rel=\"noopener\">Ergin Balabeyo\u011flu<\/a><\/strong>&nbsp;ve Yay\u0131n Dan\u0131\u015fman\u0131m\u0131z, T\u00fcrk \u0130ngiliz Ticaret ve Sanayi Odas\u0131 Y\u00f6netim Kurulu \u00dcyesi&nbsp;<strong><a href=\"https:\/\/www.linkedin.com\/in\/kemal-sidar\/\" target=\"_blank\" rel=\"noopener\">Kemal Sidar\u2019<\/a><\/strong>\u0131n ortakla\u015fa haz\u0131rlad\u0131\u011f\u0131<strong><a href=\"https:\/\/by-tv.co.uk\/en\/ingilterede-is-ve-yatirim-ev-tekstili-sektoru-17-bolum\/\">&nbsp;\u201c\u0130ngiltere\u2019de \u0130\u015f ve Yat\u0131r\u0131m\u201d<\/a>&nbsp;<\/strong>&nbsp;program\u0131 \u0130ngiltere\u2019de i\u015f ve yat\u0131r\u0131m yapmak isteyenlere \u00f6nemli bir rehber haline geldi. 20 b\u00f6l\u00fcmden fazla haz\u0131rlanan programda tekstilden g\u0131daya, ula\u015f\u0131mdan lojisti\u011fe, payla\u015f\u0131m ekonomisinden e-ticarete kadar onlarca konuda uzman konuklar yer ald\u0131.<\/p>\n<h4>Bir Dakika Britanya<\/h4>\n<p>1 Aral\u0131k 2020\u2019de ilk yay\u0131n\u0131na ba\u015flad\u0131\u011f\u0131m\u0131z<a href=\"https:\/\/www.instagram.com\/p\/CRaKX80KzmV\/\" target=\"_blank\" rel=\"noopener\"><strong>&nbsp;\u201cBir Dakika Britanya\u201d<\/strong>&nbsp;<\/a>ile hafta i\u00e7i her g\u00fcn g\u00fcncel konular\u0131ndan olu\u015fan k\u0131sa bir b\u00fclten yay\u0131nl\u0131yoruz. Bu b\u00fcltende uygulad\u0131\u011f\u0131m\u0131z bant reklam format\u0131 ile reklam veren ki\u015fi ve kurumlar tek videoda binlerce ki\u015fiye ula\u015f\u0131yor. Bir Dakika Britanya ile \u0130ngiltere son dakika g\u00fcncel haberlerini ka\u00e7\u0131rmay\u0131n.&nbsp;<\/p>\n<div id=\"attachment_11940\" style=\"width: 2570px\" class=\"wp-caption alignleft\"><img loading=\"lazy\" decoding=\"async\" aria-describedby=\"caption-attachment-11940\" class=\"wp-image-11940 size-full\" src=\"https:\/\/by-tv.co.uk\/wp-content\/uploads\/2021\/07\/Facebook-Cover-new-scaled.jpg\" alt=\"\" width=\"2560\" height=\"948\" title=\"\"><p id=\"caption-attachment-11940\" class=\"wp-caption-text\">\u0130ngiltere son dakika g\u00fcncel haberler, Bir Dakika Britanya ile hafta i\u00e7i her g\u00fcn yay\u0131nda.<\/p><\/div>\n<h4>\u0130ngiltere ve Londra Seri \u0130lanlar<\/h4>\n<p>Hem grafik reklamlar\u0131n\u0131z hem de video bant reklamlar\u0131n\u0131z i\u00e7in kreatif ekibimiz imdad\u0131n\u0131za yeti\u015fiyor. Teklif almak i\u00e7in hemen bizi aray\u0131n !&nbsp;<strong><a href=\"https:\/\/api.whatsapp.com\/message\/NDZLLIOQT4H3O1\" target=\"_blank\" rel=\"noopener\">07857359643<\/a><\/strong><\/p>\n<p>\u0130ngiltere son dakika g\u00fcncel haberler<\/p>\n<p>#ingilteret\u00fcrkleri #yurtd\u0131\u015f\u0131e\u011fitim #londral\u0131t\u00fcrkler #londra #londratvprogram #ingilteret\u00fcrkiye #t\u00fcrkiyeingiltere #londrae\u011fitim #ingilteree\u011fitim #ankaraanla\u015fmas\u0131 #yurtd\u0131\u015f\u0131vize #isko\u00e7ya #galler #kuzeyirlanda #cardiff #edinburgh #kraliyetailesi #birle\u015fikkrall\u0131k #birdakikabritanya<\/p>\n<\/div>\n<\/div>\n<div id=\"briti-1031439875\" class=\"briti-icerikten-sonra_2\" style=\"margin-top: 25px;margin-bottom: 25px;\"><a href=\"https:\/\/wa.me\/message\/NDZLLIOQT4H3O1\" aria-label=\"bytv reklam banner\"><img loading=\"lazy\" decoding=\"async\" src=\"https:\/\/by-tv.co.uk\/wp-content\/uploads\/2025\/12\/bytv-reklam-banner.jpg\" alt=\"\"  width=\"2376\" height=\"1008\"   \/><\/a><\/div>","protected":false},"excerpt":{"rendered":"<p>\u0130ngiltere son dakika g\u00fcncel haberler, Bir Dakika Britanya ile hafta i\u00e7i her g\u00fcn yay\u0131nda. #birdakikabritanya 1 dakikada #Britanya Hafta i\u00e7i her g\u00fcn burada Britanya g\u00fcndeminin 60 saniyelik \u00f6zeti \u27a1\ufe0f\u0130\u015e D\u00dcNYASI G\u00dcVEN\u0130 4 YILIN Z\u0130RVES\u0130NDE Lloyds Bank \u0130\u015f D\u00fcnyas\u0131 barometresine g\u00f6re \u0130ngiltere&#8217;de i\u015f d\u00fcnyas\u0131 g\u00fcveni 4 y\u0131l\u0131n zirvesinde bulunuyor. Barometre \u0130ngiliz \u015firketlerinin gelecekteki 12 ay i\u00e7in daha iyimser oldu\u011funu da ortaya koydu. \u27a1\ufe0f\u0130NG\u0130LTERE K\u00dcRESEL YETENEKLER\u0130 TOPLUYOR \u0130ngiltere&#8217;de k\u00fcresel yetenek vizesi ba\u015fvurular\u0131 kilitlenmeler ve salg\u0131n s\u0131ras\u0131nda neredeyse y\u00fczde 30 oran\u0131nda artt\u0131. End\u00fcstri kurulu\u015fu Tech Nation&#8217;a g\u00f6re, Nisan 2020 ile Mart 2021 aras\u0131nda K\u00fcresel Yetenek Vizesi ba\u015fvurular\u0131 bir \u00f6nceki y\u0131l\u0131n ayn\u0131 d\u00f6nemine g\u00f6re [&hellip;]<\/p>\n","protected":false},"author":1,"featured_media":12581,"comment_status":"open","ping_status":"open","sticky":false,"template":"","format":"standard","meta":{"ngg_post_thumbnail":0,"footnotes":""},"categories":[1],"tags":[430,808,149,228,1550,460],"class_list":["post-12579","post","type-post","status-publish","format-standard","has-post-thumbnail","hentry","category-genel","tag-birlesik-krallik","tag-covid-19","tag-ingiltere","tag-londra","tag-pandemi","tag-salgin"],"_links":{"self":[{"href":"https:\/\/by-tv.co.uk\/en\/wp-json\/wp\/v2\/posts\/12579","targetHints":{"allow":["GET"]}}],"collection":[{"href":"https:\/\/by-tv.co.uk\/en\/wp-json\/wp\/v2\/posts"}],"about":[{"href":"https:\/\/by-tv.co.uk\/en\/wp-json\/wp\/v2\/types\/post"}],"author":[{"embeddable":true,"href":"https:\/\/by-tv.co.uk\/en\/wp-json\/wp\/v2\/users\/1"}],"replies":[{"embeddable":true,"href":"https:\/\/by-tv.co.uk\/en\/wp-json\/wp\/v2\/comments?post=12579"}],"version-history":[{"count":0,"href":"https:\/\/by-tv.co.uk\/en\/wp-json\/wp\/v2\/posts\/12579\/revisions"}],"wp:featuredmedia":[{"embeddable":true,"href":"https:\/\/by-tv.co.uk\/en\/wp-json\/wp\/v2\/media\/12581"}],"wp:attachment":[{"href":"https:\/\/by-tv.co.uk\/en\/wp-json\/wp\/v2\/media?parent=12579"}],"wp:term":[{"taxonomy":"category","embeddable":true,"href":"https:\/\/by-tv.co.uk\/en\/wp-json\/wp\/v2\/categories?post=12579"},{"taxonomy":"post_tag","embeddable":true,"href":"https:\/\/by-tv.co.uk\/en\/wp-json\/wp\/v2\/tags?post=12579"}],"curies":[{"name":"wp","href":"https:\/\/api.w.org\/{rel}","templated":true}]}}