{"id":12536,"date":"2021-08-29T13:05:36","date_gmt":"2021-08-29T12:05:36","guid":{"rendered":"https:\/\/by-tv.co.uk\/?p=12536"},"modified":"2021-08-29T13:11:07","modified_gmt":"2021-08-29T12:11:07","slug":"turkiye-ingiltere-icin-onemli-bir-ticari-partner","status":"publish","type":"post","link":"https:\/\/by-tv.co.uk\/en\/turkiye-ingiltere-icin-onemli-bir-ticari-partner\/","title":{"rendered":"Stuart &#8220;T\u00fcrkiye ve \u0130ngiltere \u00e7ok \u00f6nemli ticari partner&#8221;"},"content":{"rendered":"<p style=\"text-align: left;\">T\u00fcrkiye ve \u0130ngiltere \u00e7ok \u00f6nemli ticari partner diyen Birle\u015fik Krall\u0131k \u0130hracat Bakan\u0131 Graham Stuart &#8220;gelecek y\u0131l daha kapsaml\u0131 bir STA\u2019y\u0131 m\u00fczakere edece\u011fiz &#8221; dedi. Avrupa Birli\u011fi&#8217;nden yakla\u015f\u0131k 50 y\u0131l sonra 31&nbsp; Ocak 2020&#8217;de, Brexit karar\u0131yla&nbsp; ayr\u0131lan \u0130ngiltere farkl\u0131 \u00fclkelerle ticaret anla\u015fmalar\u0131 yap\u0131yor. Birle\u015fik Krall\u0131k\u2019ta, Haziran 2016\u2019da yap\u0131lan AB referandumunda y\u00fczde 48\u2019e kar\u015f\u0131 y\u00fczde 52 ile Brexit karar\u0131 al\u0131nm\u0131\u015ft\u0131. Brexit sonras\u0131 \u0130ngiltere, y\u0131ll\u0131k 27 milyar dolarl\u0131k ticaret yapt\u0131\u011f\u0131 T\u00fcrkiye ile ge\u00e7en y\u0131l imzalad\u0131\u011f\u0131 Serbest Ticaret Anla\u015fmas\u0131\u2019n\u0131n (STA) kapsam\u0131n\u0131 \u015fimdi geni\u015fletmek i\u00e7in kollar\u0131 s\u0131vad\u0131.<a href=\"https:\/\/www.yenisafak.com\/ekonomi\/ingiliz-ihracat-bakani-graham-stuart-turkiye-ingiltere-icin-onemli-bir-ticari-partner-3689557\" target=\"_blank\" rel=\"noopener\"> Yeni \u015eafak<\/a> gazetesinin haberine g\u00f6re; Birle\u015fik Krall\u0131k \u0130hracat Bakan\u0131<a href=\"https:\/\/www.gov.uk\/government\/people\/graham-stuart\" target=\"_blank\" rel=\"noopener\"> Graham Stuart<\/a>, AB ile anla\u015fman\u0131n ard\u0131ndan T\u00fcrkiye ile STA yapmaktan son derece mutlu olduklar\u0131n\u0131 ifade ederek, 2019\u2019a kadar son 10 y\u0131lda ticaret hacminin y\u00fczde 70 b\u00fcy\u00fcd\u00fc\u011f\u00fcn\u00fc ve iki \u00fclke aras\u0131ndaki ticaret hacminin 20 milyar sterline ula\u015ft\u0131\u011f\u0131n\u0131 s\u00f6yledi.<\/p>\n<div id=\"attachment_12540\" style=\"width: 840px\" class=\"wp-caption alignleft\"><img loading=\"lazy\" decoding=\"async\" aria-describedby=\"caption-attachment-12540\" class=\"size-full wp-image-12540\" src=\"https:\/\/by-tv.co.uk\/wp-content\/uploads\/2021\/08\/Graham-Stuart-MP-reading-policy-in-a-Committee-room-Sept-2020.jpg\" alt=\"\" width=\"830\" height=\"540\" title=\"\"><p id=\"caption-attachment-12540\" class=\"wp-caption-text\">Graham Stuart MP Credit:<br \/>www.grahamstuart.com<\/p><\/div>\n<h4 style=\"text-align: left;\">DAHA FAZLASINI YAPAB\u0130L\u0130R\u0130Z<\/h4>\n<p style=\"text-align: left;\">STA\u2019n\u0131n, devam eden ikili ticareti teminat alt\u0131na almak ad\u0131na \u00f6nemli oldu\u011funu belirten Stuart, \u201cHem T\u00fcrk h\u00fck\u00fcmeti hem de biz ticari i\u015f birli\u011fini g\u00fc\u00e7lendirmek i\u00e7in yeni alanlar geli\u015ftirmenin \u00e7ok b\u00fcy\u00fck potansiyeli oldu\u011funa inan\u0131yoruz. \u0130\u015fte bu y\u00fczden gelecek y\u0131l daha kapsaml\u0131 bir STA\u2019y\u0131 m\u00fczakere edece\u011fiz. \u00c7\u00fcnk\u00fc Birle\u015fik Krall\u0131k ve T\u00fcrkiye\u2019nin ortakl\u0131k i\u00e7inde daha fazlas\u0131n\u0131 yapabilece\u011fine inan\u0131yoruz\u201d dedi. \u0130kili ticaret hacminin gelecek y\u0131llarda nerelere ula\u015faca\u011f\u0131n\u0131 tahmin etmenin zor oldu\u011funu vurgulayan Stuart, \u201cT\u00fcrkiye\u2019de ileri m\u00fchendislik alan\u0131nda \u00e7ok iyi i\u015flerin yap\u0131ld\u0131\u011f\u0131n\u0131 g\u00f6r\u00fcyorum. TOGG\u2019u ziyaret ettim, oradaki ekip ile tan\u0131\u015ft\u0131m. D\u00fcnya lideri olabilecek bir \u015fekilde hibrit teknoloji kullanan bir roket \u015firketi ve uzay ajans\u0131 Delta V\u2019nin ba\u015fkan\u0131 ile tan\u0131\u015ft\u0131m. Gelece\u011fin teknolojisinin o kadar \u00e7ok alan\u0131 var ki bence bu alanlarda Birle\u015fik Krall\u0131k\u2019\u0131n y\u00fcksek teknoloji kapasitesi ile T\u00fcrk giri\u015fimcili\u011fi ve becerisinin birle\u015fimi \u00e7ok daha fazlas\u0131n\u0131 yapabilece\u011fimiz anlam\u0131na geliyor\u201d dedi.<\/p>\n<h4 style=\"text-align: left;\">ARA\u00c7 \u015eARJ \u0130STASYONUNDA DENEY\u0130M<\/h4>\n<p style=\"text-align: left;\">\u0130klim de\u011fi\u015fikli\u011fine de de\u011finen Graham Stuart, \u201cElektrikli ara\u00e7 \u015farj istasyonu kurma deneyimimiz, \u0130stanbul ve \u00f6tesinde iklim de\u011fi\u015fikli\u011fiyle m\u00fccadelede \u00e7ok \u00f6nemli olacak. Bu, T\u00fcrkiye\u2019de elektrikli ara\u00e7 \u00fcreten TOGG gibi firmalara pazar yaratmak a\u00e7\u0131s\u0131ndan da \u00f6nemli. Ortak paydaya sahip oldu\u011fumuz pek \u00e7ok alan, yak\u0131n g\u00fcvenlik ve savunma ortakl\u0131\u011f\u0131m\u0131z ve bunlar\u0131n yan\u0131 s\u0131ra NATO m\u00fcttefikli\u011fimiz de var\u201d ifadelerini kulland\u0131.<\/p><div id=\"briti-336753198\" class=\"briti-icerik\" style=\"margin-top: 5px;margin-bottom: 5px;\"><a href=\"https:\/\/piaryum.com\/services\/\" aria-label=\"piaryum banner\"><img loading=\"lazy\" decoding=\"async\" src=\"https:\/\/by-tv.co.uk\/wp-content\/uploads\/2025\/12\/Gemini_Generated_Image_g5yqr1g5yqr1g5yq.jpg\" alt=\"\"  width=\"2064\" height=\"1152\"   \/><\/a><\/div>\n<p>&nbsp;<\/p>\n<ul>\n<li><strong><a href=\"https:\/\/by-tv.co.uk\/en\/ingiliz-bakandan-turkiye-ingiltere-serbest-ticaret-anlasmasina-ovgu\/\" target=\"_blank\" rel=\"noopener\">\u0130ngiliz bakandan T\u00fcrkiye-\u0130ngiltere serbest ticaret anla\u015fmas\u0131na \u00f6vg\u00fc<\/a><\/strong><\/li>\n<li><strong><a href=\"https:\/\/by-tv.co.uk\/en\/tbmm-genel-kurulunda-ingilterenin-turkiye-ile-serbest-ticaret-anlasmasini-duzenleyen-kanun-teklifi-kabul-edildi\/\" target=\"_blank\" rel=\"noopener\">TBMM Genel Kurulunda \u0130ngiltere\u2019nin T\u00fcrkiye ile serbest ticaret anla\u015fmas\u0131n\u0131 d\u00fczenleyen kanun teklifi kabul edildi<\/a><\/strong><\/li>\n<li><strong><a href=\"https:\/\/by-tv.co.uk\/en\/brexit-sonrasi-ingiltere-ile-ticarette-yeni-donem\/\" target=\"_blank\" rel=\"noopener\">Brexit sonras\u0131 \u0130ngiltere ile ticarette yeni d\u00f6nem<\/a><\/strong><\/li>\n<\/ul>\n<h4 style=\"text-align: left;\">ORTAKLIKLAR TE\u015eV\u0130K ED\u0130LMEL\u0130<\/h4>\n<p style=\"text-align: left;\">T\u00fcrkiye\u2019nin \u00f6nemli bir g\u00fc\u00e7 oldu\u011funu belirten Stuart, \u201cT\u00fcrk halk\u0131n\u0131n azmi g\u00f6r\u00fclmeye de\u011fer. \u00c7ok cazip bir pazar. \u0130\u015fte bu y\u00fczden yat\u0131r\u0131m yapan \u00e7ok say\u0131da b\u00fcy\u00fck \u0130ngiliz oyuncu g\u00f6r\u00fcyoruz, gelecekte daha fazlas\u0131n\u0131 yapmalar\u0131 i\u00e7in onlar\u0131 te\u015fvik edece\u011fim\u201d dedi. Stuart, T\u00fcrkiye taraf\u0131nda insans\u0131z hava ara\u00e7lar\u0131 ve otonom sistemlerde b\u00fcy\u00fck bir uzmanl\u0131k oldu\u011funu, bu nedenle ortakl\u0131klar\u0131n sadece h\u00fck\u00fcmet d\u00fczeyinde de\u011fil, i\u015fletmeler aras\u0131nda da te\u015fvik edilmesi gerekti\u011fini s\u00f6yledi.<\/p>\n<h4 style=\"text-align: left;\">D\u00dcNYANIN BE\u015e\u0130NC\u0130 \u0130THALAT\u00c7ISI<\/h4>\n<p style=\"text-align: left;\">T\u00fcrkiye\u2019nin ihracat\u0131nda \u0130ngiltere, 11 milyar dolarla Almanya\u2019dan sonra 2\u2019nci, ithalat\u0131nda 6 milyar dolarla 6\u2019nc\u0131 s\u0131rada yer al\u0131yor. \u0130ngiltere\u2019nin ihracat\u0131nda ABD 57,7 milyar dolarla ilk s\u0131rada yer al\u0131rken, T\u00fcrkiye 6,4 milyar dolarla 14\u2019\u00fcnc\u00fc s\u0131rada geliyor. Birle\u015fik Krall\u0131k\u2019\u0131n ithalat\u0131nda ise \u00c7in 75,4 milyar dolarla ilk s\u0131rada yer al\u0131rken, T\u00fcrkiye 11,4 milyar dolarla 16\u2019nc\u0131 s\u0131rada. \u0130ngiltere, 400 milyar dolarla d\u00fcnyan\u0131n en b\u00fcy\u00fck 12\u2019nci ihracat\u00e7\u0131, 631 milyar dolarla da en b\u00fcy\u00fck 5\u2019inci ithalat\u00e7\u0131s\u0131 konumunda.<\/p>\n<p style=\"text-align: left;\">Graham Stuart, 2005 y\u0131l\u0131nda Beverley ve Holderness Milletvekili se\u00e7ildi. Ocak 2018&#8217;de Uluslararas\u0131 Ticaret Bakanl\u0131\u011f\u0131&#8217;na Yat\u0131r\u0131m Bakan\u0131 olarak kat\u0131ld\u0131.&nbsp;\u015eubat 2020&#8217;de \u0130hracat Bakan\u0131 olarak atand\u0131.<\/p>\n<div id=\"briti-318902207\" class=\"briti-icerikten-sonra_2\" style=\"margin-top: 25px;margin-bottom: 25px;\"><a href=\"https:\/\/wa.me\/message\/NDZLLIOQT4H3O1\" aria-label=\"bytv reklam banner\"><img loading=\"lazy\" decoding=\"async\" src=\"https:\/\/by-tv.co.uk\/wp-content\/uploads\/2025\/12\/bytv-reklam-banner.jpg\" alt=\"\"  width=\"2376\" height=\"1008\"   \/><\/a><\/div>","protected":false},"excerpt":{"rendered":"<p>T\u00fcrkiye ve \u0130ngiltere \u00e7ok \u00f6nemli ticari partner diyen Birle\u015fik Krall\u0131k \u0130hracat Bakan\u0131 Graham Stuart &#8220;gelecek y\u0131l daha kapsaml\u0131 bir STA\u2019y\u0131 m\u00fczakere edece\u011fiz &#8221; dedi. Avrupa Birli\u011fi&#8217;nden yakla\u015f\u0131k 50 y\u0131l sonra 31&nbsp; Ocak 2020&#8217;de, Brexit karar\u0131yla&nbsp; ayr\u0131lan \u0130ngiltere farkl\u0131 \u00fclkelerle ticaret anla\u015fmalar\u0131 yap\u0131yor. Birle\u015fik Krall\u0131k\u2019ta, Haziran 2016\u2019da yap\u0131lan AB referandumunda y\u00fczde 48\u2019e kar\u015f\u0131 y\u00fczde 52 ile Brexit karar\u0131 al\u0131nm\u0131\u015ft\u0131. Brexit sonras\u0131 \u0130ngiltere, y\u0131ll\u0131k 27 milyar dolarl\u0131k ticaret yapt\u0131\u011f\u0131 T\u00fcrkiye ile ge\u00e7en y\u0131l imzalad\u0131\u011f\u0131 Serbest Ticaret Anla\u015fmas\u0131\u2019n\u0131n (STA) kapsam\u0131n\u0131 \u015fimdi geni\u015fletmek i\u00e7in kollar\u0131 s\u0131vad\u0131. Yeni \u015eafak gazetesinin haberine g\u00f6re; Birle\u015fik Krall\u0131k \u0130hracat Bakan\u0131 Graham Stuart, AB ile anla\u015fman\u0131n ard\u0131ndan T\u00fcrkiye ile STA [&hellip;]<\/p>\n","protected":false},"author":1,"featured_media":12544,"comment_status":"open","ping_status":"open","sticky":false,"template":"","format":"standard","meta":{"ngg_post_thumbnail":0,"footnotes":""},"categories":[11,1995],"tags":[200,430,149,144,3701],"class_list":["post-12536","post","type-post","status-publish","format-standard","has-post-thumbnail","hentry","category-dunya","category-turkiye-ingiltere","tag-avrupa-birligi","tag-birlesik-krallik","tag-ingiltere","tag-turkiye","tag-turkiye-ingiltere-sta"],"_links":{"self":[{"href":"https:\/\/by-tv.co.uk\/en\/wp-json\/wp\/v2\/posts\/12536","targetHints":{"allow":["GET"]}}],"collection":[{"href":"https:\/\/by-tv.co.uk\/en\/wp-json\/wp\/v2\/posts"}],"about":[{"href":"https:\/\/by-tv.co.uk\/en\/wp-json\/wp\/v2\/types\/post"}],"author":[{"embeddable":true,"href":"https:\/\/by-tv.co.uk\/en\/wp-json\/wp\/v2\/users\/1"}],"replies":[{"embeddable":true,"href":"https:\/\/by-tv.co.uk\/en\/wp-json\/wp\/v2\/comments?post=12536"}],"version-history":[{"count":0,"href":"https:\/\/by-tv.co.uk\/en\/wp-json\/wp\/v2\/posts\/12536\/revisions"}],"wp:featuredmedia":[{"embeddable":true,"href":"https:\/\/by-tv.co.uk\/en\/wp-json\/wp\/v2\/media\/12544"}],"wp:attachment":[{"href":"https:\/\/by-tv.co.uk\/en\/wp-json\/wp\/v2\/media?parent=12536"}],"wp:term":[{"taxonomy":"category","embeddable":true,"href":"https:\/\/by-tv.co.uk\/en\/wp-json\/wp\/v2\/categories?post=12536"},{"taxonomy":"post_tag","embeddable":true,"href":"https:\/\/by-tv.co.uk\/en\/wp-json\/wp\/v2\/tags?post=12536"}],"curies":[{"name":"wp","href":"https:\/\/api.w.org\/{rel}","templated":true}]}}