{"id":12480,"date":"2021-08-25T14:52:59","date_gmt":"2021-08-25T13:52:59","guid":{"rendered":"https:\/\/by-tv.co.uk\/?p=12480"},"modified":"2021-08-25T14:52:59","modified_gmt":"2021-08-25T13:52:59","slug":"turkiye-kirmizi-listeden-cikarilacak-mi","status":"publish","type":"post","link":"https:\/\/by-tv.co.uk\/en\/turkiye-kirmizi-listeden-cikarilacak-mi\/","title":{"rendered":"T\u00fcrkiye k\u0131rm\u0131z\u0131 listeden \u00e7\u0131kar\u0131lacak m\u0131?"},"content":{"rendered":"<p>\u0130ngiltere h\u00fck\u00fcmetinin belirli aral\u0131klarla a\u00e7\u0131klad\u0131\u011f\u0131 seyahat listesinin bug\u00fcn ya da yar\u0131n g\u00fcncellenmesi beklenirken hafta boyunca \u0130ngiltere bas\u0131n\u0131nda T\u00fcrkiye\u2019nin k\u0131rm\u0131z\u0131 listeden \u00e7\u0131kar\u0131lmas\u0131 ile ilgili <a href=\"https:\/\/by-tv.co.uk\/en\/ingiltere-seyahat-rehberinde-turkiyeyi-kirmizi-listeden-sari-listeye-alabilir\/\">haberler<\/a> yay\u0131mland\u0131.<\/p>\n<p>Daily Mail, \u00fclke milletvekillerinin, seyahat kurallar\u0131 gev\u015fetilmedik\u00e7e bir i\u015f katliam\u0131 ya\u015fanaca\u011f\u0131 konusunda uyard\u0131\u011f\u0131n\u0131 aktar\u0131rken, Commons ula\u015f\u0131m komitesinde yer alan \u0130\u015f\u00e7i Partisi Milletvekili Ben Bradshaw, Covid kurallar\u0131n\u0131n aileleri yurtd\u0131\u015f\u0131na seyahat etmekten &#8216;gereksiz yere cayd\u0131rd\u0131\u011f\u0131n\u0131&#8217; ve ekonomiyi k\u00f6t\u00fc etkiledi\u011fini s\u00f6yledi\u011fi belirtildi.<\/p>\n<p>T\u00fcrkiye&#8217;nin k\u0131rm\u0131z\u0131 listede yer almas\u0131 nedeniyle, t\u00fcm gelenlerin 2 bin 285 sterlin (26 bin 300 TL) maliyetle on bir gece bir otelde karantinaya al\u0131nmas\u0131 gerekti\u011finin alt\u0131 \u00e7izilen haberde, T\u00fcrkiye&#8217;den \u0130ngiltere\u2019ye yap\u0131lan ve Covid testi pozitif \u00e7\u0131kan yolcular\u0131n Mart ve Nisan&#8217;dan bu yana y\u00fczde 3&#8217;ten y\u00fczde 1,7&#8217;ye d\u00fc\u015ferek neredeyse yar\u0131 yar\u0131ya azald\u0131\u011f\u0131n\u0131n bunun da kehribar listedeki \u0130spanya ile ayn\u0131 oldu\u011fu aktar\u0131ld\u0131.<\/p><div id=\"briti-590244851\" class=\"briti-icerik\" style=\"margin-top: 5px;margin-bottom: 5px;\"><a href=\"https:\/\/piaryum.com\/services\/\" aria-label=\"piaryum banner\"><img loading=\"lazy\" decoding=\"async\" src=\"https:\/\/by-tv.co.uk\/wp-content\/uploads\/2025\/12\/Gemini_Generated_Image_g5yqr1g5yqr1g5yq.jpg\" alt=\"\"  width=\"2064\" height=\"1152\"   \/><\/a><\/div>\n<h4>\u2018\u00c7IKARILMASI BEKLEN\u0130YOR\u2019<\/h4>\n<p>Haberde, Havac\u0131l\u0131k ile ilgilenen milletvekillerinin ba\u015fkan\u0131 Henry Smith\u2019in de, yabanc\u0131 seyahatlerin yeniden a\u00e7\u0131lmas\u0131na y\u00f6nelik &#8216;a\u015f\u0131r\u0131 temkinli yakla\u015f\u0131m\u0131n&#8217; \u0130ngiltere&#8217;deki toparlanman\u0131n Avrupa k\u0131tas\u0131n\u0131n gerisinde kald\u0131\u011f\u0131n\u0131 ve binlerce seyahat i\u015finin risk alt\u0131nda oldu\u011fu anlam\u0131na geldi\u011fini s\u00f6yledi\u011fi bildirildi.<\/p>\n<p>Independent da, \u2018T\u00fcrkiye seyahat i\u00e7in \u0130ngiltere&#8217;nin k\u0131rm\u0131z\u0131 listesinden \u00e7\u0131kar\u0131lmay\u0131 bekliyor\u2019 ba\u015fl\u0131\u011f\u0131yla yay\u0131mlad\u0131\u011f\u0131 haberinde, T\u00fcrkiye\u2019nin Londra b\u00fcy\u00fckel\u00e7ili\u011finin, &#8220;bilimsel verilerin&#8221; \u0131\u015f\u0131\u011f\u0131nda, \u00fclkenin kehribar listede yer almas\u0131 gerekti\u011fine inand\u0131\u011f\u0131n\u0131 yazd\u0131.<\/p>\n<h4>Y\u00dcKSEK R\u0130SKL\u0130 \u00dcLKELER ARASINDA<\/h4>\n<p>Sky News\u2019in haberinde, \u201d\u0130ngiliz turistler aras\u0131nda pop\u00fcler olan T\u00fcrkiye, \u0130ngiltere&#8217;den uluslararas\u0131 seyahatin May\u0131s ay\u0131nda yeniden yasal hale gelmesinden bu yana \u201cy\u00fcksek riskli k\u0131rm\u0131z\u0131 listede yer al\u0131yor\u201d ifadeleri yer ald\u0131.<\/p>\n<p>Independent, Londra B\u00fcy\u00fckel\u00e7ili\u011fi\u2019nin T\u00fcrkiye\u2019nin yedi g\u00fcnl\u00fck vaka say\u0131s\u0131n\u0131n 100 binde 232 oldu\u011funu bunun da \u0130ngiltere\u2019de g\u00f6r\u00fclen 464\u2019\u00fcn neredeyse yar\u0131s\u0131 oldu\u011funu aktard\u0131\u011f\u0131n\u0131 yazd\u0131.<\/p>\n<p>Haberde AB k\u0131sa s\u00fcre \u00f6nce T\u00fcrkiye&#8217;de verilen Covid sertifikalar\u0131n\u0131 kabul etti\u011finin alt\u0131 \u00e7izilirken, b\u00fcy\u00fckel\u00e7ili\u011fin ayr\u0131ca \u00fclkenin genom dizilimini iyile\u015ftirdi\u011fini ve t\u00fcm yeti\u015fkinlerin yar\u0131s\u0131ndan fazlas\u0131n\u0131 tam olarak a\u015f\u0131lad\u0131\u011f\u0131n\u0131 aktard\u0131\u011f\u0131 bildirildi.<\/p>\n<p>B\u00fcy\u00fckel\u00e7ilikten yap\u0131lan a\u00e7\u0131klamada, &#8220;\u0130ngiltere&#8217;nin t\u00fcm bu geli\u015fmeleri dikkate almas\u0131n\u0131 ve T\u00fcrkiye&#8217;yi bu hafta k\u0131rm\u0131z\u0131 listeden \u00e7\u0131karmas\u0131n\u0131 bekliyoruz&#8221; denildi.<\/p>\n<p>Kaynak:<a href=\"https:\/\/www.cumhuriyet.com.tr\/haber\/cikarilacak-mi-kirmizi-listede-yer-alan-turkiye-ingilterede-gundem-oldu-1863403\" target=\"_blank\" rel=\"noopener\"> Cumhuriyet<\/a><\/p>\n<div id=\"briti-2468391241\" class=\"briti-icerikten-sonra_2\" style=\"margin-top: 25px;margin-bottom: 25px;\"><a href=\"https:\/\/wa.me\/message\/NDZLLIOQT4H3O1\" aria-label=\"bytv reklam banner\"><img loading=\"lazy\" decoding=\"async\" src=\"https:\/\/by-tv.co.uk\/wp-content\/uploads\/2025\/12\/bytv-reklam-banner.jpg\" alt=\"\"  width=\"2376\" height=\"1008\"   \/><\/a><\/div>","protected":false},"excerpt":{"rendered":"<p>\u0130ngiltere h\u00fck\u00fcmetinin belirli aral\u0131klarla a\u00e7\u0131klad\u0131\u011f\u0131 seyahat listesinin bug\u00fcn ya da yar\u0131n g\u00fcncellenmesi beklenirken hafta boyunca \u0130ngiltere bas\u0131n\u0131nda T\u00fcrkiye\u2019nin k\u0131rm\u0131z\u0131 listeden \u00e7\u0131kar\u0131lmas\u0131 ile ilgili haberler yay\u0131mland\u0131. Daily Mail, \u00fclke milletvekillerinin, seyahat kurallar\u0131 gev\u015fetilmedik\u00e7e bir i\u015f katliam\u0131 ya\u015fanaca\u011f\u0131 konusunda uyard\u0131\u011f\u0131n\u0131 aktar\u0131rken, Commons ula\u015f\u0131m komitesinde yer alan \u0130\u015f\u00e7i Partisi Milletvekili Ben Bradshaw, Covid kurallar\u0131n\u0131n aileleri yurtd\u0131\u015f\u0131na seyahat etmekten &#8216;gereksiz yere cayd\u0131rd\u0131\u011f\u0131n\u0131&#8217; ve ekonomiyi k\u00f6t\u00fc etkiledi\u011fini s\u00f6yledi\u011fi belirtildi. T\u00fcrkiye&#8217;nin k\u0131rm\u0131z\u0131 listede yer almas\u0131 nedeniyle, t\u00fcm gelenlerin 2 bin 285 sterlin (26 bin 300 TL) maliyetle on bir gece bir otelde karantinaya al\u0131nmas\u0131 gerekti\u011finin alt\u0131 \u00e7izilen haberde, T\u00fcrkiye&#8217;den \u0130ngiltere\u2019ye yap\u0131lan ve Covid testi pozitif \u00e7\u0131kan [&hellip;]<\/p>\n","protected":false},"author":1,"featured_media":12481,"comment_status":"open","ping_status":"open","sticky":false,"template":"","format":"standard","meta":{"ngg_post_thumbnail":0,"footnotes":""},"categories":[1],"tags":[],"class_list":["post-12480","post","type-post","status-publish","format-standard","has-post-thumbnail","hentry","category-genel"],"_links":{"self":[{"href":"https:\/\/by-tv.co.uk\/en\/wp-json\/wp\/v2\/posts\/12480","targetHints":{"allow":["GET"]}}],"collection":[{"href":"https:\/\/by-tv.co.uk\/en\/wp-json\/wp\/v2\/posts"}],"about":[{"href":"https:\/\/by-tv.co.uk\/en\/wp-json\/wp\/v2\/types\/post"}],"author":[{"embeddable":true,"href":"https:\/\/by-tv.co.uk\/en\/wp-json\/wp\/v2\/users\/1"}],"replies":[{"embeddable":true,"href":"https:\/\/by-tv.co.uk\/en\/wp-json\/wp\/v2\/comments?post=12480"}],"version-history":[{"count":0,"href":"https:\/\/by-tv.co.uk\/en\/wp-json\/wp\/v2\/posts\/12480\/revisions"}],"wp:featuredmedia":[{"embeddable":true,"href":"https:\/\/by-tv.co.uk\/en\/wp-json\/wp\/v2\/media\/12481"}],"wp:attachment":[{"href":"https:\/\/by-tv.co.uk\/en\/wp-json\/wp\/v2\/media?parent=12480"}],"wp:term":[{"taxonomy":"category","embeddable":true,"href":"https:\/\/by-tv.co.uk\/en\/wp-json\/wp\/v2\/categories?post=12480"},{"taxonomy":"post_tag","embeddable":true,"href":"https:\/\/by-tv.co.uk\/en\/wp-json\/wp\/v2\/tags?post=12480"}],"curies":[{"name":"wp","href":"https:\/\/api.w.org\/{rel}","templated":true}]}}