{"id":12454,"date":"2021-08-24T15:09:21","date_gmt":"2021-08-24T14:09:21","guid":{"rendered":"https:\/\/by-tv.co.uk\/?p=12454"},"modified":"2021-08-24T15:09:21","modified_gmt":"2021-08-24T14:09:21","slug":"ingilterede-stoklar-38-yilin-en-dusuk-seviyesinde","status":"publish","type":"post","link":"https:\/\/by-tv.co.uk\/en\/ingilterede-stoklar-38-yilin-en-dusuk-seviyesinde\/","title":{"rendered":"\u0130ngiltere&#8217;de stoklar 38 y\u0131l\u0131n en d\u00fc\u015f\u00fck seviyesinde"},"content":{"rendered":"<p>Britanya&#8217;daki perakendeciler, \u0130ngiltere&#8217;de stoklar 38 y\u0131l\u0131n en d\u00fc\u015f\u00fck seviyesinde diyor. Personel ve arz s\u0131k\u0131nt\u0131s\u0131 nedeniyle \u00fclkede stok seviyeleri 38 y\u0131l\u0131n en d\u00fc\u015f\u00fck seviyesinde seyrediyor. Firmalar Covid k\u0131s\u0131tlamalar\u0131n\u0131n kald\u0131r\u0131lmas\u0131ndan sonra iyimser, ancak &#8216;pingdemik&#8217; ve ithalatta d\u00fc\u015f\u00fc\u015fle kar\u015f\u0131 kar\u015f\u0131ya kald\u0131.<\/p>\n<p>\u0130ngiltere&#8217;nin en b\u00fcy\u00fck perakendecileri, ithalat ve pandemi odakl\u0131 personel k\u0131tl\u0131\u011f\u0131ndaki keskin d\u00fc\u015f\u00fc\u015f\u00fcn etkisiyle stok seviyelerinin 1983&#8217;ten bu yana en d\u00fc\u015f\u00fck seviyeye geriledi\u011fini bildirdi.<\/p>\n<p>\u0130ngiliz Sanayi Konfederasyonu&#8217;nun (<a href=\"https:\/\/www.cbi.org.uk\" target=\"_blank\" rel=\"noopener\">Confederation of British Industry<\/a> (CBI)<br \/>\n) b\u00fcy\u00fck perakende ve toptan sat\u0131\u015f firmalar\u0131na y\u00f6nelik ayl\u0131k anketi, beklenen sat\u0131\u015flarla ilgili stok seviyelerinin A\u011fustos ay\u0131nda d\u00fc\u015ft\u00fc\u011f\u00fcn\u00fc ve art arda be\u015finci ay boyunca yeni bir rekor d\u00fc\u015f\u00fck seviyeye ula\u015ft\u0131\u011f\u0131n\u0131 ortaya koydu.<\/p><div id=\"briti-3262846884\" class=\"briti-icerik\" style=\"margin-top: 5px;margin-bottom: 5px;\"><a href=\"https:\/\/piaryum.com\/services\/\" aria-label=\"piaryum banner\"><img loading=\"lazy\" decoding=\"async\" src=\"https:\/\/by-tv.co.uk\/wp-content\/uploads\/2025\/12\/Gemini_Generated_Image_g5yqr1g5yqr1g5yq.jpg\" alt=\"\"  width=\"2064\" height=\"1152\"   \/><\/a><\/div>\n<p>\u00c7o\u011fu pandemi k\u0131s\u0131tlamas\u0131n\u0131n kald\u0131r\u0131lmas\u0131ndan sonra artan i\u015f talebine kar\u015f\u0131, perakende sat\u0131\u015flar A\u011fustos ay\u0131nda Aral\u0131k 2014&#8217;ten bu yana en h\u0131zl\u0131 \u015fekilde b\u00fcy\u00fcrken, toptan sipari\u015flerdeki b\u00fcy\u00fcme 1983&#8217;te perakende sekt\u00f6r\u00fc e\u011filimlerini incelemeye ba\u015flamas\u0131ndan bu yana en y\u00fcksek seviyeye ula\u015ft\u0131.<\/p>\n<p>\u0130ngiliz Sanayi Konfederasyonu, salg\u0131nla ba\u011flant\u0131l\u0131 personel s\u0131k\u0131nt\u0131s\u0131n\u0131n perakendeciler i\u00e7in operasyonel zorluklara yol a\u00e7t\u0131\u011f\u0131n\u0131 belirtti. Bununla birlikte, perakendeciler aras\u0131ndaki g\u00fcven, ge\u00e7en ay \u0130ngiltere&#8217;deki \u00e7o\u011fu Covid k\u0131s\u0131tlamas\u0131n\u0131n kald\u0131r\u0131lmas\u0131ndan sonra art\u0131yor ve \u00f6n\u00fcm\u00fczdeki 12 ay i\u00e7in yat\u0131r\u0131m niyetleri A\u011fustos ay\u0131nda \u015eubat 1994&#8217;ten bu yana en g\u00fc\u00e7l\u00fc seviyeye ula\u015ft\u0131. Genel olarak, perakendecilerin \u00f6n\u00fcm\u00fczdeki \u00fc\u00e7 ay i\u00e7inde i\u015f ko\u015fullar\u0131n\u0131n biraz iyile\u015fmesini beklediklerini ortaya koydu.<\/p>\n<p><a href=\"https:\/\/www.theguardian.com\/business\/2021\/aug\/24\/uk-retailers-stock-supply-shortages-covid-pingdemic\" target=\"_blank\" rel=\"noopener\">The Guardian<\/a>\u2019in haberine g\u00f6re CBI ba\u015fekonomisti Alpesh Paleja, kesintinin \u0130ngiltere ekonomisinde devam eden i\u015fg\u00fcc\u00fc k\u0131tl\u0131\u011f\u0131 nedeniyle \u015fiddetlendi\u011fini ve bir\u00e7ok perakendecinin \u015fu anda Covid a\u015f\u0131lar\u0131n\u0131 bekleyen gen\u00e7 \u00e7al\u0131\u015fanlara ba\u011f\u0131ml\u0131 oldu\u011funu s\u00f6yledi.<\/p>\n<p>&#8220;Neyse ki, kendi kendini izole etme kurallar\u0131ndaki de\u011fi\u015fiklikler &#8216;pingdemik&#8217;in firmalar \u00fczerindeki etkisini hafifletti. Ancak gen\u00e7 kitle i\u00e7in a\u015f\u0131 da\u011f\u0131t\u0131m\u0131nda s\u00fcrekli ilerleme sa\u011flanmas\u0131 \u00e7ok \u00f6nemlidir. Bu ayn\u0131 zamanda salg\u0131nda yeni bir a\u015famaya ge\u00e7erken, yani vir\u00fcsle ya\u015farken g\u00fcveni art\u0131racakt\u0131r.&#8221; dedi.<\/p>\n<div id=\"briti-1549251572\" class=\"briti-icerikten-sonra_2\" style=\"margin-top: 25px;margin-bottom: 25px;\"><a href=\"https:\/\/wa.me\/message\/NDZLLIOQT4H3O1\" aria-label=\"bytv reklam banner\"><img loading=\"lazy\" decoding=\"async\" src=\"https:\/\/by-tv.co.uk\/wp-content\/uploads\/2025\/12\/bytv-reklam-banner.jpg\" alt=\"\"  width=\"2376\" height=\"1008\"   \/><\/a><\/div>","protected":false},"excerpt":{"rendered":"<p>Britanya&#8217;daki perakendeciler, \u0130ngiltere&#8217;de stoklar 38 y\u0131l\u0131n en d\u00fc\u015f\u00fck seviyesinde diyor. Personel ve arz s\u0131k\u0131nt\u0131s\u0131 nedeniyle \u00fclkede stok seviyeleri 38 y\u0131l\u0131n en d\u00fc\u015f\u00fck seviyesinde seyrediyor. Firmalar Covid k\u0131s\u0131tlamalar\u0131n\u0131n kald\u0131r\u0131lmas\u0131ndan sonra iyimser, ancak &#8216;pingdemik&#8217; ve ithalatta d\u00fc\u015f\u00fc\u015fle kar\u015f\u0131 kar\u015f\u0131ya kald\u0131. \u0130ngiltere&#8217;nin en b\u00fcy\u00fck perakendecileri, ithalat ve pandemi odakl\u0131 personel k\u0131tl\u0131\u011f\u0131ndaki keskin d\u00fc\u015f\u00fc\u015f\u00fcn etkisiyle stok seviyelerinin 1983&#8217;ten bu yana en d\u00fc\u015f\u00fck seviyeye geriledi\u011fini bildirdi. \u0130ngiliz Sanayi Konfederasyonu&#8217;nun (Confederation of British Industry (CBI) ) b\u00fcy\u00fck perakende ve toptan sat\u0131\u015f firmalar\u0131na y\u00f6nelik ayl\u0131k anketi, beklenen sat\u0131\u015flarla ilgili stok seviyelerinin A\u011fustos ay\u0131nda d\u00fc\u015ft\u00fc\u011f\u00fcn\u00fc ve art arda be\u015finci ay boyunca yeni bir rekor d\u00fc\u015f\u00fck seviyeye ula\u015ft\u0131\u011f\u0131n\u0131 ortaya [&hellip;]<\/p>\n","protected":false},"author":1,"featured_media":12455,"comment_status":"open","ping_status":"open","sticky":false,"template":"","format":"standard","meta":{"ngg_post_thumbnail":0,"footnotes":""},"categories":[1272],"tags":[3688,149,3687,3686],"class_list":["post-12454","post","type-post","status-publish","format-standard","has-post-thumbnail","hentry","category-ekonomi","tag-ingiliz-sanayi-konfederasyonu","tag-ingiltere","tag-perakende-rakamlari","tag-stok-seviyeleri"],"_links":{"self":[{"href":"https:\/\/by-tv.co.uk\/en\/wp-json\/wp\/v2\/posts\/12454","targetHints":{"allow":["GET"]}}],"collection":[{"href":"https:\/\/by-tv.co.uk\/en\/wp-json\/wp\/v2\/posts"}],"about":[{"href":"https:\/\/by-tv.co.uk\/en\/wp-json\/wp\/v2\/types\/post"}],"author":[{"embeddable":true,"href":"https:\/\/by-tv.co.uk\/en\/wp-json\/wp\/v2\/users\/1"}],"replies":[{"embeddable":true,"href":"https:\/\/by-tv.co.uk\/en\/wp-json\/wp\/v2\/comments?post=12454"}],"version-history":[{"count":0,"href":"https:\/\/by-tv.co.uk\/en\/wp-json\/wp\/v2\/posts\/12454\/revisions"}],"wp:featuredmedia":[{"embeddable":true,"href":"https:\/\/by-tv.co.uk\/en\/wp-json\/wp\/v2\/media\/12455"}],"wp:attachment":[{"href":"https:\/\/by-tv.co.uk\/en\/wp-json\/wp\/v2\/media?parent=12454"}],"wp:term":[{"taxonomy":"category","embeddable":true,"href":"https:\/\/by-tv.co.uk\/en\/wp-json\/wp\/v2\/categories?post=12454"},{"taxonomy":"post_tag","embeddable":true,"href":"https:\/\/by-tv.co.uk\/en\/wp-json\/wp\/v2\/tags?post=12454"}],"curies":[{"name":"wp","href":"https:\/\/api.w.org\/{rel}","templated":true}]}}