{"id":12336,"date":"2021-08-18T18:06:41","date_gmt":"2021-08-18T17:06:41","guid":{"rendered":"https:\/\/by-tv.co.uk\/?p=12336"},"modified":"2021-08-18T18:06:41","modified_gmt":"2021-08-18T17:06:41","slug":"ingilterede-temmuz-ayinda-enflasyon-geriledi","status":"publish","type":"post","link":"https:\/\/by-tv.co.uk\/en\/ingilterede-temmuz-ayinda-enflasyon-geriledi\/","title":{"rendered":"\u0130ngiltere&#8217;de temmuz ay\u0131nda enflasyon geriledi"},"content":{"rendered":"<p>\u0130ngiltere&#8217;de temmuz ay\u0131nda enflasyon geriledi<br \/>\n\u0130ngiliz Ulusal \u0130statistik Ofisi (ONS)\u2019nin a\u00e7\u0131klad\u0131\u011f\u0131 temmuz ay\u0131 verilerine g\u00f6re, \u00fclkede T\u00fcketici Fiyat Endeksi (T\u00dcFE), <a href=\"https:\/\/by-tv.co.uk\/en\/kategori\/haber\/ingiltere\/\">\u0130ngiltere<\/a> Merkez Bankas\u0131&#8217;n\u0131n tahminleri do\u011frultusunda (BoE) % 2 seviyesinde ger\u00e7ekle\u015fti.<\/p>\n<p>BoE Parasal Politika Komitesi (MPC), a\u011fustos ba\u015f\u0131nda enflasyondaki art\u0131\u015f\u0131n ge\u00e7ici oldu\u011funu belirterek, enflasyonun y\u0131l sonuna do\u011fru y\u00fczde 4 seviyesini g\u00f6rebilece\u011fini duyurmu\u015ftu. Banka, enflasyonda y\u00fczde 2 hedefini korumaya devam etmi\u015fti.<\/p>\n<p>ING Ekonomisti James Smith, enflasyon verilerine ili\u015fkin yapt\u0131\u011f\u0131 de\u011ferlendirmede, T\u00dcFE\u2019de ge\u00e7en ay g\u00f6r\u00fclen ge\u00e7ici gerilemeye ra\u011fmen, enflasyonun a\u011fustosta y\u00fczde 3&#8217;e yak\u0131n olaca\u011f\u0131n\u0131 belirtti.<\/p><div id=\"briti-199560254\" class=\"briti-icerik\" style=\"margin-top: 5px;margin-bottom: 5px;\"><a href=\"https:\/\/piaryum.com\/services\/\" aria-label=\"piaryum banner\"><img loading=\"lazy\" decoding=\"async\" src=\"https:\/\/by-tv.co.uk\/wp-content\/uploads\/2025\/12\/Gemini_Generated_Image_g5yqr1g5yqr1g5yq.jpg\" alt=\"\"  width=\"2064\" height=\"1152\"   \/><\/a><\/div>\n<p>Muhtemelen kas\u0131m ay\u0131na kadar BoE&#8217;nin y\u00fczde 4&#8217;l\u00fck tahminine olduk\u00e7a yak\u0131n olaca\u011f\u0131n\u0131 ifade eden Smith, &#8220;Ancak 2022&#8217;ye kadar fiyat hareketleri sakinle\u015fecek ve enflasyonun politika yap\u0131c\u0131lar i\u00e7in gelecek y\u0131l\u0131n sonundan \u00f6nce faiz oranlar\u0131n\u0131 art\u0131rmalar\u0131 i\u00e7in yeterli bir endi\u015fe kayna\u011f\u0131 olaca\u011f\u0131n\u0131 d\u00fc\u015f\u00fcnm\u00fcyoruz.&#8221; g\u00f6r\u00fc\u015flerini payla\u015ft\u0131.<\/p>\n<div id=\"briti-1571292292\" class=\"briti-icerikten-sonra_2\" style=\"margin-top: 25px;margin-bottom: 25px;\"><a href=\"https:\/\/wa.me\/message\/NDZLLIOQT4H3O1\" aria-label=\"bytv reklam banner\"><img loading=\"lazy\" decoding=\"async\" src=\"https:\/\/by-tv.co.uk\/wp-content\/uploads\/2025\/12\/bytv-reklam-banner.jpg\" alt=\"\"  width=\"2376\" height=\"1008\"   \/><\/a><\/div>","protected":false},"excerpt":{"rendered":"<p>\u0130ngiltere&#8217;de temmuz ay\u0131nda enflasyon geriledi \u0130ngiliz Ulusal \u0130statistik Ofisi (ONS)\u2019nin a\u00e7\u0131klad\u0131\u011f\u0131 temmuz ay\u0131 verilerine g\u00f6re, \u00fclkede T\u00fcketici Fiyat Endeksi (T\u00dcFE), \u0130ngiltere Merkez Bankas\u0131&#8217;n\u0131n tahminleri do\u011frultusunda (BoE) % 2 seviyesinde ger\u00e7ekle\u015fti. BoE Parasal Politika Komitesi (MPC), a\u011fustos ba\u015f\u0131nda enflasyondaki art\u0131\u015f\u0131n ge\u00e7ici oldu\u011funu belirterek, enflasyonun y\u0131l sonuna do\u011fru y\u00fczde 4 seviyesini g\u00f6rebilece\u011fini duyurmu\u015ftu. Banka, enflasyonda y\u00fczde 2 hedefini korumaya devam etmi\u015fti. ING Ekonomisti James Smith, enflasyon verilerine ili\u015fkin yapt\u0131\u011f\u0131 de\u011ferlendirmede, T\u00dcFE\u2019de ge\u00e7en ay g\u00f6r\u00fclen ge\u00e7ici gerilemeye ra\u011fmen, enflasyonun a\u011fustosta y\u00fczde 3&#8217;e yak\u0131n olaca\u011f\u0131n\u0131 belirtti. Muhtemelen kas\u0131m ay\u0131na kadar BoE&#8217;nin y\u00fczde 4&#8217;l\u00fck tahminine olduk\u00e7a yak\u0131n olaca\u011f\u0131n\u0131 ifade eden Smith, &#8220;Ancak 2022&#8217;ye kadar fiyat [&hellip;]<\/p>\n","protected":false},"author":1,"featured_media":12337,"comment_status":"open","ping_status":"open","sticky":false,"template":"","format":"standard","meta":{"ngg_post_thumbnail":0,"footnotes":""},"categories":[15],"tags":[430,204,149,228],"class_list":["post-12336","post","type-post","status-publish","format-standard","has-post-thumbnail","hentry","category-ingiltere","tag-birlesik-krallik","tag-britanya","tag-ingiltere","tag-londra"],"_links":{"self":[{"href":"https:\/\/by-tv.co.uk\/en\/wp-json\/wp\/v2\/posts\/12336","targetHints":{"allow":["GET"]}}],"collection":[{"href":"https:\/\/by-tv.co.uk\/en\/wp-json\/wp\/v2\/posts"}],"about":[{"href":"https:\/\/by-tv.co.uk\/en\/wp-json\/wp\/v2\/types\/post"}],"author":[{"embeddable":true,"href":"https:\/\/by-tv.co.uk\/en\/wp-json\/wp\/v2\/users\/1"}],"replies":[{"embeddable":true,"href":"https:\/\/by-tv.co.uk\/en\/wp-json\/wp\/v2\/comments?post=12336"}],"version-history":[{"count":0,"href":"https:\/\/by-tv.co.uk\/en\/wp-json\/wp\/v2\/posts\/12336\/revisions"}],"wp:featuredmedia":[{"embeddable":true,"href":"https:\/\/by-tv.co.uk\/en\/wp-json\/wp\/v2\/media\/12337"}],"wp:attachment":[{"href":"https:\/\/by-tv.co.uk\/en\/wp-json\/wp\/v2\/media?parent=12336"}],"wp:term":[{"taxonomy":"category","embeddable":true,"href":"https:\/\/by-tv.co.uk\/en\/wp-json\/wp\/v2\/categories?post=12336"},{"taxonomy":"post_tag","embeddable":true,"href":"https:\/\/by-tv.co.uk\/en\/wp-json\/wp\/v2\/tags?post=12336"}],"curies":[{"name":"wp","href":"https:\/\/api.w.org\/{rel}","templated":true}]}}