{"id":12332,"date":"2021-08-18T11:59:03","date_gmt":"2021-08-18T10:59:03","guid":{"rendered":"https:\/\/by-tv.co.uk\/?p=12332"},"modified":"2021-08-18T11:59:03","modified_gmt":"2021-08-18T10:59:03","slug":"londradaki-okullarin-yuzde-98i-dusuk-hava-kalitesine-sahip-bolgelerde-bulunuyor","status":"publish","type":"post","link":"https:\/\/by-tv.co.uk\/en\/londradaki-okullarin-yuzde-98i-dusuk-hava-kalitesine-sahip-bolgelerde-bulunuyor\/","title":{"rendered":"Londra&#8217;daki okullar\u0131n y\u00fczde 98&#8217;i d\u00fc\u015f\u00fck hava kalitesine sahip b\u00f6lgelerde bulunuyor"},"content":{"rendered":"<p>Londra&#8217;daki okullar\u0131n y\u00fczde 98&#8217;i d\u00fc\u015f\u00fck hava kalitesine sahip b\u00f6lgelerde bulunuyor. \u0130ngiltere genelinde ise 3.1 milyon \u00e7ocuk d\u00fc\u015f\u00fck hava kalitesine sahip b\u00f6lgelerde okullara gidiyor.&nbsp;<\/p>\n<p><strong>Londra&#8217;daki \u00e7ocuklar\u0131n, hava kirlili\u011finin D\u00fcnya Sa\u011fl\u0131k \u00d6rg\u00fct\u00fc s\u0131n\u0131r\u0131n\u0131 a\u015ft\u0131\u011f\u0131 bir b\u00f6lgede okula gitme olas\u0131l\u0131\u011f\u0131 neredeyse d\u00f6rt kat daha fazla.<\/strong><\/p>\n<p>Londra B\u00fcy\u00fck\u015fehir Belediyesi taraf\u0131ndan yap\u0131lan bir analize g\u00f6re, Londra&#8217;daki hemen hemen her okul, hava kirlili\u011fi seviyelerinin D\u00fcnya Sa\u011fl\u0131k \u00d6rg\u00fct\u00fc s\u0131n\u0131rlar\u0131n\u0131 a\u015ft\u0131\u011f\u0131 bir b\u00f6lgede bulunuyor. Londra&#8217;daki \u00e7ocuklar\u0131n, D\u00fcnya Sa\u011fl\u0131k \u00d6rg\u00fct\u00fc\u2019n\u00fcn belirledi\u011fi hava kirlili\u011fi s\u0131n\u0131r\u0131n\u0131 a\u015ft\u0131\u011f\u0131 bir b\u00f6lgede okula gitme olas\u0131l\u0131\u011f\u0131 neredeyse d\u00f6rt kat daha fazla.<\/p><div id=\"briti-2438317599\" class=\"briti-icerik\" style=\"margin-top: 5px;margin-bottom: 5px;\"><a href=\"https:\/\/piaryum.com\/services\/\" aria-label=\"piaryum banner\"><img loading=\"lazy\" decoding=\"async\" src=\"https:\/\/by-tv.co.uk\/wp-content\/uploads\/2025\/12\/Gemini_Generated_Image_g5yqr1g5yqr1g5yq.jpg\" alt=\"\"  width=\"2064\" height=\"1152\"   \/><\/a><\/div>\n<blockquote class=\"twitter-tweet\">\n<p dir=\"ltr\" lang=\"en\">3.1 million children going to school with polluted air in England, new analysis shows <a href=\"https:\/\/t.co\/mUP68Ayjuc\">https:\/\/t.co\/mUP68Ayjuc<\/a><\/p>\n<p>\u2014 The Independent (@Independent) <a href=\"https:\/\/twitter.com\/Independent\/status\/1427114272920854532?ref_src=twsrc%5Etfw\" target=\"_blank\" rel=\"noopener\">August 16, 2021<\/a><\/p><\/blockquote>\n<p><script async=\"\" src=\"https:\/\/platform.twitter.com\/widgets.js\" charset=\"utf-8\"><\/script><\/p>\n<p>2016- 2020 y\u0131llar\u0131 aras\u0131n\u0131 kapsayan<a href=\"https:\/\/www.london.gov.uk\/press-releases\/mayoral\/31m-kids-going-to-schools-in-areas-with-toxic-air\" target=\"_blank\" rel=\"noopener\"> rapora g\u00f6re,<\/a> Londra&#8217;daki okullar\u0131n bulundu\u011fu yerlerde, havadaki ortalama partik\u00fcl madde oran\u0131, \u0130ngiltere&#8217;nin geri kalan\u0131na g\u00f6re \u00fc\u00e7te birinden daha y\u00fcksek \u00e7\u0131kt\u0131.<\/p>\n<p>Rakamlar, okullar\u0131n y\u00fczde 98&#8217;inin zehirli hava kalitesine sahip b\u00f6lgelerde oldu\u011funu g\u00f6sterirken, bu oran ba\u015fkent d\u0131\u015f\u0131nda y\u00fczde 24 olarak a\u00e7\u0131kland\u0131.<\/p>\n<p>Londra&#8217;da hava kirlili\u011fi olan b\u00f6lgelerde b\u00fcy\u00fcyen \u00e7ocuklar\u0131n, \u0130ngiltere&#8217;nin geri kalan\u0131ndaki ya\u015f\u0131tlar\u0131na k\u0131yasla, akci\u011fer kapasitelerinde yakla\u015f\u0131k y\u00fczde be\u015flik bir kay\u0131pla \u00f6nemli \u00f6l\u00e7\u00fcde daha k\u00fc\u00e7\u00fck akci\u011fer hacmi g\u00f6sterdi.<\/p>\n<p>K\u00f6t\u00fc hava kalitesi, \u00e7ocuklar\u0131n akci\u011ferlerinin b\u00fcy\u00fcmesini engeller ve ast\u0131m, akci\u011fer ve kalp hastal\u0131\u011f\u0131 gibi kronik hastal\u0131klar\u0131 tetikler. Bu yeni analize g\u00f6re, \u0130ngiltere&#8217;de ya\u015fayan 3,1 milyon \u00e7ocu\u011fun, hava kirlili\u011finde DS\u00d6 s\u0131n\u0131rlar\u0131n\u0131 (PM2.5) a\u015fan b\u00f6lgelerde okullara gitti\u011fini tespit etti. B\u0131 \u00e7ocuklar\u0131n 1,2 milyondan fazlas\u0131 Londra\u2019da ya\u015f\u0131yor ve 700.000&#8217;den fazlas\u0131 ilkokul \u00e7a\u011f\u0131ndad\u0131r.<\/p>\n<p><a href=\"https:\/\/www.kcl.ac.uk\" target=\"_blank\" rel=\"noopener\">King&#8217;s College London<\/a>, <a href=\"https:\/\/www.kcl.ac.uk\" target=\"_blank\" rel=\"noopener\">Queen Mary University of London<\/a> ve Edinburgh \u00dcniversitesi taraf\u0131ndan yap\u0131lan ara\u015ft\u0131rmada, Tower Hamlets, Hackney, Greenwich ve City of London\u2019da, AB nitrojen dioksit limitlerini kar\u015f\u0131lamayan 28 okuldaki \u00e7ocuklar izlendi.<\/p>\n<p>Londra Belediye Ba\u015fkan\u0131 Sad\u0131k Han\u2019\u0131n ilk d\u00f6neminde uygulamaya konulan Ultra D\u00fc\u015f\u00fck Emisyon B\u00f6lgesi (ULEZ) projesi arac\u0131l\u0131\u011f\u0131yla hava kalitesinde iyile\u015ftirmeler yap\u0131lmas\u0131 i\u00e7in \u00e7al\u0131\u015fmalar yap\u0131l\u0131yor.<\/p>\n<div id=\"attachment_12334\" style=\"width: 1610px\" class=\"wp-caption alignleft\"><img loading=\"lazy\" decoding=\"async\" aria-describedby=\"caption-attachment-12334\" class=\"wp-image-12334 size-full\" src=\"https:\/\/by-tv.co.uk\/wp-content\/uploads\/2021\/08\/E8bb3KaXMAUskgx.jpg\" alt=\"\" width=\"1600\" height=\"1114\" title=\"\"><p id=\"caption-attachment-12334\" class=\"wp-caption-text\">Londra Belediye Ba\u015fkan\u0131 Sad\u0131k Han, \u00e7ocuklarla beraber . Londra&#8217;daki okullar\u0131n y\u00fczde 98&#8217;i d\u00fc\u015f\u00fck hava kalitesine sahip b\u00f6lgelerde bulunuyor Credit: Mayor&#8217;s Press Office<\/p><\/div>\n<p>Londra Belediye Ba\u015fkan\u0131 Sadiq Khan \u015funlar\u0131 s\u00f6yledi:<\/p>\n<blockquote><p>\u201cLondra&#8217;da b\u00fcy\u00fcyen \u00e7ocuklar\u0131n, bu b\u00fcy\u00fck \u015fehrin d\u0131\u015f\u0131ndaki arkada\u015flar\u0131ndan ve ailelerinden daha kirli hava soluyacaklar\u0131 \u00e7ok uzun zamand\u0131r kabul ediliyor. Ama bunu kabul etmiyorum. Gen\u00e7 Londral\u0131lar\u0131n ci\u011ferlerine zarar verecek ve her y\u0131l binlerce erken \u00f6l\u00fcme neden olacak kadar pis hava solumas\u0131n\u0131 engellemek i\u00e7in elimden gelen her \u015feyi yap\u0131yorum. Bu y\u00fczden Ultra D\u00fc\u015f\u00fck Emisyon B\u00f6lgesini bu y\u0131l daha sonra geni\u015fletiyorum.<\/p><\/blockquote>\n<p>&#8220;Londra&#8217;n\u0131n tamam\u0131n\u0131n partik\u00fcl madde i\u00e7in D\u00fcnya Sa\u011fl\u0131k \u00d6rg\u00fct\u00fc s\u0131n\u0131rlar\u0131n\u0131 kar\u015f\u0131lad\u0131\u011f\u0131ndan emin olmak istiyorum. Ancak bunu tek ba\u015f\u0131ma yapamam ve bu hedefe ula\u015fmak i\u00e7in H\u00fck\u00fcmetle birlikte \u00e7al\u0131\u015fmak istiyorum. Bu nedenle, yeni \u00c7evre Yasas\u0131&#8217;n\u0131n, DS\u00d6&#8217;n\u00fcn 2030 y\u0131l\u0131na kadar ula\u015f\u0131lmas\u0131 \u00f6nerilen, yasal olarak ba\u011flay\u0131c\u0131 s\u0131n\u0131rlar i\u00e7ermesini istiyorum. Toksik havan\u0131n herkesin sa\u011fl\u0131\u011f\u0131 \u00fczerindeki b\u00fcy\u00fck etkisi konusunda rehavete geri d\u00f6nmek i\u00e7in uyuyamay\u0131z. \u201d<\/p>\n<div id=\"briti-2529056142\" class=\"briti-icerikten-sonra_2\" style=\"margin-top: 25px;margin-bottom: 25px;\"><a href=\"https:\/\/wa.me\/message\/NDZLLIOQT4H3O1\" aria-label=\"bytv reklam banner\"><img loading=\"lazy\" decoding=\"async\" src=\"https:\/\/by-tv.co.uk\/wp-content\/uploads\/2025\/12\/bytv-reklam-banner.jpg\" alt=\"\"  width=\"2376\" height=\"1008\"   \/><\/a><\/div>","protected":false},"excerpt":{"rendered":"<p>Londra&#8217;daki okullar\u0131n y\u00fczde 98&#8217;i d\u00fc\u015f\u00fck hava kalitesine sahip b\u00f6lgelerde bulunuyor. \u0130ngiltere genelinde ise 3.1 milyon \u00e7ocuk d\u00fc\u015f\u00fck hava kalitesine sahip b\u00f6lgelerde okullara gidiyor.&nbsp; Londra&#8217;daki \u00e7ocuklar\u0131n, hava kirlili\u011finin D\u00fcnya Sa\u011fl\u0131k \u00d6rg\u00fct\u00fc s\u0131n\u0131r\u0131n\u0131 a\u015ft\u0131\u011f\u0131 bir b\u00f6lgede okula gitme olas\u0131l\u0131\u011f\u0131 neredeyse d\u00f6rt kat daha fazla. Londra B\u00fcy\u00fck\u015fehir Belediyesi taraf\u0131ndan yap\u0131lan bir analize g\u00f6re, Londra&#8217;daki hemen hemen her okul, hava kirlili\u011fi seviyelerinin D\u00fcnya Sa\u011fl\u0131k \u00d6rg\u00fct\u00fc s\u0131n\u0131rlar\u0131n\u0131 a\u015ft\u0131\u011f\u0131 bir b\u00f6lgede bulunuyor. Londra&#8217;daki \u00e7ocuklar\u0131n, D\u00fcnya Sa\u011fl\u0131k \u00d6rg\u00fct\u00fc\u2019n\u00fcn belirledi\u011fi hava kirlili\u011fi s\u0131n\u0131r\u0131n\u0131 a\u015ft\u0131\u011f\u0131 bir b\u00f6lgede okula gitme olas\u0131l\u0131\u011f\u0131 neredeyse d\u00f6rt kat daha fazla. 3.1 million children going to school with polluted air in England, new analysis shows [&hellip;]<\/p>\n","protected":false},"author":1,"featured_media":12333,"comment_status":"open","ping_status":"open","sticky":false,"template":"","format":"standard","meta":{"ngg_post_thumbnail":0,"footnotes":""},"categories":[1],"tags":[],"class_list":["post-12332","post","type-post","status-publish","format-standard","has-post-thumbnail","hentry","category-genel"],"_links":{"self":[{"href":"https:\/\/by-tv.co.uk\/en\/wp-json\/wp\/v2\/posts\/12332","targetHints":{"allow":["GET"]}}],"collection":[{"href":"https:\/\/by-tv.co.uk\/en\/wp-json\/wp\/v2\/posts"}],"about":[{"href":"https:\/\/by-tv.co.uk\/en\/wp-json\/wp\/v2\/types\/post"}],"author":[{"embeddable":true,"href":"https:\/\/by-tv.co.uk\/en\/wp-json\/wp\/v2\/users\/1"}],"replies":[{"embeddable":true,"href":"https:\/\/by-tv.co.uk\/en\/wp-json\/wp\/v2\/comments?post=12332"}],"version-history":[{"count":0,"href":"https:\/\/by-tv.co.uk\/en\/wp-json\/wp\/v2\/posts\/12332\/revisions"}],"wp:featuredmedia":[{"embeddable":true,"href":"https:\/\/by-tv.co.uk\/en\/wp-json\/wp\/v2\/media\/12333"}],"wp:attachment":[{"href":"https:\/\/by-tv.co.uk\/en\/wp-json\/wp\/v2\/media?parent=12332"}],"wp:term":[{"taxonomy":"category","embeddable":true,"href":"https:\/\/by-tv.co.uk\/en\/wp-json\/wp\/v2\/categories?post=12332"},{"taxonomy":"post_tag","embeddable":true,"href":"https:\/\/by-tv.co.uk\/en\/wp-json\/wp\/v2\/tags?post=12332"}],"curies":[{"name":"wp","href":"https:\/\/api.w.org\/{rel}","templated":true}]}}