{"id":12329,"date":"2021-08-18T00:08:45","date_gmt":"2021-08-17T23:08:45","guid":{"rendered":"https:\/\/by-tv.co.uk\/?p=12329"},"modified":"2021-08-18T00:08:45","modified_gmt":"2021-08-17T23:08:45","slug":"bir-dakika-britanya-ile-ingiltere-guncel-haberler-17-agustos-2021","status":"publish","type":"post","link":"https:\/\/by-tv.co.uk\/en\/bir-dakika-britanya-ile-ingiltere-guncel-haberler-17-agustos-2021\/","title":{"rendered":"Bir Dakika Britanya ile \u0130ngiltere g\u00fcncel haberler, 17 A\u011fustos 2021"},"content":{"rendered":"<div class=\"\" data-block=\"true\" data-editor=\"ehltf\" data-offset-key=\"7qigv-0-0\">\n<div class=\"_1mf _1mj\" style=\"text-align: left;\" data-offset-key=\"7qigv-0-0\">\u0130ngiltere g\u00fcncel haberler, Bir Dakika Britanya ile hafta i\u00e7i her g\u00fcn yay\u0131nda.<br \/>\n#birdakikabritanya<br \/>\n1 dakikada #Britanya<br \/>\nHafta i\u00e7i her g\u00fcn burada<br \/>\nBritanya g\u00fcndeminin 60 saniyelik \u00f6zeti<\/div>\n<p>&nbsp;<br \/>\n<iframe loading=\"lazy\" title=\"YouTube video player\" src=\"https:\/\/www.youtube.com\/embed\/WA_o9--HmjU\" width=\"791\" height=\"723\" frameborder=\"0\" allowfullscreen=\"allowfullscreen\"><\/iframe><\/p>\n<\/div>\n<div data-block=\"true\" data-editor=\"ehltf\" data-offset-key=\"4hmlp-0-0\">&nbsp;<\/div>\n<div class=\"_1mf _1mj\" data-offset-key=\"j98o-0-0\">&nbsp;<\/div>\n<div data-offset-key=\"j98o-0-0\">\n<div data-block=\"true\" data-editor=\"ehltf\" data-offset-key=\"4hmlp-0-0\">\n<h4>COVID-19: G\u00dcNL\u00dcK 170 \u00d6L\u00dcM B\u0130LD\u0130R\u0130LD\u0130<\/h4>\n<p>\u0130ngiltere Sal\u0131 g\u00fcn\u00fc 26.852 yeni Covid vakas\u0131 ve koronavir\u00fcse ba\u011fl\u0131 170 yeni \u00f6l\u00fcm bildirdi. \u00dclkede n\u00fcfusun % 89.6&#8217;s\u0131 bir doz Covid a\u015f\u0131s\u0131na sahipken,% 77.2&#8217;si iki dozla tamamen a\u015f\u0131land\u0131.<\/p>\n<h4>ORTALAMA MAA\u015e % 7.4 ARTTI<\/h4>\n<p>Resmi rakamlara g\u00f6re, \u0130ngiltere&#8217;de ortalama maa\u015f %7,4 artt\u0131 ve i\u015f ilanlar\u0131 Temmuz ay\u0131na kadar ge\u00e7en \u00fc\u00e7 ayda 953.000&#8217;e ula\u015farak rekor k\u0131rd\u0131.<\/p>\n<h4>MHRA: MODERNA, 12-15 YA\u015e ARASI \u0130\u00c7\u0130N UYGUN<\/h4>\n<p>\u0130ngiltere&#8217;deki ila\u00e7 d\u00fczenleyicisi MHRA, Moderna Covid-19 a\u015f\u0131s\u0131n\u0131n 12-17 ya\u015f aras\u0131&nbsp; \u00e7ocuklarda kullan\u0131m\u0131n\u0131 onaylad\u0131. Ancak A\u015f\u0131&nbsp; ve Ba\u011f\u0131\u015f\u0131klama&nbsp; Ortak Komitesi \u015fu anda 12-15 ya\u015f aras\u0131 \u00e7ocuklar\u0131n a\u015f\u0131lanmas\u0131n\u0131 \u00f6nermiyor.<\/p><div id=\"briti-3858689845\" class=\"briti-icerik\" style=\"margin-top: 5px;margin-bottom: 5px;\"><a href=\"https:\/\/piaryum.com\/services\/\" aria-label=\"piaryum banner\"><img loading=\"lazy\" decoding=\"async\" src=\"https:\/\/by-tv.co.uk\/wp-content\/uploads\/2025\/12\/Gemini_Generated_Image_g5yqr1g5yqr1g5yq.jpg\" alt=\"\"  width=\"2064\" height=\"1152\"   \/><\/a><\/div>\n<h4>TWITTER BA\u015e A\u011eRITTI<\/h4>\n<p>Twitter\u2019\u0131n y\u00fcksek kontrastl\u0131 yeni tasar\u0131m\u0131 ve yeni fontunun bir \u00e7ok kullan\u0131c\u0131 da ba\u015f a\u011fr\u0131s\u0131na yol a\u00e7t\u0131\u011f\u0131na dair \u015fikayetler nedeniyle, yak\u0131n zamanda de\u011fi\u015fiklikler yapmas\u0131 bekleniyor.<\/p>\n<h4>MASTERCARD: MANYET\u0130K \u015eER\u0130T KALKIYOR<\/h4>\n<p>Mastercard, 2024&#8217;ten itibaren banka ve kredi kartlar\u0131ndaki manyetik \u015feritleri kald\u0131raca\u011f\u0131n\u0131 a\u00e7\u0131klad\u0131.&nbsp;<\/p>\n<\/div>\n<div class=\"\" data-block=\"true\" data-editor=\"ehltf\" data-offset-key=\"2qgai-0-0\">\n<div class=\"_1mf _1mj\" data-offset-key=\"2qgai-0-0\">\n<h5 style=\"text-align: left;\"><a href=\"https:\/\/by-tv.co.uk\/en\/?s=bir+dakika+britanya\"><strong>Bir Dakika Britanya<\/strong><\/a><\/h5>\n<div id=\"attachment_11744\" style=\"width: 1090px\" class=\"wp-caption alignleft\"><a href=\"https:\/\/www.instagram.com\/explore\/tags\/birdakikabritanya\/\" target=\"_blank\" rel=\"noopener\"><img loading=\"lazy\" decoding=\"async\" aria-describedby=\"caption-attachment-11744\" class=\"wp-image-11744 size-full\" src=\"https:\/\/by-tv.co.uk\/wp-content\/uploads\/2021\/07\/1-dk-britanya-3.jpg\" alt=\"\" width=\"1080\" height=\"1080\" title=\"\"><\/a><p id=\"caption-attachment-11744\" class=\"wp-caption-text\">Bir Dakika Britanya ile \u0130ngiltere g\u00fcncel haberler, 23 Temmuz 2021<\/p><\/div>\n<p style=\"text-align: left;\">Bir Dakika Britanya b\u00fcltenine reklam vermek i\u00e7in hemen aray\u0131n veya WhatsApp\u2019tan mesaj at\u0131n biz sizi arayal\u0131m! <a href=\"https:\/\/api.whatsapp.com\/message\/NDZLLIOQT4H3O1\" target=\"_blank\" rel=\"noopener\">07857359643<\/a><\/p>\n<p style=\"text-align: left;\"><strong><a href=\"https:\/\/api.whatsapp.com\/message\/NDZLLIOQT4H3O1\" target=\"_blank\" rel=\"noopener\">WhatsApp\u2019tan Ara veya Mesaj G\u00f6nder!<\/a><\/strong><\/p>\n<h4 style=\"text-align: left;\">Neden Brit \u0130\u015f Ya\u015fam TV?<\/h4>\n<p style=\"text-align: left;\">Brit \u0130\u015f Ya\u015fam TV; ad\u0131ndan da anla\u015f\u0131laca\u011f\u0131 gibi daha \u00e7ok \u0130ngiltere\u2019deki ve a\u011f\u0131rl\u0131kl\u0131 olarak Ba\u015fkent Londra\u2019daki i\u015f ve ya\u015fam haberlerine odaklanm\u0131\u015f \u0130ngiltere\u2019de T\u00fcrk\u00e7e yay\u0131n yapan tematik bir haber sitesidir. Haber sitemizde ve sosyal medya hesaplar\u0131m\u0131zda abart\u0131l\u0131, yan\u0131lt\u0131c\u0131, toplumu geren, mesnetsiz ve sa\u011flam kaynaklara dayanmayan haberlerden ka\u00e7\u0131n\u0131yoruz. \u0130ngiltere g\u00fcncel haberleri hafta i\u00e7i her g\u00fcn ekran\u0131n\u0131za getiriyoruz.<\/p>\n<p style=\"text-align: left;\">\ud83d\udde8\ufe0fHer hafta \u0130ngiltere\u2019deki yat\u0131r\u0131m f\u0131rsatlar\u0131n\u0131, yat\u0131r\u0131m iklimini ve ticaret yapman\u0131n p\u00fcf noktalar\u0131n\u0131n yer ald\u0131\u011f\u0131 ve Genel Yay\u0131n Y\u00f6netmenimiz&nbsp;<strong><a href=\"https:\/\/www.linkedin.com\/in\/erginbbo\/\" target=\"_blank\" rel=\"noopener\">Ergin Balabeyo\u011flu<\/a><\/strong>&nbsp;ve Yay\u0131n Dan\u0131\u015fman\u0131m\u0131z, T\u00fcrk \u0130ngiliz Ticaret ve Sanayi Odas\u0131 Y\u00f6netim Kurulu \u00dcyesi&nbsp;<strong><a href=\"https:\/\/www.linkedin.com\/in\/kemal-sidar\/\" target=\"_blank\" rel=\"noopener\">Kemal Sidar\u2019<\/a><\/strong>\u0131n ortakla\u015fa haz\u0131rlad\u0131\u011f\u0131<strong><a href=\"https:\/\/by-tv.co.uk\/en\/ingilterede-is-ve-yatirim-ev-tekstili-sektoru-17-bolum\/\">&nbsp;\u201c\u0130ngiltere\u2019de \u0130\u015f ve Yat\u0131r\u0131m\u201d<\/a>&nbsp;<\/strong>&nbsp;program\u0131 \u0130ngiltere\u2019de i\u015f ve yat\u0131r\u0131m yapmak isteyenlere \u00f6nemli bir rehber haline geldi. 20 b\u00f6l\u00fcmden fazla haz\u0131rlanan programda tekstilden g\u0131daya, ula\u015f\u0131mdan lojisti\u011fe, payla\u015f\u0131m ekonomisinden e-ticarete kadar onlarca konuda uzman konuklar yer ald\u0131.<\/p>\n<h4 style=\"text-align: left;\">Bir Dakika Britanya<\/h4>\n<p style=\"text-align: left;\">1 Aral\u0131k 2020\u2019de ilk yay\u0131n\u0131na ba\u015flad\u0131\u011f\u0131m\u0131z<a href=\"https:\/\/www.instagram.com\/p\/CRaKX80KzmV\/\" target=\"_blank\" rel=\"noopener\"><strong>&nbsp;\u201cBir Dakika Britanya\u201d<\/strong>&nbsp;<\/a>ile hafta i\u00e7i her g\u00fcn g\u00fcncel konular\u0131ndan olu\u015fan k\u0131sa bir b\u00fclten yay\u0131nl\u0131yoruz. Bu b\u00fcltende uygulad\u0131\u011f\u0131m\u0131z bant reklam format\u0131 ile reklam veren ki\u015fi ve kurumlar tek videoda binlerce ki\u015fiye ula\u015f\u0131yor. Bir Dakika Britanya ile \u0130ngiltere g\u00fcncel haberlerini ka\u00e7\u0131rmay\u0131n.&nbsp;<\/p>\n<div id=\"attachment_11940\" style=\"width: 2570px\" class=\"wp-caption alignleft\"><img loading=\"lazy\" decoding=\"async\" aria-describedby=\"caption-attachment-11940\" class=\"wp-image-11940 size-full\" src=\"https:\/\/by-tv.co.uk\/wp-content\/uploads\/2021\/07\/Facebook-Cover-new-scaled.jpg\" alt=\"\" width=\"2560\" height=\"948\" title=\"\"><p id=\"caption-attachment-11940\" class=\"wp-caption-text\">\u0130ngiltere g\u00fcncel haberler, Bir Dakika Britanya ile hafta i\u00e7i her g\u00fcn yay\u0131nda.<\/p><\/div>\n<h4 style=\"text-align: left;\">\u0130ngiltere ve Londra Seri \u0130lanlar<\/h4>\n<p style=\"text-align: left;\">Hem grafik reklamlar\u0131n\u0131z hem de video bant reklamlar\u0131n\u0131z i\u00e7in kreatif ekibimiz imdad\u0131n\u0131za yeti\u015fiyor. Teklif almak i\u00e7in hemen bizi aray\u0131n !&nbsp;<strong><a href=\"https:\/\/api.whatsapp.com\/message\/NDZLLIOQT4H3O1\" target=\"_blank\" rel=\"noopener\">07857359643<\/a><\/strong><\/p>\n<p style=\"text-align: left;\">#ingilteret\u00fcrkleri #yurtd\u0131\u015f\u0131e\u011fitim #londral\u0131t\u00fcrkler #londra #londratvprogram #ingilteret\u00fcrkiye #t\u00fcrkiyeingiltere #londrae\u011fitim #ingilteree\u011fitim #ankaraanla\u015fmas\u0131 #yurtd\u0131\u015f\u0131vize #isko\u00e7ya #galler #kuzeyirlanda #cardiff #edinburgh #kraliyetailesi #birle\u015fikkrall\u0131k #birdakikabritanya<\/p>\n<\/div>\n<\/div>\n<\/div>\n<div id=\"briti-3872867413\" class=\"briti-icerikten-sonra_2\" style=\"margin-top: 25px;margin-bottom: 25px;\"><a href=\"https:\/\/wa.me\/message\/NDZLLIOQT4H3O1\" aria-label=\"bytv reklam banner\"><img loading=\"lazy\" decoding=\"async\" src=\"https:\/\/by-tv.co.uk\/wp-content\/uploads\/2025\/12\/bytv-reklam-banner.jpg\" alt=\"\"  width=\"2376\" height=\"1008\"   \/><\/a><\/div>","protected":false},"excerpt":{"rendered":"<p>\u0130ngiltere g\u00fcncel haberler, Bir Dakika Britanya ile hafta i\u00e7i her g\u00fcn yay\u0131nda. #birdakikabritanya 1 dakikada #Britanya Hafta i\u00e7i her g\u00fcn burada Britanya g\u00fcndeminin 60 saniyelik \u00f6zeti &nbsp; &nbsp; &nbsp; COVID-19: G\u00dcNL\u00dcK 170 \u00d6L\u00dcM B\u0130LD\u0130R\u0130LD\u0130 \u0130ngiltere Sal\u0131 g\u00fcn\u00fc 26.852 yeni Covid vakas\u0131 ve koronavir\u00fcse ba\u011fl\u0131 170 yeni \u00f6l\u00fcm bildirdi. \u00dclkede n\u00fcfusun % 89.6&#8217;s\u0131 bir doz Covid a\u015f\u0131s\u0131na sahipken,% 77.2&#8217;si iki dozla tamamen a\u015f\u0131land\u0131. ORTALAMA MAA\u015e % 7.4 ARTTI Resmi rakamlara g\u00f6re, \u0130ngiltere&#8217;de ortalama maa\u015f %7,4 artt\u0131 ve i\u015f ilanlar\u0131 Temmuz ay\u0131na kadar ge\u00e7en \u00fc\u00e7 ayda 953.000&#8217;e ula\u015farak rekor k\u0131rd\u0131. MHRA: MODERNA, 12-15 YA\u015e ARASI \u0130\u00c7\u0130N UYGUN \u0130ngiltere&#8217;deki ila\u00e7 d\u00fczenleyicisi MHRA, Moderna [&hellip;]<\/p>\n","protected":false},"author":1,"featured_media":12330,"comment_status":"open","ping_status":"open","sticky":false,"template":"","format":"standard","meta":{"ngg_post_thumbnail":0,"footnotes":""},"categories":[1],"tags":[],"class_list":["post-12329","post","type-post","status-publish","format-standard","has-post-thumbnail","hentry","category-genel"],"_links":{"self":[{"href":"https:\/\/by-tv.co.uk\/en\/wp-json\/wp\/v2\/posts\/12329","targetHints":{"allow":["GET"]}}],"collection":[{"href":"https:\/\/by-tv.co.uk\/en\/wp-json\/wp\/v2\/posts"}],"about":[{"href":"https:\/\/by-tv.co.uk\/en\/wp-json\/wp\/v2\/types\/post"}],"author":[{"embeddable":true,"href":"https:\/\/by-tv.co.uk\/en\/wp-json\/wp\/v2\/users\/1"}],"replies":[{"embeddable":true,"href":"https:\/\/by-tv.co.uk\/en\/wp-json\/wp\/v2\/comments?post=12329"}],"version-history":[{"count":0,"href":"https:\/\/by-tv.co.uk\/en\/wp-json\/wp\/v2\/posts\/12329\/revisions"}],"wp:featuredmedia":[{"embeddable":true,"href":"https:\/\/by-tv.co.uk\/en\/wp-json\/wp\/v2\/media\/12330"}],"wp:attachment":[{"href":"https:\/\/by-tv.co.uk\/en\/wp-json\/wp\/v2\/media?parent=12329"}],"wp:term":[{"taxonomy":"category","embeddable":true,"href":"https:\/\/by-tv.co.uk\/en\/wp-json\/wp\/v2\/categories?post=12329"},{"taxonomy":"post_tag","embeddable":true,"href":"https:\/\/by-tv.co.uk\/en\/wp-json\/wp\/v2\/tags?post=12329"}],"curies":[{"name":"wp","href":"https:\/\/api.w.org\/{rel}","templated":true}]}}