{"id":12218,"date":"2021-08-09T23:10:09","date_gmt":"2021-08-09T22:10:09","guid":{"rendered":"https:\/\/by-tv.co.uk\/?p=12218"},"modified":"2021-08-09T23:11:50","modified_gmt":"2021-08-09T22:11:50","slug":"bir-dakika-britanya-ile-ingiltere-guncel-haberler-9-agustos-2021","status":"publish","type":"post","link":"https:\/\/by-tv.co.uk\/en\/bir-dakika-britanya-ile-ingiltere-guncel-haberler-9-agustos-2021\/","title":{"rendered":"Bir Dakika Britanya ile \u0130ngiltere g\u00fcncel haberler, 9 A\u011fustos 2021"},"content":{"rendered":"<div class=\"\" data-block=\"true\" data-editor=\"ehltf\" data-offset-key=\"7qigv-0-0\">\n<div class=\"_1mf _1mj\" style=\"text-align: left;\" data-offset-key=\"7qigv-0-0\">\u0130ngiltere g\u00fcncel haberler, Bir Dakika Britanya ile hafta i\u00e7i her g\u00fcn yay\u0131nda.<br \/>\n#9A\u011fustos2021 #birdakikabritanya<br \/>\n1 dakikada #Britanya<br \/>\nHafta i\u00e7i her g\u00fcn burada<br \/>\nBritanya g\u00fcndeminin 60 saniyelik \u00f6zeti<\/div>\n<p><iframe loading=\"lazy\" title=\"YouTube video player\" src=\"https:\/\/www.youtube.com\/embed\/jkMDzk7xewQ\" width=\"791\" height=\"723\" frameborder=\"0\" allowfullscreen=\"allowfullscreen\"><\/iframe><\/p>\n<\/div>\n<div data-offset-key=\"7qigv-0-0\">&nbsp;<\/div>\n<div class=\"\" data-block=\"true\" data-editor=\"ehltf\" data-offset-key=\"7qigv-0-0\">\n<p><span style=\"font-family: -apple-system, BlinkMacSystemFont, 'segoe ui', Roboto, Oxygen-Sans, Ubuntu, Cantarell, 'helvetica neue', sans-serif; font-size: 1.563em; font-weight: bold;\">\u0130ngiltere, Luka\u015fenko\u2019yu affetmiyor<\/span><\/p>\n<\/div>\n<div data-block=\"true\" data-editor=\"ehltf\" data-offset-key=\"4hmlp-0-0\">\n<p><span style=\"font-weight: 400;\">\u0130ngiltere Belarus&#8217;ta Cumhurba\u015fkan\u0131 Aleksandr Luka\u015fenko rejimi taraf\u0131ndan yap\u0131lan demokrasi ve insan haklar\u0131 ihlalleri sebebiyle bu \u00fclkeye y\u00f6nelik ticaret, finans ve havac\u0131l\u0131k alanlar\u0131nda yapt\u0131r\u0131m karar\u0131 ald\u0131klar\u0131n\u0131 duyurdu.<\/span><\/p>\n<h4>A\u015f\u0131 kar\u015f\u0131tlar\u0131 BBC\u2019ye girmeye \u00e7al\u0131\u015ft\u0131<\/h4>\n<p><span style=\"font-weight: 400;\">\u0130ngiltere&#8217;de a\u015f\u0131 kar\u015f\u0131t\u0131 \u00e7ok say\u0131da g\u00f6sterici, ba\u015fkent Londra&#8217;daki BBC&#8217;ye ait eski televizyon st\u00fcdyolar\u0131na zorla girmeye \u00e7al\u0131\u015ft\u0131. Protestocular a\u015f\u0131 pasaportlar\u0131n\u0131 ve \u00e7ocuklara y\u00f6nelik a\u015f\u0131lar\u0131 protesto etti.<\/span><\/p><div id=\"briti-3155892656\" class=\"briti-icerik\" style=\"margin-top: 5px;margin-bottom: 5px;\"><a href=\"https:\/\/piaryum.com\/services\/\" aria-label=\"piaryum banner\"><img loading=\"lazy\" decoding=\"async\" src=\"https:\/\/by-tv.co.uk\/wp-content\/uploads\/2025\/12\/Gemini_Generated_Image_g5yqr1g5yqr1g5yq.jpg\" alt=\"\"  width=\"2064\" height=\"1152\"   \/><\/a><\/div>\n<h4>Covid a\u015f\u0131s\u0131 olan \u00f6\u011frencilere 5000 sterlinlik \u00e7ekili\u015f<\/h4>\n<p><span style=\"font-weight: 400;\">Sussex \u00dcniversitesi yeni akademik y\u0131l\u0131n ba\u015f\u0131nda Kovid-19 a\u015f\u0131lama oranlar\u0131n\u0131 art\u0131rmak i\u00e7in rastgele a\u015f\u0131lanm\u0131\u015f \u00f6\u011frencilerden baz\u0131lar\u0131na 5000 sterlin \u00f6d\u00fcl verecek. Kamp\u00fcste kay\u0131tl\u0131 ve e\u011fitim g\u00f6ren t\u00fcm Sussex \u00dcniversitesi \u00f6\u011frencileri \u00e7ekili\u015fe otomatik olarak dahil edilecektir.<\/span><\/p>\n<h4>Kamu personeli ofislere d\u00f6necek<\/h4>\n<p><span style=\"font-weight: 400;\">\u0130ngiltere H\u00fck\u00fcmeti, uzun s\u00fcredir evden \u00e7al\u0131\u015fan \u00e7ok say\u0131da kamu personelini ofislere d\u00f6nd\u00fcrmeye \u00e7al\u0131\u015f\u0131yor. H\u00fck\u00fcmet mevcut durumda hesap verilebilirli\u011fin azald\u0131\u011f\u0131 gerek\u00e7esiyle, \u00e7al\u0131\u015fanlar\u0131na Ekim ay\u0131na kadar haftada en az \u00fc\u00e7 g\u00fcn ofisten \u00e7al\u0131\u015fma emri vermesi bekleniyor.<\/span><\/p>\n<\/div>\n<div class=\"\" style=\"text-align: left;\" data-block=\"true\" data-editor=\"ehltf\" data-offset-key=\"j98o-0-0\">\n<div class=\"_1mf _1mj\" data-offset-key=\"j98o-0-0\">&nbsp;<\/div>\n<\/div>\n<div class=\"\" data-block=\"true\" data-editor=\"ehltf\" data-offset-key=\"2qgai-0-0\">\n<div class=\"_1mf _1mj\" data-offset-key=\"2qgai-0-0\">\n<h5 style=\"text-align: left;\"><a href=\"https:\/\/by-tv.co.uk\/en\/?s=bir+dakika+britanya\"><strong>Bir Dakika Britanya<\/strong><\/a><\/h5>\n<div id=\"attachment_11744\" style=\"width: 1090px\" class=\"wp-caption alignleft\"><a href=\"https:\/\/www.instagram.com\/explore\/tags\/birdakikabritanya\/\" target=\"_blank\" rel=\"noopener\"><img loading=\"lazy\" decoding=\"async\" aria-describedby=\"caption-attachment-11744\" class=\"wp-image-11744 size-full\" src=\"https:\/\/by-tv.co.uk\/wp-content\/uploads\/2021\/07\/1-dk-britanya-3.jpg\" alt=\"\" width=\"1080\" height=\"1080\" title=\"\"><\/a><p id=\"caption-attachment-11744\" class=\"wp-caption-text\">Bir Dakika Britanya ile \u0130ngiltere g\u00fcncel haberler, 23 Temmuz 2021<\/p><\/div>\n<p style=\"text-align: left;\">Bir Dakika Britanya b\u00fcltenine reklam vermek i\u00e7in hemen aray\u0131n veya WhatsApp\u2019tan mesaj at\u0131n biz sizi arayal\u0131m! <a href=\"https:\/\/api.whatsapp.com\/message\/NDZLLIOQT4H3O1\" target=\"_blank\" rel=\"noopener\">07857359643<\/a><\/p>\n<p style=\"text-align: left;\"><strong><a href=\"https:\/\/api.whatsapp.com\/message\/NDZLLIOQT4H3O1\" target=\"_blank\" rel=\"noopener\">WhatsApp\u2019tan Ara veya Mesaj G\u00f6nder!<\/a><\/strong><\/p>\n<h4 style=\"text-align: left;\">Neden Brit \u0130\u015f Ya\u015fam TV?<\/h4>\n<p style=\"text-align: left;\">Brit \u0130\u015f Ya\u015fam TV; ad\u0131ndan da anla\u015f\u0131laca\u011f\u0131 gibi daha \u00e7ok \u0130ngiltere\u2019deki ve a\u011f\u0131rl\u0131kl\u0131 olarak Ba\u015fkent Londra\u2019daki i\u015f ve ya\u015fam haberlerine odaklanm\u0131\u015f \u0130ngiltere\u2019de T\u00fcrk\u00e7e yay\u0131n yapan tematik bir haber sitesidir. Haber sitemizde ve sosyal medya hesaplar\u0131m\u0131zda abart\u0131l\u0131, yan\u0131lt\u0131c\u0131, toplumu geren, mesnetsiz ve sa\u011flam kaynaklara dayanmayan haberlerden ka\u00e7\u0131n\u0131yoruz. \u0130ngiltere g\u00fcncel haberleri hafta i\u00e7i her g\u00fcn ekran\u0131n\u0131za getiriyoruz.<\/p>\n<p style=\"text-align: left;\">\ud83d\udde8\ufe0fHer hafta \u0130ngiltere\u2019deki yat\u0131r\u0131m f\u0131rsatlar\u0131n\u0131, yat\u0131r\u0131m iklimini ve ticaret yapman\u0131n p\u00fcf noktalar\u0131n\u0131n yer ald\u0131\u011f\u0131 ve Genel Yay\u0131n Y\u00f6netmenimiz&nbsp;<strong><a href=\"https:\/\/www.linkedin.com\/in\/erginbbo\/\" target=\"_blank\" rel=\"noopener\">Ergin Balabeyo\u011flu<\/a><\/strong>&nbsp;ve Yay\u0131n Dan\u0131\u015fman\u0131m\u0131z, T\u00fcrk \u0130ngiliz Ticaret ve Sanayi Odas\u0131 Y\u00f6netim Kurulu \u00dcyesi&nbsp;<strong><a href=\"https:\/\/www.linkedin.com\/in\/kemal-sidar\/\" target=\"_blank\" rel=\"noopener\">Kemal Sidar\u2019<\/a><\/strong>\u0131n ortakla\u015fa haz\u0131rlad\u0131\u011f\u0131<strong><a href=\"https:\/\/by-tv.co.uk\/en\/ingilterede-is-ve-yatirim-ev-tekstili-sektoru-17-bolum\/\">&nbsp;\u201c\u0130ngiltere\u2019de \u0130\u015f ve Yat\u0131r\u0131m\u201d<\/a>&nbsp;<\/strong>&nbsp;program\u0131 \u0130ngiltere\u2019de i\u015f ve yat\u0131r\u0131m yapmak isteyenlere \u00f6nemli bir rehber haline geldi. 20 b\u00f6l\u00fcmden fazla haz\u0131rlanan programda tekstilden g\u0131daya, ula\u015f\u0131mdan lojisti\u011fe, payla\u015f\u0131m ekonomisinden e-ticarete kadar onlarca konuda uzman konuklar yer ald\u0131.<\/p>\n<h4 style=\"text-align: left;\">Bir Dakika Britanya<\/h4>\n<p style=\"text-align: left;\">1 Aral\u0131k 2020\u2019de ilk yay\u0131n\u0131na ba\u015flad\u0131\u011f\u0131m\u0131z<a href=\"https:\/\/www.instagram.com\/p\/CRaKX80KzmV\/\" target=\"_blank\" rel=\"noopener\"><strong>&nbsp;\u201cBir Dakika Britanya\u201d<\/strong>&nbsp;<\/a>ile hafta i\u00e7i her g\u00fcn g\u00fcncel konular\u0131ndan olu\u015fan k\u0131sa bir b\u00fclten yay\u0131nl\u0131yoruz. Bu b\u00fcltende uygulad\u0131\u011f\u0131m\u0131z bant reklam format\u0131 ile reklam veren ki\u015fi ve kurumlar tek videoda binlerce ki\u015fiye ula\u015f\u0131yor. Bir Dakika Britanya ile \u0130ngiltere g\u00fcncel haberlerini ka\u00e7\u0131rmay\u0131n.&nbsp;<\/p>\n<div id=\"attachment_11940\" style=\"width: 2570px\" class=\"wp-caption alignleft\"><img loading=\"lazy\" decoding=\"async\" aria-describedby=\"caption-attachment-11940\" class=\"wp-image-11940 size-full\" src=\"https:\/\/by-tv.co.uk\/wp-content\/uploads\/2021\/07\/Facebook-Cover-new-scaled.jpg\" alt=\"\" width=\"2560\" height=\"948\" title=\"\"><p id=\"caption-attachment-11940\" class=\"wp-caption-text\">\u0130ngiltere g\u00fcncel haberler, Bir Dakika Britanya ile hafta i\u00e7i her g\u00fcn yay\u0131nda.<\/p><\/div>\n<h4 style=\"text-align: left;\">\u0130ngiltere ve Londra Seri \u0130lanlar<\/h4>\n<p style=\"text-align: left;\">Hem grafik reklamlar\u0131n\u0131z hem de video bant reklamlar\u0131n\u0131z i\u00e7in kreatif ekibimiz imdad\u0131n\u0131za yeti\u015fiyor. Teklif almak i\u00e7in hemen bizi aray\u0131n !&nbsp;<strong><a href=\"https:\/\/api.whatsapp.com\/message\/NDZLLIOQT4H3O1\" target=\"_blank\" rel=\"noopener\">07857359643<\/a><\/strong><\/p>\n<p style=\"text-align: left;\">#ingilteret\u00fcrkleri #yurtd\u0131\u015f\u0131e\u011fitim #londral\u0131t\u00fcrkler #londra #londratvprogram #ingilteret\u00fcrkiye #t\u00fcrkiyeingiltere #londrae\u011fitim #ingilteree\u011fitim #ankaraanla\u015fmas\u0131 #yurtd\u0131\u015f\u0131vize #isko\u00e7ya #galler #kuzeyirlanda #cardiff #edinburgh #kraliyetailesi #birle\u015fikkrall\u0131k #birdakikabritanya<\/p>\n<\/div>\n<\/div>\n<div id=\"briti-2075374239\" class=\"briti-icerikten-sonra_2\" style=\"margin-top: 25px;margin-bottom: 25px;\"><a href=\"https:\/\/wa.me\/message\/NDZLLIOQT4H3O1\" aria-label=\"bytv reklam banner\"><img loading=\"lazy\" decoding=\"async\" src=\"https:\/\/by-tv.co.uk\/wp-content\/uploads\/2025\/12\/bytv-reklam-banner.jpg\" alt=\"\"  width=\"2376\" height=\"1008\"   \/><\/a><\/div>","protected":false},"excerpt":{"rendered":"<p>\u0130ngiltere g\u00fcncel haberler, Bir Dakika Britanya ile hafta i\u00e7i her g\u00fcn yay\u0131nda. #9A\u011fustos2021 #birdakikabritanya 1 dakikada #Britanya Hafta i\u00e7i her g\u00fcn burada Britanya g\u00fcndeminin 60 saniyelik \u00f6zeti &nbsp; \u0130ngiltere, Luka\u015fenko\u2019yu affetmiyor \u0130ngiltere Belarus&#8217;ta Cumhurba\u015fkan\u0131 Aleksandr Luka\u015fenko rejimi taraf\u0131ndan yap\u0131lan demokrasi ve insan haklar\u0131 ihlalleri sebebiyle bu \u00fclkeye y\u00f6nelik ticaret, finans ve havac\u0131l\u0131k alanlar\u0131nda yapt\u0131r\u0131m karar\u0131 ald\u0131klar\u0131n\u0131 duyurdu. A\u015f\u0131 kar\u015f\u0131tlar\u0131 BBC\u2019ye girmeye \u00e7al\u0131\u015ft\u0131 \u0130ngiltere&#8217;de a\u015f\u0131 kar\u015f\u0131t\u0131 \u00e7ok say\u0131da g\u00f6sterici, ba\u015fkent Londra&#8217;daki BBC&#8217;ye ait eski televizyon st\u00fcdyolar\u0131na zorla girmeye \u00e7al\u0131\u015ft\u0131. Protestocular a\u015f\u0131 pasaportlar\u0131n\u0131 ve \u00e7ocuklara y\u00f6nelik a\u015f\u0131lar\u0131 protesto etti. Covid a\u015f\u0131s\u0131 olan \u00f6\u011frencilere 5000 sterlinlik \u00e7ekili\u015f Sussex \u00dcniversitesi yeni akademik y\u0131l\u0131n ba\u015f\u0131nda [&hellip;]<\/p>\n","protected":false},"author":1,"featured_media":12221,"comment_status":"open","ping_status":"open","sticky":false,"template":"","format":"standard","meta":{"ngg_post_thumbnail":0,"footnotes":""},"categories":[1],"tags":[149,228],"class_list":["post-12218","post","type-post","status-publish","format-standard","has-post-thumbnail","hentry","category-genel","tag-ingiltere","tag-londra"],"_links":{"self":[{"href":"https:\/\/by-tv.co.uk\/en\/wp-json\/wp\/v2\/posts\/12218","targetHints":{"allow":["GET"]}}],"collection":[{"href":"https:\/\/by-tv.co.uk\/en\/wp-json\/wp\/v2\/posts"}],"about":[{"href":"https:\/\/by-tv.co.uk\/en\/wp-json\/wp\/v2\/types\/post"}],"author":[{"embeddable":true,"href":"https:\/\/by-tv.co.uk\/en\/wp-json\/wp\/v2\/users\/1"}],"replies":[{"embeddable":true,"href":"https:\/\/by-tv.co.uk\/en\/wp-json\/wp\/v2\/comments?post=12218"}],"version-history":[{"count":0,"href":"https:\/\/by-tv.co.uk\/en\/wp-json\/wp\/v2\/posts\/12218\/revisions"}],"wp:featuredmedia":[{"embeddable":true,"href":"https:\/\/by-tv.co.uk\/en\/wp-json\/wp\/v2\/media\/12221"}],"wp:attachment":[{"href":"https:\/\/by-tv.co.uk\/en\/wp-json\/wp\/v2\/media?parent=12218"}],"wp:term":[{"taxonomy":"category","embeddable":true,"href":"https:\/\/by-tv.co.uk\/en\/wp-json\/wp\/v2\/categories?post=12218"},{"taxonomy":"post_tag","embeddable":true,"href":"https:\/\/by-tv.co.uk\/en\/wp-json\/wp\/v2\/tags?post=12218"}],"curies":[{"name":"wp","href":"https:\/\/api.w.org\/{rel}","templated":true}]}}