{"id":12167,"date":"2021-08-05T11:17:12","date_gmt":"2021-08-05T10:17:12","guid":{"rendered":"https:\/\/by-tv.co.uk\/?p=12167"},"modified":"2021-08-05T11:18:04","modified_gmt":"2021-08-05T10:18:04","slug":"ingilterede-18-34-yas-arasi-covid-hastanesi-vakalarinin-besincisi","status":"publish","type":"post","link":"https:\/\/by-tv.co.uk\/en\/ingilterede-18-34-yas-arasi-covid-hastanesi-vakalarinin-besincisi\/","title":{"rendered":"\u0130ngiltere; 18-34 ya\u015f aras\u0131ndaki gen\u00e7leri a\u015f\u0131ya ikna etmeye \u00e7al\u0131\u015f\u0131yor"},"content":{"rendered":"<p>NHS&#8217;nin yeni CEO&#8217;su Amanda Pritchard ilk b\u00fcy\u00fck r\u00f6portaj\u0131nda BBC&#8217;den <a href=\"https:\/\/www.bbc.co.uk\/news\/health-58095503\" target=\"_blank\" rel=\"noopener\">Hugh Pym<\/a>&#8216;e verdi\u011fi deme\u00e7te, yakla\u015f\u0131k 1000 gen\u00e7 yeti\u015fkinin hastanede &#8220;ger\u00e7ekten iyi olmad\u0131\u011f\u0131n\u0131&#8221; ve gen\u00e7lerin a\u015f\u0131lanmas\u0131n\u0131n &#8220;\u00e7ok \u00f6nemli&#8221; oldu\u011funu s\u00f6yledi.<\/p>\n<p>K\u0131\u015f dalgalanmas\u0131 s\u0131ras\u0131nda hastanede olanlar\u0131n yakla\u015f\u0131k % 5,5&#8217;i gen\u00e7 yeti\u015fkinlerdi, bu oran \u015fu anda yakla\u015f\u0131k % 20&#8217;lerde.<\/p>\n<p>Pritchard; ba\u011f\u0131\u015f\u0131kl\u0131klar\u0131 g\u00fc\u00e7l\u00fc olmayanlar\u0131n kendilerini korumak i\u00e7in yapabilecekleri en iyi \u015fey bu a\u015f\u0131y\u0131 yapt\u0131rmak dedi.<\/p><div id=\"briti-346634178\" class=\"briti-icerik\" style=\"margin-top: 5px;margin-bottom: 5px;\"><a href=\"https:\/\/piaryum.com\/services\/\" aria-label=\"piaryum banner\"><img loading=\"lazy\" decoding=\"async\" src=\"https:\/\/by-tv.co.uk\/wp-content\/uploads\/2025\/12\/Gemini_Generated_Image_g5yqr1g5yqr1g5yq.jpg\" alt=\"\"  width=\"2064\" height=\"1152\"   \/><\/a><\/div>\n<p>\u0130ngiltere&#8217;deki yeti\u015fkinlerin % 89&#8217;una ilk doz a\u015f\u0131, yakla\u015f\u0131k% 73&#8217;\u00fcne&nbsp; ise iki a\u015f\u0131 yap\u0131ld\u0131.<\/p>\n<p>\u0130ngiltere&#8217;deki 16 ve 17 ya\u015f\u0131ndaki t\u00fcm \u00e7ocuklar, a\u015f\u0131 uzmanlar\u0131n\u0131n tavsiyesi \u00fczerine haftalar i\u00e7inde Covid a\u015f\u0131s\u0131n\u0131n ilk dozunu almaya ba\u015flayacak.<\/p>\n<p>Ge\u00e7en hafta doktorlar, yo\u011fun bak\u0131m ko\u011fu\u015flar\u0131 da dahil olmak \u00fczere artan say\u0131da koronavir\u00fcsl\u00fc gencin hastaneye yat\u0131r\u0131ld\u0131\u011f\u0131 konusunda uyard\u0131lar. Vaka oranlar\u0131 20&#8217;li ya\u015flardaki insanlar i\u00e7in en y\u00fcksektir.&nbsp;&nbsp;<\/p>\n<p>Uzmanlar, 18 ila 34 ya\u015f\u0131ndakilerin geri kalan \u00fc\u00e7te birini a\u015f\u0131ya ikna etmek i\u00e7in rol modellerden daha net bilgi ve mesaj \u00e7a\u011fr\u0131s\u0131nda bulundular.<\/p>\n<p>Ge\u00e7en ay, bakanlar a\u015f\u0131 pasaportlar\u0131n\u0131 \u00f6\u011frenciler i\u00e7in zorunlu hale getirmeyi d\u00fc\u015f\u00fcn\u00fcyorlard\u0131, ancak daha sonra bu fikirden vazge\u00e7tiler.<\/p>\n<p><a href=\"https:\/\/www.theguardian.com\/world\/2021\/aug\/05\/fifth-of-covid-hospital-admissions-are-aged-18-34-says-nhs-england\" target=\"_blank\" rel=\"noopener\">Pritchard<\/a>, a\u015f\u0131 program\u0131n\u0131n insanlar\u0131 hastaneden uzak tutmada ve tahmini 60 bin ki\u015finin hayat\u0131n\u0131 kurtarmada &#8220;b\u00fcy\u00fck bir etkisi&#8221; oldu\u011funu s\u00f6yledi.<\/p>\n<p>&#8220;NHS personelinin ve g\u00f6n\u00fcll\u00fclerinin s\u0131k\u0131 \u00e7al\u0131\u015fmalar\u0131 sayesinde, neredeyse her 10 yeti\u015fkinden dokuzu ilk Covid-19 a\u015f\u0131s\u0131n\u0131 yapt\u0131rd\u0131 ve 32 milyondan fazlas\u0131 \u015fu anda sa\u011fl\u0131k hizmeti tarihindeki en b\u00fcy\u00fck ve en ba\u015far\u0131l\u0131 a\u015f\u0131laman\u0131n bir par\u00e7as\u0131 olarak her iki dozu da ald\u0131.&#8221;<\/p>\n<p>Daha \u00f6nce NHS \u0130ngiltere&#8217;nin operasyon direkt\u00f6r\u00fc olan Pritchard, 1 A\u011fustos&#8217;ta Simon Stevens&#8217;tan ba\u015f y\u00f6netici olarak g\u00f6revi devrald\u0131.<\/p>\n<div id=\"briti-3521664397\" class=\"briti-icerikten-sonra_2\" style=\"margin-top: 25px;margin-bottom: 25px;\"><a href=\"https:\/\/wa.me\/message\/NDZLLIOQT4H3O1\" aria-label=\"bytv reklam banner\"><img loading=\"lazy\" decoding=\"async\" src=\"https:\/\/by-tv.co.uk\/wp-content\/uploads\/2025\/12\/bytv-reklam-banner.jpg\" alt=\"\"  width=\"2376\" height=\"1008\"   \/><\/a><\/div>","protected":false},"excerpt":{"rendered":"<p>NHS&#8217;nin yeni CEO&#8217;su Amanda Pritchard ilk b\u00fcy\u00fck r\u00f6portaj\u0131nda BBC&#8217;den Hugh Pym&#8216;e verdi\u011fi deme\u00e7te, yakla\u015f\u0131k 1000 gen\u00e7 yeti\u015fkinin hastanede &#8220;ger\u00e7ekten iyi olmad\u0131\u011f\u0131n\u0131&#8221; ve gen\u00e7lerin a\u015f\u0131lanmas\u0131n\u0131n &#8220;\u00e7ok \u00f6nemli&#8221; oldu\u011funu s\u00f6yledi. K\u0131\u015f dalgalanmas\u0131 s\u0131ras\u0131nda hastanede olanlar\u0131n yakla\u015f\u0131k % 5,5&#8217;i gen\u00e7 yeti\u015fkinlerdi, bu oran \u015fu anda yakla\u015f\u0131k % 20&#8217;lerde. Pritchard; ba\u011f\u0131\u015f\u0131kl\u0131klar\u0131 g\u00fc\u00e7l\u00fc olmayanlar\u0131n kendilerini korumak i\u00e7in yapabilecekleri en iyi \u015fey bu a\u015f\u0131y\u0131 yapt\u0131rmak dedi. \u0130ngiltere&#8217;deki yeti\u015fkinlerin % 89&#8217;una ilk doz a\u015f\u0131, yakla\u015f\u0131k% 73&#8217;\u00fcne&nbsp; ise iki a\u015f\u0131 yap\u0131ld\u0131. \u0130ngiltere&#8217;deki 16 ve 17 ya\u015f\u0131ndaki t\u00fcm \u00e7ocuklar, a\u015f\u0131 uzmanlar\u0131n\u0131n tavsiyesi \u00fczerine haftalar i\u00e7inde Covid a\u015f\u0131s\u0131n\u0131n ilk dozunu almaya ba\u015flayacak. Ge\u00e7en hafta doktorlar, yo\u011fun bak\u0131m ko\u011fu\u015flar\u0131 da dahil [&hellip;]<\/p>\n","protected":false},"author":1,"featured_media":12168,"comment_status":"open","ping_status":"open","sticky":false,"template":"","format":"standard","meta":{"ngg_post_thumbnail":0,"footnotes":""},"categories":[15],"tags":[],"class_list":["post-12167","post","type-post","status-publish","format-standard","has-post-thumbnail","hentry","category-ingiltere"],"_links":{"self":[{"href":"https:\/\/by-tv.co.uk\/en\/wp-json\/wp\/v2\/posts\/12167","targetHints":{"allow":["GET"]}}],"collection":[{"href":"https:\/\/by-tv.co.uk\/en\/wp-json\/wp\/v2\/posts"}],"about":[{"href":"https:\/\/by-tv.co.uk\/en\/wp-json\/wp\/v2\/types\/post"}],"author":[{"embeddable":true,"href":"https:\/\/by-tv.co.uk\/en\/wp-json\/wp\/v2\/users\/1"}],"replies":[{"embeddable":true,"href":"https:\/\/by-tv.co.uk\/en\/wp-json\/wp\/v2\/comments?post=12167"}],"version-history":[{"count":0,"href":"https:\/\/by-tv.co.uk\/en\/wp-json\/wp\/v2\/posts\/12167\/revisions"}],"wp:featuredmedia":[{"embeddable":true,"href":"https:\/\/by-tv.co.uk\/en\/wp-json\/wp\/v2\/media\/12168"}],"wp:attachment":[{"href":"https:\/\/by-tv.co.uk\/en\/wp-json\/wp\/v2\/media?parent=12167"}],"wp:term":[{"taxonomy":"category","embeddable":true,"href":"https:\/\/by-tv.co.uk\/en\/wp-json\/wp\/v2\/categories?post=12167"},{"taxonomy":"post_tag","embeddable":true,"href":"https:\/\/by-tv.co.uk\/en\/wp-json\/wp\/v2\/tags?post=12167"}],"curies":[{"name":"wp","href":"https:\/\/api.w.org\/{rel}","templated":true}]}}