{"id":12158,"date":"2021-08-04T22:07:33","date_gmt":"2021-08-04T21:07:33","guid":{"rendered":"https:\/\/by-tv.co.uk\/?p=12158"},"modified":"2021-08-05T00:16:41","modified_gmt":"2021-08-04T23:16:41","slug":"son-dakika-ingiltere-turkiyeyi-yine-kirmizi-seyahat-listesinden-cikarmadi","status":"publish","type":"post","link":"https:\/\/by-tv.co.uk\/en\/son-dakika-ingiltere-turkiyeyi-yine-kirmizi-seyahat-listesinden-cikarmadi\/","title":{"rendered":"Son Dakika: \u0130ngiltere T\u00fcrkiye&#8217;yi yine k\u0131rm\u0131z\u0131 seyahat listesinden \u00e7\u0131karmad\u0131"},"content":{"rendered":"<p>\u0130ngiltere T\u00fcrkiye&#8217;yi yine k\u0131rm\u0131z\u0131 seyahat listesinden \u00e7\u0131karmad\u0131. Yang\u0131nlarla m\u00fccadele eden T\u00fcrkiye i\u00e7in Birle\u015fik Krall\u0131k 12 May\u0131s&#8217;tan beri k\u0131rm\u0131z\u0131 seyahat kural\u0131n\u0131 uyguluyor.&nbsp;<\/p>\n<p>\u0130ngiltere trafik \u0131\u015f\u0131\u011f\u0131na benzetti\u011fi seyahat listesini bu ak\u015fam g\u00fcncelledi. Son g\u00fcncellemede de T\u00fcrkiye&#8217;nin k\u0131rm\u0131z\u0131 olan seyahat durumu de\u011fi\u015fmedi. Delta varyant\u0131n\u0131n ortaya \u00e7\u0131kt\u0131\u011f\u0131 yer olan Hindistan&#8217;\u0131n amber (sar\u0131 listeye) al\u0131nmas\u0131 ele\u015ftirilere sebep oldu. Hindistan&#8217;\u0131n n\u00fcfusunun sadece % 7.9 tam a\u015f\u0131lanm\u0131\u015f olmas\u0131 ve vaka say\u0131lar\u0131n\u0131n y\u00fcksek olmas\u0131na ra\u011fmen, vaka say\u0131s\u0131 Hindistan\u2019dan d\u00fc\u015f\u00fck olan ve ilk doz a\u015f\u0131lama oran\u0131 % 66.54 ve 2. doz a\u015f\u0131 oran\u0131 % 44.84 olan T\u00fcrkiye&#8217;nin k\u0131rm\u0131z\u0131 listede kalmas\u0131 \u015fa\u015fk\u0131nl\u0131kla kar\u015f\u0131land\u0131.<\/p>\n<p>Fransa, Pazar g\u00fcn\u00fc \u0130ngiltere saati ile 04:00&#8217;ten itibaren \u0130ngiltere&#8217;nin amber art\u0131 listesinde yer alamayacak, yani tamamen a\u015f\u0131lanm\u0131\u015f gelenler art\u0131k karantinaya girmek zorunda kalmayacak.<\/p><div id=\"briti-1130600332\" class=\"briti-icerik\" style=\"margin-top: 5px;margin-bottom: 5px;\"><a href=\"https:\/\/piaryum.com\/services\/\" aria-label=\"piaryum banner\"><img loading=\"lazy\" decoding=\"async\" src=\"https:\/\/by-tv.co.uk\/wp-content\/uploads\/2025\/12\/Gemini_Generated_Image_g5yqr1g5yqr1g5yq.jpg\" alt=\"\"  width=\"2064\" height=\"1152\"   \/><\/a><\/div>\n<p>\u00dclke, bilim insanlar\u0131n\u0131n a\u015f\u0131lara kar\u015f\u0131 daha diren\u00e7li olabilece\u011fine inand\u0131\u011f\u0131 Beta varyant\u0131 hakk\u0131ndaki endi\u015feler \u00fczerine ge\u00e7en ay listeye al\u0131nm\u0131\u015ft\u0131.<\/p>\n<p>Ayn\u0131 zamanda, Almanya, Avusturya ve Norve\u00e7 de dahil olmak \u00fczere yedi \u00fclke seyahat i\u00e7in ye\u015fil listeye eklendi.<\/p>\n<p>Ula\u015ft\u0131rma bakan\u0131, \u00fclkenin &#8220;ihtiyatl\u0131 olmaya devam etmesi gerekti\u011fini&#8221; s\u00f6yledi.<\/p>\n<p>\u00d6nceki spek\u00fclasyonlara ra\u011fmen, \u0130spanya amber listesinde kalacak ve tamamen a\u015f\u0131lanm\u0131\u015f yolcular\u0131n karantinas\u0131z bir geri d\u00f6n\u00fc\u015f\u00fcn tad\u0131n\u0131 \u00e7\u0131karmaya devam etmelerini sa\u011flayacak.<\/p>\n<p>Bununla birlikte, \u0130spanya&#8217;dan \u0130ngiltere&#8217;ye gelen yolcular\u0131n art\u0131k zorunlu kalk\u0131\u015f \u00f6ncesi test i\u00e7in &#8220;vir\u00fcs\u00fcn ve varyantlar\u0131n \u00fclkede artan yayg\u0131nl\u0131\u011f\u0131na kar\u015f\u0131 bir \u00f6nlem&#8221; olarak daha ucuz yanal ak\u0131\u015f testleri yerine PCR testi yapt\u0131rmalar\u0131 tavsiye edilmektedir.<\/p>\n<p>Ye\u015fil listede zaten 29 \u00fclke veya b\u00f6lge vard\u0131 , toplam 36&#8217;ya \u00e7\u0131kard\u0131.<\/p>\n<p>Bununla birlikte, di\u011fer \u0130ngiltere d\u0131\u015f\u0131ndaki \u0130sko\u00e7ya Galler ve Kuzey \u0130rlanda \u00fclkeleri ziyaret\u00e7ilere izin verme konusunda kendi kurallar\u0131n\u0131 uygulayacak- bu nedenle \u0130ngiltere&#8217;nin ye\u015fil listesinde olmak yolcular\u0131n bu \u00fclkeleri&nbsp; ziyaret edebileceklerini garanti etmez.<\/p>\n<blockquote class=\"twitter-tweet\">\n<p dir=\"ltr\" lang=\"en\">We&#8217;re making some changes to our travel lists\ud83d\udea6<\/p>\n<p>Firstly, we\u2019re removing the quarantine requirement for fully jabbed travellers coming back from <a href=\"https:\/\/twitter.com\/hashtag\/France?src=hash&amp;ref_src=twsrc%5Etfw\" target=\"_blank\" rel=\"noopener\">#France<\/a>.<\/p>\n<p>At the same time, we\u2019re adding key destinations \u2600\ufe0f Germany, Austria, and Norway to the Green List \ud83d\udfe2[1\/3]<\/p>\n<p>\u2014 Rt Hon Grant Shapps MP (@grantshapps) <a href=\"https:\/\/twitter.com\/grantshapps\/status\/1423023668494536707?ref_src=twsrc%5Etfw\" target=\"_blank\" rel=\"noopener\">August 4, 2021<\/a><\/p><\/blockquote>\n<p><script async=\"\" src=\"https:\/\/platform.twitter.com\/widgets.js\" charset=\"utf-8\"><\/script><\/p>\n<h3>De\u011fi\u015fiklikler:<\/h3>\n<h4>Amberden ye\u015file ge\u00e7enler<\/h4>\n<p>Avusturya, Almanya, Slovenya, Slovakya, Letonya, Romanya ve Norve\u00e7<\/p>\n<h4>K\u0131rm\u0131z\u0131dan ambere ge\u00e7enler:&nbsp;<\/h4>\n<p>Hindistan, Bahreyn, Katar ve BAE<\/p>\n<h4>Amberden k\u0131rm\u0131z\u0131ya ge\u00e7enler<\/h4>\n<p>G\u00fcrcistan, Meksika, La Reunion ve Mayotte<\/p>\n<h4>Amber art\u0131dan ambere ge\u00e7en<\/h4>\n<p>&nbsp;Fransa<\/p>\n<p><a href=\"https:\/\/www.gov.uk\/guidance\/red-amber-and-green-list-rules-for-entering-england\" target=\"_blank\" rel=\"noopener\">&#8220;Trafik \u0131\u015f\u0131\u011f\u0131&#8221;<\/a> listesinde yap\u0131lan de\u011fi\u015fikliklerin yan\u0131 s\u0131ra, k\u0131rm\u0131z\u0131 liste \u00fclkesinden gelenler i\u00e7in zorunlu olan karantina otelinde kalman\u0131n maliyeti de art\u0131yor.<\/p>\n<p>Bekar yeti\u015fkin yolcular i\u00e7in konaklama fiyat\u0131 12 A\u011fustos&#8217;tan itibaren 1.750 \u00a3&#8217;dan 2.285 \u00a3&#8217;a ve ikinci bir yeti\u015fkin i\u00e7in \u00a31.430&#8217;a y\u00fckselecektir. Buna otele ula\u015f\u0131m, g\u00fcvenlik, sosyal yard\u0131m hizmetlerinin sa\u011flanmas\u0131 ve konaklaman\u0131n ikinci ve sekizinci g\u00fcn\u00fcnde yap\u0131lmas\u0131 gereken iki PCR testi dahildir.<\/p>\n<p>5-12 ya\u015f aras\u0131 \u00e7ocuklar konaklama \u00fccreti \u00a3 325&#8217;e mal olacak; 5 ya\u015f\u0131ndan k\u00fc\u00e7\u00fck \u00e7ocuklar i\u00e7in \u00fccretsizdir.<\/p>\n<p>\u0130sko\u00e7ya, Galler ve Kuzey \u0130rlanda, kat\u0131 seyahat k\u0131s\u0131tlamalar\u0131n\u0131 ne zaman hafifletebileceklerini hen\u00fcz s\u00f6ylemediler.<\/p>\n<div id=\"briti-2924139694\" class=\"briti-icerikten-sonra_2\" style=\"margin-top: 25px;margin-bottom: 25px;\"><a href=\"https:\/\/wa.me\/message\/NDZLLIOQT4H3O1\" aria-label=\"bytv reklam banner\"><img loading=\"lazy\" decoding=\"async\" src=\"https:\/\/by-tv.co.uk\/wp-content\/uploads\/2025\/12\/bytv-reklam-banner.jpg\" alt=\"\"  width=\"2376\" height=\"1008\"   \/><\/a><\/div>","protected":false},"excerpt":{"rendered":"<p>\u0130ngiltere T\u00fcrkiye&#8217;yi yine k\u0131rm\u0131z\u0131 seyahat listesinden \u00e7\u0131karmad\u0131. Yang\u0131nlarla m\u00fccadele eden T\u00fcrkiye i\u00e7in Birle\u015fik Krall\u0131k 12 May\u0131s&#8217;tan beri k\u0131rm\u0131z\u0131 seyahat kural\u0131n\u0131 uyguluyor.&nbsp; \u0130ngiltere trafik \u0131\u015f\u0131\u011f\u0131na benzetti\u011fi seyahat listesini bu ak\u015fam g\u00fcncelledi. Son g\u00fcncellemede de T\u00fcrkiye&#8217;nin k\u0131rm\u0131z\u0131 olan seyahat durumu de\u011fi\u015fmedi. Delta varyant\u0131n\u0131n ortaya \u00e7\u0131kt\u0131\u011f\u0131 yer olan Hindistan&#8217;\u0131n amber (sar\u0131 listeye) al\u0131nmas\u0131 ele\u015ftirilere sebep oldu. Hindistan&#8217;\u0131n n\u00fcfusunun sadece % 7.9 tam a\u015f\u0131lanm\u0131\u015f olmas\u0131 ve vaka say\u0131lar\u0131n\u0131n y\u00fcksek olmas\u0131na ra\u011fmen, vaka say\u0131s\u0131 Hindistan\u2019dan d\u00fc\u015f\u00fck olan ve ilk doz a\u015f\u0131lama oran\u0131 % 66.54 ve 2. doz a\u015f\u0131 oran\u0131 % 44.84 olan T\u00fcrkiye&#8217;nin k\u0131rm\u0131z\u0131 listede kalmas\u0131 \u015fa\u015fk\u0131nl\u0131kla kar\u015f\u0131land\u0131. Fransa, Pazar g\u00fcn\u00fc \u0130ngiltere saati ile 04:00&#8217;ten [&hellip;]<\/p>\n","protected":false},"author":1,"featured_media":12159,"comment_status":"open","ping_status":"open","sticky":false,"template":"","format":"standard","meta":{"ngg_post_thumbnail":0,"footnotes":""},"categories":[15],"tags":[2859,3597],"class_list":["post-12158","post","type-post","status-publish","format-standard","has-post-thumbnail","hentry","category-ingiltere","tag-kirmizi-liste","tag-seyahat-kurallari"],"_links":{"self":[{"href":"https:\/\/by-tv.co.uk\/en\/wp-json\/wp\/v2\/posts\/12158","targetHints":{"allow":["GET"]}}],"collection":[{"href":"https:\/\/by-tv.co.uk\/en\/wp-json\/wp\/v2\/posts"}],"about":[{"href":"https:\/\/by-tv.co.uk\/en\/wp-json\/wp\/v2\/types\/post"}],"author":[{"embeddable":true,"href":"https:\/\/by-tv.co.uk\/en\/wp-json\/wp\/v2\/users\/1"}],"replies":[{"embeddable":true,"href":"https:\/\/by-tv.co.uk\/en\/wp-json\/wp\/v2\/comments?post=12158"}],"version-history":[{"count":0,"href":"https:\/\/by-tv.co.uk\/en\/wp-json\/wp\/v2\/posts\/12158\/revisions"}],"wp:featuredmedia":[{"embeddable":true,"href":"https:\/\/by-tv.co.uk\/en\/wp-json\/wp\/v2\/media\/12159"}],"wp:attachment":[{"href":"https:\/\/by-tv.co.uk\/en\/wp-json\/wp\/v2\/media?parent=12158"}],"wp:term":[{"taxonomy":"category","embeddable":true,"href":"https:\/\/by-tv.co.uk\/en\/wp-json\/wp\/v2\/categories?post=12158"},{"taxonomy":"post_tag","embeddable":true,"href":"https:\/\/by-tv.co.uk\/en\/wp-json\/wp\/v2\/tags?post=12158"}],"curies":[{"name":"wp","href":"https:\/\/api.w.org\/{rel}","templated":true}]}}