{"id":12154,"date":"2021-08-04T18:52:20","date_gmt":"2021-08-04T17:52:20","guid":{"rendered":"https:\/\/by-tv.co.uk\/?p=12154"},"modified":"2021-08-04T18:52:20","modified_gmt":"2021-08-04T17:52:20","slug":"dogal-hayati-koruma-dernegi-wwf-turkiyenin-canlari-yaniyor","status":"publish","type":"post","link":"https:\/\/by-tv.co.uk\/en\/dogal-hayati-koruma-dernegi-wwf-turkiyenin-canlari-yaniyor\/","title":{"rendered":"Do\u011fal Hayat\u0131 Koruma Derne\u011fi (WWF): T\u00fcrkiye&#8217;nin Canlar\u0131 Yan\u0131yor"},"content":{"rendered":"<p style=\"text-align: left;\"><span>Uluslararas\u0131 Do\u011fal Hayat\u0131 Koruma Derne\u011fi ( &nbsp;World Wide Fund For Nature WWF) T\u00fcrkiye&#8217;deki orman yang\u0131nlar\u0131 i\u00e7in uluslararas\u0131 <a href=\"https:\/\/lp.panda.org\/turkey-wildfires\" target=\"_blank\" rel=\"noopener\">ba\u011f\u0131\u015f kampanyas\u0131<\/a> ba\u015flatt\u0131. Dernek yapt\u0131\u011f\u0131 a\u00e7\u0131klamada: &#8220;\u015eu anda T\u00fcrkiye, \u00fclkenin g\u00f6rd\u00fc\u011f\u00fc en y\u0131k\u0131c\u0131 orman yang\u0131nlar\u0131ndan biri taraf\u0131ndan harap ediliyor. Kalbimiz orman yang\u0131nlar\u0131ndan do\u011frudan etkilenen t\u00fcm aile ve topluluklarla birlikte.&#8221; dedi.<\/span><\/p>\n<p style=\"text-align: left;\">WWF&#8217;nin a\u00e7\u0131klamas\u0131 a\u015fa\u011f\u0131daki \u015fekilde:<\/p>\n<h4 style=\"text-align: left;\"><a href=\"https:\/\/lp.panda.org\/turkey-wildfires\" target=\"_blank\" rel=\"noopener\">T\u00fcrkiye&#8217;nin Canlar\u0131 Yan\u0131yor<\/a><\/h4>\n<h4 style=\"text-align: left;\"><a href=\"https:\/\/destek.wwf.org.tr\/trnin-canlari-yaniyor\" target=\"_blank\" rel=\"noopener\"><strong>Yaralar\u0131 Sarmak i\u00e7in Destek Ver&nbsp;<\/strong><\/a><\/h4>\n<p style=\"text-align: left;\"><span>&#8220;T\u00fcrkiye ormanlar\u0131, gezegenimizin ba\u015fka hi\u00e7bir yerinde ya\u015famayan bir\u00e7ok e\u015fsiz t\u00fcre ev sahipli\u011fi yapmaktad\u0131r. Bununla birlikte, ulus, yang\u0131nlar da dahil olmak \u00fczere \u00e7e\u015fitli nedenlerle h\u0131zla do\u011fay\u0131 ve vah\u015fi ya\u015fam\u0131 kaybediyor.&#8221;<\/span><\/p><div id=\"briti-3001338799\" class=\"briti-icerik\" style=\"margin-top: 5px;margin-bottom: 5px;\"><a href=\"https:\/\/piaryum.com\/services\/\" aria-label=\"piaryum banner\"><img loading=\"lazy\" decoding=\"async\" src=\"https:\/\/by-tv.co.uk\/wp-content\/uploads\/2025\/12\/Gemini_Generated_Image_g5yqr1g5yqr1g5yq.jpg\" alt=\"\"  width=\"2064\" height=\"1152\"   \/><\/a><\/div>\n<p style=\"text-align: left;\"><strong><span>&#8220;Yang\u0131nlar yay\u0131l\u0131rken, son 7 g\u00fcnde 30&#8217;dan fazla ilde en az 144 nokta orman yang\u0131nlar\u0131ndan etkilendi. Yaln\u0131zca Antalya ili, 1.421&#8217;i endemik ve 121&#8217;i tehlike alt\u0131nda olmak \u00fczere 11.870 t\u00fcre ev sahipli\u011fi yapmaktad\u0131r.&#8221;<\/span><\/strong><\/p>\n<h4 style=\"text-align: left;\"><strong>Yaralar\u0131 Sarmak i\u00e7in Destek Ver&nbsp;<\/strong><\/h4>\n<p style=\"text-align: left;\"><strong>&#8220;Ormanlar\u0131m\u0131z yan\u0131yor. Yanan yaln\u0131zca a\u011fa\u00e7lar de\u011fil. Yang\u0131nlarda yaralanan, ya\u015fam alanlar\u0131 tahrip olan canlar\u0131m\u0131z i\u00e7in yap\u0131lacak kurtarma, tedavi ve rehabilitasyon \u00e7al\u0131\u015fmalar\u0131 i\u00e7in gerekli olan malzemelerin tespiti ve temini i\u00e7in harekete ge\u00e7iyoruz!&#8221;<\/strong><\/p>\n<p style=\"text-align: left;\">&#8220;\u0130lk hedefimiz yang\u0131nlarda yaralanan azami say\u0131da canl\u0131n\u0131n tedavisi ve rehabilitasyonu i\u00e7in yang\u0131n b\u00f6lgelerindeki veteriner kliniklerini te\u015fvik etmek, ihtiya\u00e7lar\u0131n\u0131n kar\u015f\u0131lanmas\u0131na destek vermek, uzun vadede ise acil m\u00fcdahale ve rehabilitasyon i\u00e7in gerekli altyap\u0131y\u0131 geli\u015ftirmek. Katk\u0131lar\u0131n\u0131zla, Yaban Hayat \u0130lk Yard\u0131m Hatt\u0131 projemiz i\u00e7in ihtiyac\u0131m\u0131z olan ekipmanlar\u0131 sa\u011flayaca\u011f\u0131z, teknik ekibimizi g\u00fc\u00e7lendirece\u011fiz. \u00d6ncelikle bir arazi arac\u0131na ihtiyac\u0131m\u0131z var. Bireysel ve kurumsal destekler ile ihtiya\u00e7 listesindeki malzemeleri temin edece\u011fiz. Bir b\u00f6l\u00fcm\u00fcn\u00fc h\u0131zla b\u00f6lgeye ula\u015ft\u0131rd\u0131ktan sonra kalan\u0131n\u0131 ilerideki ihtiya\u00e7lar i\u00e7in haz\u0131r tutaca\u011f\u0131z. &#8220;<\/p>\n<div id=\"attachment_12156\" style=\"width: 822px\" class=\"wp-caption aligncenter\"><a href=\"https:\/\/www.instagram.com\/wwf_turkiye\/\" target=\"_blank\" rel=\"noopener\"><img loading=\"lazy\" decoding=\"async\" aria-describedby=\"caption-attachment-12156\" class=\"wp-image-12156\" src=\"https:\/\/by-tv.co.uk\/wp-content\/uploads\/2021\/08\/Opera-Anlik-Goruntu_2021-08-04_184858_www.instagram.com_.png\" alt=\"\" width=\"812\" height=\"856\" title=\"\"><\/a><p id=\"caption-attachment-12156\" class=\"wp-caption-text\">Do\u011fal Hayat\u0131 Koruma Derne\u011fi (WWF): T\u00fcrkiye&#8217;nin Canlar\u0131 Yan\u0131yor<\/p><\/div>\n<p style=\"text-align: left;\"><strong>&#8220;Bizler birlikte g\u00fc\u00e7l\u00fcy\u00fcz! Yang\u0131nlardan etkilenen T\u00fcrkiye&#8217;nin Canlar\u0131&#8217;n\u0131n yaralar\u0131n\u0131 sarmak i\u00e7in SEN DE DESTEK OL!&#8221;<\/strong><\/p>\n<p style=\"text-align: left;\">&#8220;Y\u0131lda 42 milyon ton oksijen \u00fcreten, yakla\u015f\u0131k 85 milyon ton karbon tutan, topra\u011f\u0131m\u0131z\u0131 ve suyumuzu koruyan, milyonlarca canl\u0131ya evsahipli\u011fi yapan ormanlar\u0131m\u0131z yakla\u015f\u0131k 10 milyon orman k\u00f6yl\u00fcs\u00fc i\u00e7in ya\u015fam kayna\u011f\u0131. Ancak, <strong>\u00fclkemizde, son g\u00fcnlerde tan\u0131k oldu\u011fumuz gibi her y\u0131l 2 binden fazla orman yang\u0131n\u0131 \u00e7\u0131k\u0131yor ve ortalama 7 bin hektarl\u0131k alan yok oluyor.&nbsp; Bu yang\u0131nlar\u0131n %90\u2019dan fazlas\u0131 insan kaynakl\u0131.&nbsp;<\/strong>Ormanlar yand\u0131k\u00e7a iklim de\u011fi\u015fikli\u011finin etkilerine kar\u015f\u0131 daha savunmas\u0131z hale geliyoruz. D\u00fcnyam\u0131z \u00e7orakla\u015f\u0131yor, renklerini kaybediyor.&#8221;<\/p>\n<p style=\"text-align: left;\">&#8220;T\u00fcrkiye ormanlar\u0131 d\u00fcnyan\u0131n ba\u015fka hi\u00e7 bir yerinde ya\u015famayan \u00e7ok say\u0131da t\u00fcr ev sahipli\u011fi yap\u0131yor. Ancak <strong>nadir bitki t\u00fcrlerimizi ve yaban hayvanlar\u0131m\u0131z\u0131 \u00e7e\u015fitli sebeplerle h\u0131zla kaybediyoruz. Bunlar\u0131n ba\u015f\u0131nda da yang\u0131nlar geliyor. T\u00fcrkiye\u2019de \u00e7ok nadir g\u00f6r\u00fclen d\u00f6rt&nbsp; Bal\u0131k Bayku\u015fu yang\u0131n\u0131n ortas\u0131nda kald\u0131. Bu, \u00fclkemizde bilinen Bal\u0131k Bayku\u015fu pop\u00fclasyonunun yar\u0131s\u0131n\u0131 kaybetti\u011fimiz anlam\u0131na geliyor. &#8220;<\/strong><\/p>\n<p style=\"text-align: left;\">&#8220;Do\u011fal alanlar\u0131m\u0131z yang\u0131nlara teslim olurken, tehdit alt\u0131nda olan t\u00fcrlerin say\u0131s\u0131 da h\u0131zla art\u0131yor. B\u00f6yle giderse d\u00fcnya genelinde yakla\u015f\u0131k bir milyon t\u00fcr tehlike alt\u0131nda olacak. <strong>Bu gidi\u015fata \u201cDur!\u201d diyebilmek i\u00e7in yapmam\u0131z gereken en \u00f6nemli \u015fey, t\u00fcrlerimizi ve onlar\u0131n do\u011fal ya\u015fam ortamlar\u0131n\u0131 tehditlere kar\u015f\u0131 en iyi \u015fekilde korumak, korunan alanlar\u0131m\u0131z\u0131 geli\u015ftirmek. &#8220;<\/strong><\/p>\n<p style=\"text-align: left;\"><strong>&#8220;Do\u011fayla uyumlu gelecek i\u00e7in sen de aram\u0131za kat\u0131l, orman yang\u0131nlar\u0131ndan etkilenen canl\u0131lar\u0131n yaralar\u0131n\u0131 birlikte saral\u0131m.&#8221;<\/strong><\/p>\n<p style=\"text-align: left;\">&nbsp;<\/p>\n<div id=\"briti-641330216\" class=\"briti-icerikten-sonra_2\" style=\"margin-top: 25px;margin-bottom: 25px;\"><a href=\"https:\/\/wa.me\/message\/NDZLLIOQT4H3O1\" aria-label=\"bytv reklam banner\"><img loading=\"lazy\" decoding=\"async\" src=\"https:\/\/by-tv.co.uk\/wp-content\/uploads\/2025\/12\/bytv-reklam-banner.jpg\" alt=\"\"  width=\"2376\" height=\"1008\"   \/><\/a><\/div>","protected":false},"excerpt":{"rendered":"<p>Uluslararas\u0131 Do\u011fal Hayat\u0131 Koruma Derne\u011fi ( &nbsp;World Wide Fund For Nature WWF) T\u00fcrkiye&#8217;deki orman yang\u0131nlar\u0131 i\u00e7in uluslararas\u0131 ba\u011f\u0131\u015f kampanyas\u0131 ba\u015flatt\u0131. Dernek yapt\u0131\u011f\u0131 a\u00e7\u0131klamada: &#8220;\u015eu anda T\u00fcrkiye, \u00fclkenin g\u00f6rd\u00fc\u011f\u00fc en y\u0131k\u0131c\u0131 orman yang\u0131nlar\u0131ndan biri taraf\u0131ndan harap ediliyor. Kalbimiz orman yang\u0131nlar\u0131ndan do\u011frudan etkilenen t\u00fcm aile ve topluluklarla birlikte.&#8221; dedi. WWF&#8217;nin a\u00e7\u0131klamas\u0131 a\u015fa\u011f\u0131daki \u015fekilde: T\u00fcrkiye&#8217;nin Canlar\u0131 Yan\u0131yor Yaralar\u0131 Sarmak i\u00e7in Destek Ver&nbsp; &#8220;T\u00fcrkiye ormanlar\u0131, gezegenimizin ba\u015fka hi\u00e7bir yerinde ya\u015famayan bir\u00e7ok e\u015fsiz t\u00fcre ev sahipli\u011fi yapmaktad\u0131r. Bununla birlikte, ulus, yang\u0131nlar da dahil olmak \u00fczere \u00e7e\u015fitli nedenlerle h\u0131zla do\u011fay\u0131 ve vah\u015fi ya\u015fam\u0131 kaybediyor.&#8221; &#8220;Yang\u0131nlar yay\u0131l\u0131rken, son 7 g\u00fcnde 30&#8217;dan fazla ilde en az 144 nokta [&hellip;]<\/p>\n","protected":false},"author":1,"featured_media":12155,"comment_status":"open","ping_status":"open","sticky":false,"template":"","format":"standard","meta":{"ngg_post_thumbnail":0,"footnotes":""},"categories":[1],"tags":[3622,622],"class_list":["post-12154","post","type-post","status-publish","format-standard","has-post-thumbnail","hentry","category-genel","tag-dogal-hayati-koruma-dernegi","tag-yangin"],"_links":{"self":[{"href":"https:\/\/by-tv.co.uk\/en\/wp-json\/wp\/v2\/posts\/12154","targetHints":{"allow":["GET"]}}],"collection":[{"href":"https:\/\/by-tv.co.uk\/en\/wp-json\/wp\/v2\/posts"}],"about":[{"href":"https:\/\/by-tv.co.uk\/en\/wp-json\/wp\/v2\/types\/post"}],"author":[{"embeddable":true,"href":"https:\/\/by-tv.co.uk\/en\/wp-json\/wp\/v2\/users\/1"}],"replies":[{"embeddable":true,"href":"https:\/\/by-tv.co.uk\/en\/wp-json\/wp\/v2\/comments?post=12154"}],"version-history":[{"count":0,"href":"https:\/\/by-tv.co.uk\/en\/wp-json\/wp\/v2\/posts\/12154\/revisions"}],"wp:featuredmedia":[{"embeddable":true,"href":"https:\/\/by-tv.co.uk\/en\/wp-json\/wp\/v2\/media\/12155"}],"wp:attachment":[{"href":"https:\/\/by-tv.co.uk\/en\/wp-json\/wp\/v2\/media?parent=12154"}],"wp:term":[{"taxonomy":"category","embeddable":true,"href":"https:\/\/by-tv.co.uk\/en\/wp-json\/wp\/v2\/categories?post=12154"},{"taxonomy":"post_tag","embeddable":true,"href":"https:\/\/by-tv.co.uk\/en\/wp-json\/wp\/v2\/tags?post=12154"}],"curies":[{"name":"wp","href":"https:\/\/api.w.org\/{rel}","templated":true}]}}