{"id":12085,"date":"2021-08-01T10:47:55","date_gmt":"2021-08-01T09:47:55","guid":{"rendered":"https:\/\/by-tv.co.uk\/?p=12085"},"modified":"2021-08-01T10:47:55","modified_gmt":"2021-08-01T09:47:55","slug":"ingiltere-yurtdisi-tatil-ve-seyahat-kurallarini","status":"publish","type":"post","link":"https:\/\/by-tv.co.uk\/en\/ingiltere-yurtdisi-tatil-ve-seyahat-kurallarini\/","title":{"rendered":"Rishi Sunak, Boris Johnson&#8217;\u0131 \u0130ngiltere&#8217;nin yurtd\u0131\u015f\u0131 tatil ve seyahat kurallar\u0131n\u0131 hafifletmeye \u00e7a\u011f\u0131rd\u0131"},"content":{"rendered":"<p style=\"text-align: left;\">\u0130ngiltere yurtd\u0131\u015f\u0131 tatil ve seyahat kurallar\u0131 konusunda olduk\u00e7a sert \u00f6nlemler alan \u00fclkelerden biri. Durum uzad\u0131k\u00e7a \u0130ngiltere H\u00fck\u00fcmeti&#8217;ne kar\u015f\u0131 i\u00e7erideki bakanlardan da tepki gelmeye ba\u015flad\u0131. Seyahat k\u0131s\u0131tlamalar\u0131n\u0131n a\u015f\u0131lar\u0131n bulunmad\u0131\u011f\u0131 ge\u00e7en yazdan daha s\u0131k\u0131 oldu\u011funu s\u00f6yleyen \u0130ngiltere&#8217;deki 120 tur ve seyahat firmas\u0131n\u0131 temsil eden Ba\u011f\u0131ms\u0131z Tur Operat\u00f6rleri Birli\u011fi (AITO &#8211; The Specialist Travel Association) Ba\u015fkan\u0131<a href=\"https:\/\/by-tv.co.uk\/en\/seyahat-kisitlamalari-asilarin-bulunmadigi-gecen-yazdan-daha-siki\/\"> Martyn Sumners<\/a>&#8216;dan sonra Maliye Bakan\u0131 Rishi Sunak da isyan etti.<\/p>\n<p style=\"text-align: left;\">\u0130ngiltere Maliye Bakan\u0131 \u015eans\u00f6lye Rishi Sunak, Boris Johnson&#8217;\u0131 ekonomiyi canland\u0131rmak ve binlerce yazl\u0131k seyahat plan\u0131n\u0131 kurtarmak i\u00e7in yurtd\u0131\u015f\u0131 tatil ve seyahat k\u0131s\u0131tlamalar\u0131n\u0131 hafifletmeye \u00e7a\u011f\u0131rd\u0131.<\/p>\n<p style=\"text-align: left;\"><a href=\"https:\/\/www.thetimes.co.uk\" target=\"_blank\" rel=\"noopener\">The&nbsp;<\/a><em>Sunday Times&#8217;a<\/em>&nbsp;g\u00f6re&nbsp;\u015eans\u00f6lye,&nbsp;\u0130ngiltere&#8217;nin&nbsp;s\u0131n\u0131r kurallar\u0131n\u0131n ekonomiye ve&nbsp;turizme&nbsp;zarar verdi\u011fi&nbsp;konusunda&nbsp;ba\u015fbakana&nbsp;uyar\u0131da bulundu&nbsp;<em>.<\/em><\/p><div id=\"briti-601721803\" class=\"briti-icerik\" style=\"margin-top: 5px;margin-bottom: 5px;\"><a href=\"https:\/\/piaryum.com\/services\/\" aria-label=\"piaryum banner\"><img loading=\"lazy\" decoding=\"async\" src=\"https:\/\/by-tv.co.uk\/wp-content\/uploads\/2025\/12\/Gemini_Generated_Image_g5yqr1g5yqr1g5yq.jpg\" alt=\"\"  width=\"2064\" height=\"1152\"   \/><\/a><\/div>\n<div id=\"attachment_12077\" style=\"width: 810px\" class=\"wp-caption aligncenter\"><img loading=\"lazy\" decoding=\"async\" aria-describedby=\"caption-attachment-12077\" class=\"wp-image-12077 size-full\" src=\"https:\/\/by-tv.co.uk\/wp-content\/uploads\/2021\/08\/50999275516_fdd75f63b5_c.jpg\" alt=\"\" width=\"800\" height=\"534\" title=\"\"><p id=\"caption-attachment-12077\" class=\"wp-caption-text\">Rishi Sunak, Boris Johnson&#8217;\u0131 \u0130ngiltere yurtd\u0131\u015f\u0131 tatil ve seyahat kurallar\u0131n\u0131 hafifletmeye \u00e7a\u011f\u0131rd\u0131 Picture by Simon Dawson \/ No 10 Downing Street<\/p><\/div>\n<p style=\"text-align: left;\">Bakan\u0131n uyar\u0131lar\u0131, A\u011fustos ay\u0131&nbsp;i\u00e7in&nbsp;seyahat kurallar\u0131na&nbsp;karar vermek i\u00e7in Per\u015fembe g\u00fcn\u00fc yap\u0131lacak \u00e7ok \u00f6nemli bir bakanlar toplant\u0131s\u0131 \u00f6ncesinde&nbsp;ve \u0130ngiltere&#8217;nin yolcular\u0131 di\u011fer \u00fclkelere g\u00f6re daha &#8220;ac\u0131mas\u0131z&#8221; kurallarla kar\u015f\u0131 kar\u015f\u0131ya b\u0131rakt\u0131\u011f\u0131na dair artan endi\u015felerin konu\u015fuldu\u011fu bir ortamda geldi.<\/p>\n<div class=\"sc-pzZvs gAKExH desktop-only teads\" style=\"text-align: left;\">\n<div class=\"sc-pIHGs krMVWn\">\n<div class=\"sc-pQdCa jqrPXB\">\n<blockquote>\n<div data-mpu=\"true\" data-is-video=\"false\" data-tile-name=\"thirdparty01\" data-ad-unit-path=\"\/71347885\/_partner_independent\/in_news\/in_uk\/image\/thirdparty01\" data-size-key=\"THIRD_PARTY_ARTICLE_BODY_DESKTOP\" data-refresh-check=\"false\" data-force-bulk=\"true\"><span style=\"font-size: 1.21429rem;\">Sunak, Ba\u015fbakana yazd\u0131\u011f\u0131 mektubunda, \u00fclkenin s\u0131n\u0131r politikas\u0131n\u0131n \u201culuslararas\u0131 rakiplerimizle uyumsuz\u201d oldu\u011funu belirterek, k\u0131s\u0131tlamalar\u0131n istihdam \u00fczerinde olumsuz bir etkisi oldu\u011funu da s\u00f6zlerine ekledi.<\/span><\/div>\n<\/blockquote>\n<\/div>\n<\/div>\n<\/div>\n<p style=\"text-align: left;\"><a href=\"https:\/\/www.independent.co.uk\/news\/uk\/politics\/rishi-sunak-boris-johnson-holiday-travel-b1894518.html?utm_term=Autofeed&amp;utm_medium=Social&amp;utm_content=Echobox&amp;utm_source=Twitter#Echobox=1627774446\" target=\"_blank\" rel=\"noopener\">Independent<\/a> taraf\u0131ndan aktar\u0131lan bir bilgiye g\u00f6re Mektuptan haberdar olan bir kaynak <em>The Sunday Times&#8217;a<\/em>&nbsp;\u015funlar\u0131 s\u00f6yledi&nbsp;: &#8220;Rishi Sunak seyahat k\u0131s\u0131tlamalar\u0131 i\u00e7in s\u00fcre istedi.&#8221; dedi.<\/p>\n<p style=\"text-align: left;\">Yurtd\u0131\u015f\u0131 seyahat umutlar\u0131, Fransa, \u0130talya ve \u0130spanya gibi pop\u00fcler yaz tatili destinasyonlar\u0131na seyahat etmeleri durumunda insanlar\u0131n Covid-19 testinden mi yoksa izolasyondan m\u0131 ge\u00e7mesi gerekece\u011fini belirleyecek yeni seyahat kurallar\u0131n\u0131 bekliyor.<\/p>\n<p style=\"text-align: left;\">Yakla\u015f\u0131k 10 ila 12 \u00fclkenin kehribardan ye\u015fil listeye ge\u00e7mesi beklenirken, Fransa&#8217;n\u0131n \u00f6zel bir &#8220;amber art\u0131&#8221; listesine al\u0131nd\u0131ktan sonra normal kehribar listesine geri d\u00f6nmesi bekleniyor.<\/p>\n<p>\u0130ngiliz The Sun gazetesinde bir yaz\u0131 kaleme alan <a href=\"https:\/\/www.linkedin.com\/in\/martynsumners\/?originalSubdomain=uk\" target=\"_blank\" rel=\"noopener\">Martyn Sumners<\/a> de ; \u0130ngiliz halk\u0131n\u0131n ne istedi\u011fi konusunda pek \u00e7ok ara\u015ft\u0131rma yapt\u0131klar\u0131n\u0131 ve \u201cSon bir bu\u00e7uk y\u0131ld\u0131r cehennemi ya\u015fad\u0131ktan sonra hepimizin \u00e7aresizce tatile gitmek i\u00e7in can att\u0131\u011f\u0131n\u0131 \u00f6\u011frenmek hi\u00e7 de \u015fa\u015f\u0131rt\u0131c\u0131 de\u011fil.\u201d ifadelerini kulland\u0131.<\/p>\n<div class=\"inews__mpu\">\n<h4 style=\"text-align: left;\">Trafik \u0131\u015f\u0131\u011f\u0131 sistemi \u015fimdi nas\u0131l \u00e7al\u0131\u015f\u0131yor<\/h4>\n<p style=\"text-align: left;\">Listeler a\u015fa\u011f\u0131daki kriterlere g\u00f6re belirlenir:<\/p>\n<ul style=\"text-align: left;\">\n<li>Bir \u00fclkenin n\u00fcfusunun a\u015f\u0131lanm\u0131\u015f y\u00fczdesi<\/li>\n<li>Enfeksiyon oran\u0131<\/li>\n<li>Endi\u015fe verici varyantlar\u0131n yayg\u0131nl\u0131\u011f\u0131<\/li>\n<li>\u00dclkenin g\u00fcvenilir bilimsel verilere ve genomik dizilemeye eri\u015fimi<\/li>\n<\/ul>\n<h4 style=\"text-align: left;\">T\u00fcrkiye&#8217;nin yer ald\u0131\u011f\u0131 k\u0131rm\u0131z\u0131 liste kurallar\u0131 nedir?<\/h4>\n<p style=\"text-align: left;\">K\u0131rm\u0131z\u0131 liste \u00fclkelerinden gelenler, ikinci g\u00fcnde veya \u00f6ncesinde ve sekizinci g\u00fcnde veya sonras\u0131nda, y\u00f6netilen bir karantina otelinde 10 g\u00fcnl\u00fck konaklama, ayr\u0131l\u0131\u015f \u00f6ncesi testi ve zorunlu PCR testi yapmal\u0131d\u0131r.&nbsp;Birle\u015fik Krall\u0131k&#8217;a yaln\u0131zca bir \u0130ngiliz veya \u0130rlanda vatanda\u015f\u0131ysan\u0131z veya Birle\u015fik Krall\u0131k&#8217;ta oturma hakk\u0131n\u0131z varsa girebilirsiniz.<\/p>\n<p style=\"text-align: left;\">H\u00fck\u00fcmet, insanlara temel sebepler d\u0131\u015f\u0131nda \u201cye\u015fil listede\u201d olmayan \u00fclkelere seyahat etmemelerini s\u00f6yl\u00fcyor.<\/p>\n<p style=\"text-align: left;\">PCR testleri&nbsp;, H\u00fck\u00fcmetin onayl\u0131 sa\u011flay\u0131c\u0131lar\u0131ndan biri&nbsp;&nbsp;arac\u0131l\u0131\u011f\u0131yla rezerve edilmelidir&nbsp;&nbsp;.<\/p>\n<p style=\"text-align: left;\">H\u00fck\u00fcmet,&nbsp;PCR testlerinin genellikle 120-160 \u00a3 civar\u0131nda maliyeti&nbsp;ile test fiyat\u0131n\u0131 d\u00fc\u015f\u00fcrmenin yollar\u0131n\u0131&nbsp;&nbsp;ararken&nbsp;, baz\u0131 seyahat sa\u011flay\u0131c\u0131lar\u0131 maliyetleri b\u00fcy\u00fck \u00f6l\u00e7\u00fcde s\u00fcbvanse etti.<\/p>\n<blockquote>\n<p style=\"text-align: left;\">Ba\u015fbakan Boris Johnson, \u201cK\u0131rm\u0131z\u0131 liste de dahil olmak \u00fczere zorlu s\u0131n\u0131r kontrollerimizi s\u00fcrd\u00fcrece\u011fiz ve iki doz a\u015f\u0131n\u0131n sa\u011flad\u0131\u011f\u0131 korumay\u0131 kabul ederek, tam a\u015f\u0131l\u0131 var\u0131\u015flar\u0131n \u00fclkeye d\u00f6n\u00fc\u015fte izole edilmesi ihtiyac\u0131n\u0131 ortadan kald\u0131rmak i\u00e7in seyahat end\u00fcstrisi ile birlikte \u00e7al\u0131\u015faca\u011f\u0131z\u201d dedi&nbsp;<\/p>\n<\/blockquote>\n<\/div>\n<p>&nbsp;<\/p>\n<p>Kaynaklar: The Sunday Times, Independent, GOV.UK, Twitter<br \/>\nDerleme: Brit \u0130\u015f Ya\u015fam TV<\/p>\n<p><em>www.by-tv.co.uk \u2019de yay\u0131nlanan haber ve g\u00f6rseller kaynak g\u00f6sterilmeden kullan\u0131lamaz.<\/em><\/p>\n<p>#birdakikabritanya<\/p>\n<div id=\"briti-2231105487\" class=\"briti-icerikten-sonra_2\" style=\"margin-top: 25px;margin-bottom: 25px;\"><a href=\"https:\/\/wa.me\/message\/NDZLLIOQT4H3O1\" aria-label=\"bytv reklam banner\"><img loading=\"lazy\" decoding=\"async\" src=\"https:\/\/by-tv.co.uk\/wp-content\/uploads\/2025\/12\/bytv-reklam-banner.jpg\" alt=\"\"  width=\"2376\" height=\"1008\"   \/><\/a><\/div>","protected":false},"excerpt":{"rendered":"<p>\u0130ngiltere yurtd\u0131\u015f\u0131 tatil ve seyahat kurallar\u0131 konusunda olduk\u00e7a sert \u00f6nlemler alan \u00fclkelerden biri. Durum uzad\u0131k\u00e7a \u0130ngiltere H\u00fck\u00fcmeti&#8217;ne kar\u015f\u0131 i\u00e7erideki bakanlardan da tepki gelmeye ba\u015flad\u0131. Seyahat k\u0131s\u0131tlamalar\u0131n\u0131n a\u015f\u0131lar\u0131n bulunmad\u0131\u011f\u0131 ge\u00e7en yazdan daha s\u0131k\u0131 oldu\u011funu s\u00f6yleyen \u0130ngiltere&#8217;deki 120 tur ve seyahat firmas\u0131n\u0131 temsil eden Ba\u011f\u0131ms\u0131z Tur Operat\u00f6rleri Birli\u011fi (AITO &#8211; The Specialist Travel Association) Ba\u015fkan\u0131 Martyn Sumners&#8216;dan sonra Maliye Bakan\u0131 Rishi Sunak da isyan etti. \u0130ngiltere Maliye Bakan\u0131 \u015eans\u00f6lye Rishi Sunak, Boris Johnson&#8217;\u0131 ekonomiyi canland\u0131rmak ve binlerce yazl\u0131k seyahat plan\u0131n\u0131 kurtarmak i\u00e7in yurtd\u0131\u015f\u0131 tatil ve seyahat k\u0131s\u0131tlamalar\u0131n\u0131 hafifletmeye \u00e7a\u011f\u0131rd\u0131. The&nbsp;Sunday Times&#8217;a&nbsp;g\u00f6re&nbsp;\u015eans\u00f6lye,&nbsp;\u0130ngiltere&#8217;nin&nbsp;s\u0131n\u0131r kurallar\u0131n\u0131n ekonomiye ve&nbsp;turizme&nbsp;zarar verdi\u011fi&nbsp;konusunda&nbsp;ba\u015fbakana&nbsp;uyar\u0131da bulundu&nbsp;. Bakan\u0131n uyar\u0131lar\u0131, A\u011fustos ay\u0131&nbsp;i\u00e7in&nbsp;seyahat kurallar\u0131na&nbsp;karar vermek [&hellip;]<\/p>\n","protected":false},"author":1,"featured_media":0,"comment_status":"open","ping_status":"open","sticky":false,"template":"","format":"standard","meta":{"ngg_post_thumbnail":0,"footnotes":""},"categories":[1],"tags":[430,417,204,567,808,149,1509,228,1550,855],"class_list":["post-12085","post","type-post","status-publish","format-standard","hentry","category-genel","tag-birlesik-krallik","tag-boris-johnson","tag-britanya","tag-coronavirus","tag-covid-19","tag-ingiltere","tag-kovid-19","tag-londra","tag-pandemi","tag-rishi-sunak"],"_links":{"self":[{"href":"https:\/\/by-tv.co.uk\/en\/wp-json\/wp\/v2\/posts\/12085","targetHints":{"allow":["GET"]}}],"collection":[{"href":"https:\/\/by-tv.co.uk\/en\/wp-json\/wp\/v2\/posts"}],"about":[{"href":"https:\/\/by-tv.co.uk\/en\/wp-json\/wp\/v2\/types\/post"}],"author":[{"embeddable":true,"href":"https:\/\/by-tv.co.uk\/en\/wp-json\/wp\/v2\/users\/1"}],"replies":[{"embeddable":true,"href":"https:\/\/by-tv.co.uk\/en\/wp-json\/wp\/v2\/comments?post=12085"}],"version-history":[{"count":0,"href":"https:\/\/by-tv.co.uk\/en\/wp-json\/wp\/v2\/posts\/12085\/revisions"}],"wp:attachment":[{"href":"https:\/\/by-tv.co.uk\/en\/wp-json\/wp\/v2\/media?parent=12085"}],"wp:term":[{"taxonomy":"category","embeddable":true,"href":"https:\/\/by-tv.co.uk\/en\/wp-json\/wp\/v2\/categories?post=12085"},{"taxonomy":"post_tag","embeddable":true,"href":"https:\/\/by-tv.co.uk\/en\/wp-json\/wp\/v2\/tags?post=12085"}],"curies":[{"name":"wp","href":"https:\/\/api.w.org\/{rel}","templated":true}]}}