{"id":12041,"date":"2021-07-31T19:57:09","date_gmt":"2021-07-31T18:57:09","guid":{"rendered":"https:\/\/by-tv.co.uk\/?p=12041"},"modified":"2021-07-31T20:22:12","modified_gmt":"2021-07-31T19:22:12","slug":"avrupali-boslugunu-ankara-anlasmalilar","status":"publish","type":"post","link":"https:\/\/by-tv.co.uk\/en\/avrupali-boslugunu-ankara-anlasmalilar\/","title":{"rendered":"Brexit\u2019in yaratt\u0131\u011f\u0131 Avrupal\u0131 bo\u015flu\u011funu Ankara Anla\u015fmal\u0131lar doldurabilir"},"content":{"rendered":"<p style=\"text-align: left;\">Ankara Anla\u015fmal\u0131lar ile ilgili; T\u00fcrk \u0130ngiliz Ticaret ve Sanayi Odas\u0131 (TBCCI)* taraf\u0131ndan organize edilen \u201cAnkara Anla\u015fmas\u0131: Ger\u00e7ekler, ya\u015fam deneyimleri ve <a href=\"https:\/\/tbcci.org\/\" target=\"_blank\" rel=\"noopener\">TBCCI<\/a> size ne sunabilir ?\u201d ba\u015fl\u0131kl\u0131 \u00e7evrimi\u00e7i panel yo\u011fun bir kat\u0131l\u0131mla ger\u00e7ekle\u015fti.<\/p>\n<blockquote class=\"instagram-media\" style=\"background: #FFF; border: 0; border-radius: 3px; box-shadow: 0 0 1px 0 rgba(0,0,0,0.5),0 1px 10px 0 rgba(0,0,0,0.15); margin: 1px; max-width: 540px; min-width: 326px; padding: 0; width: calc(100% - 2px);\" data-instgrm-permalink=\"https:\/\/www.instagram.com\/p\/CROmzu1DbHl\/?utm_source=ig_embed&amp;utm_campaign=loading\" data-instgrm-version=\"13\">\n<div style=\"padding: 16px;\">\n<p>&nbsp;<\/p>\n<div style=\"display: flex; flex-direction: row; align-items: center;\">\n<div style=\"background-color: #f4f4f4; border-radius: 50%; flex-grow: 0; height: 40px; margin-right: 14px; width: 40px;\">&nbsp;<\/div>\n<div style=\"display: flex; flex-direction: column; flex-grow: 1; justify-content: center;\">\n<div style=\"background-color: #f4f4f4; border-radius: 4px; flex-grow: 0; height: 14px; margin-bottom: 6px; width: 100px;\">&nbsp;<\/div>\n<div style=\"background-color: #f4f4f4; border-radius: 4px; flex-grow: 0; height: 14px; width: 60px;\">&nbsp;<\/div>\n<\/div>\n<\/div>\n<div style=\"padding: 19% 0;\">&nbsp;<\/div>\n<div style=\"display: block; height: 50px; margin: 0 auto 12px; width: 50px;\">&nbsp;<\/div>\n<div style=\"padding-top: 8px;\">\n<div style=\"color: #3897f0; font-family: Arial,sans-serif; font-size: 14px; font-style: normal; font-weight: 550; line-height: 18px;\">Bu g\u00f6nderiyi Instagram&#8217;da g\u00f6r<\/div>\n<\/div>\n<div style=\"padding: 12.5% 0;\">&nbsp;<\/div>\n<div style=\"display: flex; flex-direction: row; margin-bottom: 14px; align-items: center;\">\n<div>\n<div style=\"background-color: #f4f4f4; border-radius: 50%; height: 12.5px; width: 12.5px; transform: translateX(0px) translateY(7px);\">&nbsp;<\/div>\n<div style=\"background-color: #f4f4f4; height: 12.5px; transform: rotate(-45deg) translateX(3px) translateY(1px); width: 12.5px; flex-grow: 0; margin-right: 14px; margin-left: 2px;\">&nbsp;<\/div>\n<div style=\"background-color: #f4f4f4; border-radius: 50%; height: 12.5px; width: 12.5px; transform: translateX(9px) translateY(-18px);\">&nbsp;<\/div>\n<\/div>\n<div style=\"margin-left: 8px;\">\n<div style=\"background-color: #f4f4f4; border-radius: 50%; flex-grow: 0; height: 20px; width: 20px;\">&nbsp;<\/div>\n<div style=\"width: 0; height: 0; border-top: 2px solid transparent; border-left: 6px solid #f4f4f4; border-bottom: 2px solid transparent; transform: translateX(16px) translateY(-4px) rotate(30deg);\">&nbsp;<\/div>\n<\/div>\n<div style=\"margin-left: auto;\">\n<div style=\"width: 0px; border-top: 8px solid #F4F4F4; border-right: 8px solid transparent; transform: translateY(16px);\">&nbsp;<\/div>\n<div style=\"background-color: #f4f4f4; flex-grow: 0; height: 12px; width: 16px; transform: translateY(-4px);\">&nbsp;<\/div>\n<div style=\"width: 0; height: 0; border-top: 8px solid #F4F4F4; border-left: 8px solid transparent; transform: translateY(-4px) translateX(8px);\">&nbsp;<\/div>\n<\/div>\n<\/div>\n<div style=\"display: flex; flex-direction: column; flex-grow: 1; justify-content: center; margin-bottom: 24px;\">\n<div style=\"background-color: #f4f4f4; border-radius: 4px; flex-grow: 0; height: 14px; margin-bottom: 6px; width: 224px;\">&nbsp;<\/div>\n<div style=\"background-color: #f4f4f4; border-radius: 4px; flex-grow: 0; height: 14px; width: 144px;\">&nbsp;<\/div>\n<\/div>\n<p>&nbsp;<\/p>\n<p style=\"color: #c9c8cd; font-family: Arial,sans-serif; font-size: 14px; line-height: 17px; margin-bottom: 0; margin-top: 8px; overflow: hidden; padding: 8px 0 7px; text-align: center; text-overflow: ellipsis; white-space: nowrap;\"><a style=\"color: #c9c8cd; font-family: Arial,sans-serif; font-size: 14px; font-style: normal; font-weight: normal; line-height: 17px; text-decoration: none;\" href=\"https:\/\/www.instagram.com\/p\/CROmzu1DbHl\/?utm_source=ig_embed&amp;utm_campaign=loading\" target=\"_blank\" rel=\"noopener\">Brit \u0130\u015f-Ya\u015fam TV (@britisyasamtv)&#8217;in payla\u015ft\u0131\u011f\u0131 bir g\u00f6nderi<\/a><\/p>\n<\/div>\n<\/blockquote>\n<p style=\"text-align: left;\"><script async=\"\" src=\"\/\/www.instagram.com\/embed.js\"><\/script><br \/>\nTBCCI Y\u00f6netim Kurulu \u00dcyesi&nbsp; ve <a href=\"https:\/\/www.londonbridgeproject.com\" target=\"_blank\" rel=\"noopener\">London Bridge Project<\/a> Kurucusu ve CEO\u2019su <a href=\"https:\/\/by-tv.co.uk\/en\/ingilterede-is-ve-yatirim-1-bolum-ergin-balabeyoglu-kemal-sidar\/\">Kemal Sidar<\/a>\u2018\u0131n moderat\u00f6rl\u00fc\u011f\u00fcn\u00fc yapt\u0131\u011f\u0131 online etkinli\u011fe \u00e7ok say\u0131da ki\u015fi kat\u0131ld\u0131.<\/p>\n<h4 style=\"text-align: left;\">Brexit\u2019in yaratt\u0131\u011f\u0131 Avrupal\u0131 bo\u015flu\u011funu Ankara Anla\u015fmal\u0131lar doldurabilir<\/h4>\n<p style=\"text-align: left;\">A\u00e7\u0131l\u0131\u015f konu\u015fmas\u0131n\u0131 yapan TBCCI Hukuktan Sorumlu Ba\u015fkan Yard\u0131mc\u0131s\u0131 ve Global Ports Holding Ba\u015f Hukuk Sorumlusu Dr. Ece G\u00fcrsoy, bu d\u00f6nemde Birle\u015fik Krall\u0131k\u2019a gelenlerin \u00e7ok \u015fansl\u0131 bir d\u00f6neme denk geldi\u011fini; \u00c7\u00fcnk\u00fc <strong>Brexit\u2019in yaratt\u0131\u011f\u0131 Avrupal\u0131 bo\u015flu\u011fu; giri\u015fimci, beyaz yakal\u0131 ve iyi e\u011fitimli T\u00fcrklerin rahatl\u0131kla doldurabilece\u011fini s\u00f6yledi.<\/strong><\/p><div id=\"briti-488206511\" class=\"briti-icerik\" style=\"margin-top: 5px;margin-bottom: 5px;\"><a href=\"https:\/\/piaryum.com\/services\/\" aria-label=\"piaryum banner\"><img loading=\"lazy\" decoding=\"async\" src=\"https:\/\/by-tv.co.uk\/wp-content\/uploads\/2025\/12\/Gemini_Generated_Image_g5yqr1g5yqr1g5yq.jpg\" alt=\"\"  width=\"2064\" height=\"1152\"   \/><\/a><\/div>\n<div id=\"attachment_12043\" style=\"width: 1034px\" class=\"wp-caption aligncenter\"><img loading=\"lazy\" decoding=\"async\" aria-describedby=\"caption-attachment-12043\" class=\"size-full wp-image-12043\" src=\"https:\/\/by-tv.co.uk\/wp-content\/uploads\/2021\/07\/Ece-Gursoy.jpg\" alt=\"\" width=\"1024\" height=\"512\" title=\"\"><p id=\"caption-attachment-12043\" class=\"wp-caption-text\">Dr. Ece G\u00fcrsoy: Brexit\u2019in yaratt\u0131\u011f\u0131 Avrupal\u0131 bo\u015flu\u011funu Ankara Anla\u015fmal\u0131lar doldurabilir<\/p><\/div>\n<h4 style=\"text-align: left;\">G\u00fcrsoy: Ciddi bo\u015fluk var, hep birlikte hareket etmemizde fayda g\u00f6r\u00fcyorum<\/h4>\n<p style=\"text-align: left;\">\u0130ngiliz H\u00fck\u00fcmetinin son g\u00fcne kadar ba\u015fvurular\u0131 kabul etmesinin son derece kucaklay\u0131c\u0131 bir tav\u0131r oldu\u011funu belirten <strong>G\u00fcrsoy<\/strong>; Hepimizin hata yapmamak i\u00e7in b\u00fcy\u00fck \u00f6zen g\u00f6stermemiz gerekti\u011fini ve birimizin yapt\u0131\u011f\u0131 hatan\u0131n b\u00fct\u00fcn bu gruba (Ankara Anla\u015fmal\u0131lara) mal olabilece\u011fi konusunda uyard\u0131. T\u00fcrkler i\u00e7in burada b\u00fcy\u00fck bir gelecek f\u0131rsat\u0131n\u0131n var oldu\u011funu g\u00f6r\u00fcyorum diyen Ece G\u00fcrsoy; \u00e7ok ciddi bo\u015fluk var, hep birlikte hareket etmemizde fayda g\u00f6r\u00fcyorum dedi.<\/p>\n<h4 style=\"text-align: left;\">Ankara Anla\u015fmal\u0131lara \u00e7a\u011fr\u0131: TBCCI\u2019dan m\u00fcmk\u00fcn oldu\u011funca faydalanmaya \u00e7al\u0131\u015f\u0131n !<\/h4>\n<blockquote>\n<p style=\"text-align: left;\">\u0130ngiltere\u2019de yeni i\u015fe ba\u015flayanlar\u0131n dikkat etmesi gerekenlere de de\u011finen TBCCI Ba\u015fkan yard\u0131mc\u0131s\u0131 <strong>\u201c\u0130ngiltere\u2019de ya\u015fay\u0131\u015f \u015fekli ve kanunlar\u0131 sizi ters k\u00f6\u015feye yat\u0131ran bir sistem mevcut de\u011fildir. \u0130ngiltere\u2019de kurallar bell\u0130 ve o kurallar\u0131 takip etti\u011finizde i\u015finiz zora girmeyecek\u201d<\/strong> s\u00f6zlerini kaydetti.<\/p>\n<\/blockquote>\n<p style=\"text-align: left;\">Pazarlama ve mevzuat\u0131 bilmenin b\u00fcy\u00fck avantaj sa\u011flayaca\u011f\u0131n\u0131 s\u00f6yleyen G\u00fcrsoy, etkinliklere kat\u0131lman\u0131n ve profesyonellerle bir araya gelmenin \u00f6nemli oldu\u011funu ve TBCCI\u2019ya ba\u015fvurdu\u011funuzda da size do\u011fru insan\u0131 ve do\u011fru firmay\u0131, do\u011fru cevab\u0131 verecek birikime be networke sahip oldu\u011funu s\u00f6yledi. Bu y\u00fczden TBCCI\u2019dan m\u00fcmk\u00fcn oldu\u011funca faydalanmaya \u00e7al\u0131\u015f\u0131n dedi.<\/p>\n<div id=\"attachment_12044\" style=\"width: 247px\" class=\"wp-caption alignleft\"><img loading=\"lazy\" decoding=\"async\" aria-describedby=\"caption-attachment-12044\" class=\"wp-image-12044\" src=\"https:\/\/by-tv.co.uk\/wp-content\/uploads\/2021\/07\/tbcci.png\" alt=\"\" width=\"237\" height=\"97\" title=\"\"><p id=\"caption-attachment-12044\" class=\"wp-caption-text\">TBCCI Logo<\/p><\/div>\n<p style=\"text-align: left;\">TBCCI olarak, pandemi \u00f6ncesi \u00e7ok say\u0131da network etkinli\u011fi yapt\u0131klar\u0131n\u0131 ancak Covid-19 pandemisinden dolay\u0131 aksamalar ya\u015fand\u0131\u011f\u0131n\u0131 dile getiren Avukat Ece G\u00fcrsoy, yazdan sonra bu etkinliklerin yeniden ba\u015flayaca\u011f\u0131n\u0131 belirtti. TBCC\u0131 Ceo\u2019su Yavuz S\u00f6kmen de \u0130ngiltere\u2019deki T\u00fcrk i\u015f insanlar\u0131n\u0131n i\u015f konular\u0131ndaki sorular\u0131n\u0131 her zaman kendilerine g\u00f6nderebileceklerini ve imkan dahilinde bu ki\u015filere destek verilece\u011fini kaydetti.<\/p>\n<h4 style=\"text-align: left;\">Evinin alt kat\u0131nda ba\u015flad\u0131\u011f\u0131 i\u015f, 3 y\u0131lda ayda 60 bin g\u00f6nderime d\u00f6n\u00fc\u015ft\u00fc<\/h4>\n<p style=\"text-align: left;\">T\u00fcrk giri\u015fimciler Umut \u0130lhan ve Caner Bayraktar taraf\u0131ndan 2018\u2019de Londra\u2019da kurulan ve k\u00f6pek markas\u0131nda liderli\u011fi yakalayan <strong>WufWuf\u2019un kurucu orta\u011f\u0131 ve CEO\u2019su <a href=\"https:\/\/www.linkedin.com\/in\/umut-ilhan-56227a54\/?originalSubdomain=uk\" target=\"_blank\" rel=\"noopener\">Umut \u0130lhan<\/a><\/strong> giri\u015fimcilik maceras\u0131n\u0131 anlatt\u0131.&nbsp; Umut \u0130lhan; kedi ve k\u00f6pekler i\u00e7in ayl\u0131k oyuncaklardan ve oyun mamalar\u0131n olu\u015fan bir kutuyu \u0130ngiltere, Avrupa ve T\u00fcrkiye\u2019deki abonelere g\u00f6ndererek ba\u015flad\u0131\u011f\u0131 giri\u015fiminden bahsetti. Umut \u0130lhan; \u0130ngiltere\u2019de ciddi bir potansiyel ve ya\u015fam h\u0131z\u0131 oldu\u011funu belirterek 2018 y\u0131l\u0131nda i\u015fini \u0130ngiltere\u2019ye ta\u015f\u0131d\u0131\u011f\u0131n\u0131 s\u00f6yleyen \u0130lhan;&nbsp; ilk ba\u015fta evinin alt kat\u0131nda ba\u015flad\u0131\u011f\u0131 i\u015fin zamanla b\u00fcy\u00fcd\u00fc\u011f\u00fcn\u00fc ve ayda 60 bin paket g\u00f6nderimi yapt\u0131klar\u0131n\u0131 kaydetti.<\/p>\n<div id=\"attachment_12045\" style=\"width: 610px\" class=\"wp-caption aligncenter\"><img loading=\"lazy\" decoding=\"async\" aria-describedby=\"caption-attachment-12045\" class=\"size-full wp-image-12045\" src=\"https:\/\/by-tv.co.uk\/wp-content\/uploads\/2021\/07\/wufwuf_2.jpg\" alt=\"\" width=\"600\" height=\"500\" title=\"\"><p id=\"caption-attachment-12045\" class=\"wp-caption-text\">WufWuf\u2019un kurucu orta\u011f\u0131 ve CEO\u2019su Umut \u0130lhan<\/p><\/div>\n<h4 style=\"text-align: left;\">Network i\u00e7in \u00e7ok etkinli\u011fe ve do\u011fru etkinli\u011fe kat\u0131lmak \u00f6nemli<\/h4>\n<p style=\"text-align: left;\">K\u00f6peklerin mutluluk ve sadakat kayna\u011f\u0131 oldu\u011funu dile getiren Umut \u0130lhan \u201ci\u015f b\u00fcy\u00fck\u00e7e finansal a\u00e7\u0131dan farkl\u0131 kaynaklar bulmam\u0131z gerekiyordu. Ayda 5-6 bin \u00fcr\u00fcn g\u00f6nderiminden sonra b\u00fcy\u00fcme potansiyeli olan i\u015fimiz i\u00e7in kaynak aray\u0131\u015f\u0131na girdik. Bunun i\u00e7in de b\u00fct\u00fcn networklere kat\u0131ld\u0131k. Burada her \u015feye yeniden ba\u015fl\u0131yorduk. T\u00fcrkiye\u2019den her alanda tan\u0131d\u0131klar\u0131m\u0131z var her alanda ama burada olmad\u0131\u011f\u0131 i\u00e7in \u00e7ok h\u0131zl\u0131 network olu\u015fturmal\u0131y\u0131z\u201d dedi. Network i\u00e7in de \u00e7ok etkinli\u011fe ve do\u011fru etkinli\u011fe kat\u0131lman\u0131n \u00f6nemine de\u011finen WufWuf kurucu orta\u011f\u0131 giri\u015fimci; bu s\u00fcre\u00e7te bizim i\u00e7in \u00e7ok da faydas\u0131 olmayan zaman kayb\u0131 olan ki\u015filerle de kar\u015f\u0131la\u015fabiliriz dedi.&nbsp;&nbsp;<\/p>\n<p><img loading=\"lazy\" decoding=\"async\" class=\"size-full wp-image-12053 aligncenter\" src=\"https:\/\/by-tv.co.uk\/wp-content\/uploads\/2021\/07\/iNGILTERE-2.jpeg\" alt=\"\" width=\"1600\" height=\"1057\" title=\"\"><\/p>\n<h4 style=\"text-align: left;\">Londra\u2019dan d\u00fcnyan\u0131n 33 \u00fclkesine \u00fcr\u00fcn g\u00f6nderiyoruz<\/h4>\n<p style=\"text-align: left;\"><strong>T\u00fcrkiye\u2019ye g\u00f6re \u0130ngiltere\u2019de finansal a\u00e7\u0131dan yat\u0131r\u0131mc\u0131 bulman\u0131n kolay<\/strong> oldu\u011funu s\u00f6yleyen \u0130lhan; \u0130ngiltere devletinin yat\u0131r\u0131mc\u0131 ve giri\u015fimciler i\u00e7in de \u00e7e\u015fitli vergi avantajlar\u0131 oldu\u011funu kaydetti. \u0130lk ba\u015flarda mali a\u00e7\u0131dan zorland\u0131klar\u0131n\u0131 ancak sonradan yat\u0131r\u0131mc\u0131lar\u0131n kendilerini buldu\u011funu s\u00f6yleyen WufWuf kurucusu;&nbsp; \u015fu ana kadar 750 bin pound yat\u0131r\u0131m ald\u0131klar\u0131n\u0131 s\u00f6yledi. \u201c\u015eu anda Londra\u2019dan d\u00fcnyan\u0131n 33 \u00fclkesine \u00fcr\u00fcn g\u00f6nderiyoruz. T\u00fcrkiye\u2019den de ayl\u0131k 100 bin \u00fczerinde \u00fcr\u00fcn g\u00f6nderimimiz var k\u00f6pekler ve kediler i\u00e7in. Hibrit bir ekimiz var. \u00c7ok farkl\u0131 k\u00fclt\u00fcrlerden arkada\u015flar\u0131m\u0131z var. Covid\u2019den dolay\u0131 herkes uzaktan \u00e7al\u0131\u015fmaya al\u0131\u015ft\u0131\u011f\u0131 i\u00e7in herkesin farkl\u0131 k\u00fclt\u00fcrlerden ki\u015filerle \u00e7al\u0131\u015fma imkan\u0131 do\u011fdu\u201d dedi.. D\u00fcnyan\u0131n bu s\u00fcre\u00e7te evrim ge\u00e7irdi\u011fini ve uzaktan \u00e7al\u0131\u015fma kabiliyetimizin geli\u015fti\u011fini kaydetti.<\/p>\n<div id=\"attachment_12046\" style=\"width: 1210px\" class=\"wp-caption aligncenter\"><img loading=\"lazy\" decoding=\"async\" aria-describedby=\"caption-attachment-12046\" class=\"wp-image-12046 size-full\" src=\"https:\/\/by-tv.co.uk\/wp-content\/uploads\/2021\/07\/s.jpg\" alt=\"\" width=\"1200\" height=\"600\" title=\"\"><p id=\"caption-attachment-12046\" class=\"wp-caption-text\">WufWuf: Londra\u2019dan d\u00fcnyan\u0131n 33 \u00fclkesine \u00fcr\u00fcn g\u00f6nderiyoruz<\/p><\/div>\n<h4 style=\"text-align: left;\">\u0130ngiltere\u2019de g\u00fcnl\u00fck haftal\u0131k ve ayl\u0131k planlar\u0131n yap\u0131lmadan verim almak zor<\/h4>\n<p style=\"text-align: left;\">Giri\u015fimci Umut \u0130lhan, Birle\u015fik Krall\u0131k\u2019ta a\u00e7\u0131k i\u015f tan\u0131mlar\u0131 oldu\u011fundan dolay\u0131 i\u015flerin kolay y\u00fcr\u00fcd\u00fc\u011f\u00fcn\u00fc ancak T\u00fcrkiye kadar adaptasyonun y\u00fcksek olmad\u0131\u011f\u0131n\u0131 kaydetti.<\/p>\n<blockquote>\n<p style=\"text-align: left;\">\u0130ngiltere\u2019de g\u00fcnl\u00fck haftal\u0131k ve ayl\u0131k planlar\u0131n yap\u0131lmadan verim alman\u0131n zor oldu\u011funu s\u00f6yleyen gen\u00e7 giri\u015fimci \u0130lhan \u201cFarkl\u0131 k\u00fclt\u00fcrlerden ki\u015filerle \u00e7al\u0131\u015f\u0131ld\u0131\u011f\u0131nda ba\u015fka bak\u0131\u015f a\u00e7\u0131lar\u0131na Londra\u2019da eri\u015fmek \u00e7ok m\u00fcmk\u00fcn. Bu da insana ciddi bir zenginlik kat\u0131yor \u201c dedi.<\/p>\n<\/blockquote>\n<p style=\"text-align: left;\">\u0130ngiltere\u2019de sistemin yava\u015f ilerledi\u011fini kaydeden \u0130lhan \u00e7ok uzun vadeli plan yap\u0131larak i\u015flerin y\u00fcr\u00fct\u00fcld\u00fc\u011f\u00fcn\u00fc s\u00f6yleyen \u0130lhan, asl\u0131nda \u00e7ok \u00f6nce d\u00fc\u015f\u00fcnmek gerekir dedi.<\/p>\n<p>&nbsp;<\/p>\n<p><iframe loading=\"lazy\" title=\"YouTube video player\" src=\"https:\/\/www.youtube.com\/embed\/ieh9ZVdatGQ\" width=\"1280\" height=\"720\" frameborder=\"0\" allowfullscreen=\"allowfullscreen\"><\/iframe><\/p>\n<h4 style=\"text-align: left;\">Birle\u015fik Krall\u0131k\u2019ta 3 y\u0131lda lider oldu 5 \u00fclkeden 20\u2019den fazla yat\u0131r\u0131mc\u0131<\/h4>\n<p style=\"text-align: left;\">Kedi ve k\u00f6pek sahiplerine her ay \u00f6d\u00fcl mamas\u0131 ve oyuncak gibi \u00fcr\u00fcnler g\u00f6nderen ve kutu aboneli\u011fi sistemiyle \u00e7al\u0131\u015fan e-ticaret sitesi&nbsp; <a href=\"https:\/\/wufwuf.co.uk\/\" target=\"_blank\" rel=\"noopener\">WufWuf<\/a> Birle\u015fik Krall\u0131k\u2019ta 3 y\u0131lda lider oldu 5 \u00fclkeden 20\u2019den fazla yat\u0131r\u0131mc\u0131ya ula\u015ft\u0131.<\/p>\n<h4 style=\"text-align: left;\">Ankara Anla\u015fmal\u0131lar; ilk y\u0131llarda potansiyelinin \u00e7ok alt\u0131ndaki i\u015flerde \u00e7al\u0131\u015fmak zoruna kal\u0131yor<\/h4>\n<p style=\"text-align: left;\">T\u00fcrkiye\u2019de uzun y\u0131llar medya sekt\u00f6r\u00fcnde \u00e7al\u0131\u015fan ve \u0130ngiltere\u2019de yay\u0131n yapan Brit \u0130\u015f Ya\u015fam Tv kurucusu, gazeteci ve ayn\u0131 zamanda sosyolog olan <a href=\"https:\/\/www.linkedin.com\/in\/erginbbo\/\" target=\"_blank\" rel=\"noopener\">Ergin Balabeyo\u011flu<\/a>, 2015 y\u0131l\u0131ndan sonra \u0130ngiltere\u2019ye Ankara Anla\u015fmas\u0131 ile yap\u0131lan g\u00f6\u00e7\u00fcn katlanarak artt\u0131\u011f\u0131n\u0131 s\u00f6yledi. <a href=\"https:\/\/by-tv.co.uk\/en\/ergin-balabeyoglu-ingilteredeki-son-durumu-tv-100-isin-gercegi-programinda-anlatti\/\">Balabeyo\u011flu<\/a>, \u00f6zellikle 2015\u2019ten sonra b\u00fcy\u00fck bir k\u0131r\u0131lma ya\u015fand\u0131\u011f\u0131n\u0131 ve bu tarihten sonra \u0130ngiltere\u2019de on binlerce ki\u015finin g\u00f6\u00e7 etti\u011fini s\u00f6yledi.<\/p>\n<blockquote>\n<p style=\"text-align: left;\">\u0130ngiltere\u2019nin Avrupa Birli\u011fi\u2019nden \u00e7\u0131kmas\u0131yla sona eren Ankara Anla\u015fmas\u0131 ile Birle\u015fik Krall\u0131k&#8217;a yerle\u015fme hayallerini ger\u00e7ekle\u015ftirmek isteyenlerin acele kararlarla bu \u00fclkeye g\u00f6\u00e7 ettiklerini ve uzun vadeli haz\u0131rl\u0131k yap\u0131lmad\u0131\u011f\u0131 i\u00e7in de \u00e7ok b\u00fcy\u00fck zorluklarla kar\u015f\u0131la\u015f\u0131ld\u0131\u011f\u0131n\u0131 belirtti.<\/p>\n<\/blockquote>\n<p style=\"text-align: left;\">2015 \u00f6ncesi y\u0131ll\u0131k Ankara Anla\u015fmas\u0131 ile Birle\u015fik Krall\u0131k\u2019ta i\u015f kurma ve ya\u015fama ba\u015fvurular\u0131 3-4 bin seviyesindeyken 2016\u2019dan itibaren bu rakamlar\u0131n bir ka\u00e7 kat\u0131 kadar ba\u015fvurular\u0131n artt\u0131\u011f\u0131n\u0131 kaydetti. Fikrine ve vasf\u0131na g\u00fcvenip, parasal olarak zengin olmayan ve acele kararlar bu \u00fclkeye g\u00f6\u00e7 eden bu ki\u015filerin; k\u0131sa vadede para kazanmas\u0131 gerekti\u011fi i\u00e7in b\u00fcy\u00fck zorluk ya\u015fad\u0131\u011f\u0131n\u0131 ve&nbsp;<a href=\"https:\/\/www.researchgate.net\/publication\/301579456_LONDRA_DA_GELISEN_TURKIYELI_ETNIK_EKONOMININ_SOSYAL_HAYATA_YANSIMALARI\" target=\"_blank\" rel=\"noopener\"> Do\u00e7. Dr. Tuncay Bilecen<\/a>\u2019in tabiriyle genellikle etnik ekonomi i\u00e7inde kendi kapasitelerinin \u00e7ok alt\u0131nda i\u015flerde \u00e7al\u0131\u015fmak zorunda kald\u0131\u011f\u0131n\u0131 kaydetti. Bir ka\u00e7 \u00fcniversite bitiren baz\u0131 Ankara Anla\u015fmal\u0131lar\u0131n; \u00e7ok d\u00fc\u015f\u00fck \u00fccretle market, restoran ve kafe gibi i\u015flerde \u00e7al\u0131\u015ft\u0131\u011f\u0131 ve daha \u00e7ok kazanmak i\u00e7in de daha fazla \u00e7al\u0131\u015f\u0131ld\u0131\u011f\u0131 ve devam\u0131nda ki\u015finin kendine ve mesle\u011fine yabanc\u0131la\u015ft\u0131\u011f\u0131n\u0131 s\u00f6yleyen Balabeyo\u011flu; e\u011fer bir yerde durup d\u00f6ng\u00fcy\u00fc k\u0131rmazlarsa g\u00f6\u00e7 etme beklentilerinin bo\u015fa \u00e7\u0131kabilece\u011fini kaydetti.<\/p>\n<div id=\"attachment_12047\" style=\"width: 1610px\" class=\"wp-caption aligncenter\"><img loading=\"lazy\" decoding=\"async\" aria-describedby=\"caption-attachment-12047\" class=\"wp-image-12047 size-full\" src=\"https:\/\/by-tv.co.uk\/wp-content\/uploads\/2021\/07\/kebab.jpeg\" alt=\"\" width=\"1600\" height=\"1067\" title=\"\"><p id=\"caption-attachment-12047\" class=\"wp-caption-text\">&#8220;Ankara Anla\u015fmal\u0131lar ilk y\u0131llarda kendi sekt\u00f6rlerinin d\u0131\u015f\u0131nda \u00e7al\u0131\u015fmak zorunda kal\u0131yor&#8221;<\/p><\/div>\n<p style=\"text-align: left;\">Ergin Balabeyo\u011flu, Ankara Anla\u015fmal\u0131lar\u0131n ilk y\u0131llarda network kurma konusunda b\u00fcy\u00fck zorluk ya\u015fad\u0131\u011f\u0131n\u0131, T\u00fcrklerin kendi aras\u0131nda yapt\u0131\u011f\u0131 network bulu\u015fmalar\u0131nda da personel alma potansiyeli b\u00fcy\u00fck firmalar\u0131n ra\u011fbet etmemesi nedeniyle i\u015f potansiyeline d\u00f6n\u00fc\u015fmedi\u011fini belirtti. T\u00fcrkiye\u2019den Birle\u015fik Krall\u0131k\u2019a g\u00f6\u00e7 eden eski ku\u015faklar\u0131n da bu \u00fclkede kurdu\u011fu i\u015flerden bir ka\u00e7 tanesi hari\u00e7 \u00e7o\u011funun bir ka\u00e7 ki\u015fi veya bir ka\u00e7 \u015fubeyle s\u0131n\u0131rl\u0131 olmas\u0131, \u00fclkenin i\u015f, k\u00fclt\u00fcr \u00e7evresine kat\u0131lamamas\u0131 devam\u0131nda beyaz yakal\u0131 ki\u015filerin \u00fclkeye adapte olana kadar buralarda s\u00fcrekli \u00e7al\u0131\u015facak ortam bulamamas\u0131 da dezavantaj olarak g\u00f6r\u00fclebilece\u011fini s\u00f6yledi.<\/p>\n<div id=\"attachment_12048\" style=\"width: 338px\" class=\"wp-caption alignright\"><img loading=\"lazy\" decoding=\"async\" aria-describedby=\"caption-attachment-12048\" class=\"wp-image-12048\" src=\"https:\/\/by-tv.co.uk\/wp-content\/uploads\/2021\/07\/1603935281371.jpg\" alt=\"\" width=\"328\" height=\"328\" title=\"\"><p id=\"caption-attachment-12048\" class=\"wp-caption-text\">Ergin Balabeyo\u011flu<\/p><\/div>\n<h4 style=\"text-align: left;\">TBCCI \u00f6nc\u00fcl\u00fck etsin<\/h4>\n<p style=\"text-align: left;\">TBCCI\u2019n\u0131n bu noktada devreye girerek potansiyeli g\u00fc\u00e7l\u00fc ve e\u011fitimli bu i\u015f g\u00fcc\u00fcne \u00f6nc\u00fcl\u00fck etmesinin uzun vadede iki \u00fclke i\u00e7in faydal\u0131 olaca\u011f\u0131n\u0131 s\u00f6yledi.<\/p>\n<div id=\"attachment_12060\" style=\"width: 760px\" class=\"wp-caption alignleft\"><img loading=\"lazy\" decoding=\"async\" aria-describedby=\"caption-attachment-12060\" class=\"size-full wp-image-12060\" src=\"https:\/\/by-tv.co.uk\/wp-content\/uploads\/2021\/07\/bilecen.jpg\" alt=\"\" width=\"750\" height=\"434\" title=\"\"><p id=\"caption-attachment-12060\" class=\"wp-caption-text\">Tuncay Bilecen, g\u00f6\u00e7men hik\u00e2yelerini bir kitapta toplad\u0131<\/p><\/div>\n<h4 style=\"text-align: left;\">\u00c7ankaya: \u00dclkenin her yerine benzer hizmetler ula\u015ft\u0131\u011f\u0131 i\u00e7in \u00e7ok rahatl\u0131kla \u00fclkenin herhangi bir noktas\u0131nda ya\u015fan\u0131labilir<\/h4>\n<p style=\"text-align: left;\">Panelistelerden <a href=\"https:\/\/eacanproject.co.uk\" target=\"_blank\" rel=\"noopener\">Eacanproject<\/a> CEO\u2019su ve Nexus Inc kurucu orta\u011f\u0131 \u015eirin \u00c7ankaya da burada sadece kabiliyetlerinizle bir \u015feyler yapabilece\u011finizi ve ge\u00e7mi\u015f tecr\u00fcbelerinizin veya ODT\u00dc\u2019den mezun olman\u0131n bazen pek bir \u015fey ifade etmedi\u011fini s\u00f6yledi. IR35\u2019e de de\u011finen \u00c7ankaya, 50\u2019den fazla \u00e7al\u0131\u015fan\u0131 olan \u015firketlerde IR35 kontrat\u0131yla \u00e7al\u0131\u015fman\u0131n risk yaratabilece\u011fini o y\u00fczden k\u00fc\u00e7\u00fck \u015firketlerin tercih edilmesinin daha iyi olaca\u011f\u0131n\u0131 kaydetti.<\/p>\n<div id=\"attachment_12050\" style=\"width: 269px\" class=\"wp-caption alignright\"><img loading=\"lazy\" decoding=\"async\" aria-describedby=\"caption-attachment-12050\" class=\"wp-image-12050\" src=\"https:\/\/by-tv.co.uk\/wp-content\/uploads\/2021\/07\/E101511_SIRINCankaya.jpg\" alt=\"\" width=\"259\" height=\"341\" title=\"\"><p id=\"caption-attachment-12050\" class=\"wp-caption-text\">\u015eirin \u00c7ankaya:<\/p><\/div>\n<p style=\"text-align: left;\">\u015eirin \u00c7ankaya; e\u011fer ilk senelerde Londra\u2019da belirli bir i\u015finiz yoksa \u00fclkenin her yerinde i\u015f araman\u0131n avantajl\u0131 oldu\u011funu s\u00f6yledi. \u00dclkenin her yerine benzer hizmetler ula\u015ft\u0131\u011f\u0131 i\u00e7in \u00e7ok rahatl\u0131kla \u00fclkenin herhangi bir noktas\u0131nda ya\u015fanabilece\u011fini kaydetti. E\u011fer Londra\u2019ya yak\u0131n olmak isterlerse Milton Keynes veya Bristol veya Reading\u2019e de&nbsp; ta\u015f\u0131nabileceklerini, Birmingham\u2019da da farkl\u0131 f\u0131rsatlar\u0131n oldu\u011funu s\u00f6yledi.<\/p>\n<h4 style=\"text-align: left;\">Kemal Sidar: Londra\u2019n\u0131n d\u0131\u015f\u0131nda da \u00e7ok b\u00fcy\u00fck f\u0131rsatlar var<\/h4>\n<p style=\"text-align: left;\">Panel oturumunu y\u00f6neten i\u015f insan\u0131 Kemal Sidar da; \u0130ngiltere e\u015fittir Londra gibi konu\u015ftu\u011fumuzu ancak Londra\u2019n\u0131n d\u0131\u015f\u0131nda da \u00e7ok b\u00fcy\u00fck f\u0131rsatlar oldu\u011funu, \u00f6zellikle online i\u015f yapanlar\u0131n hem ofis maliyeti hem de depo maliyetlerini d\u00fc\u015f\u00fcrebileceklerini s\u00f6yledi.<\/p>\n<blockquote>\n<p style=\"text-align: left;\">Londra\u2019n\u0131n d\u0131\u015f\u0131nda da \u00e7ok b\u00fcy\u00fck bir ekonominin oldu\u011fu hem de farkl\u0131 ya\u015fam ve i\u015f alternatiflerinin oldu\u011funu dile getirdi.<\/p>\n<\/blockquote>\n<p style=\"text-align: left;\">Buraya geldi\u011finde \u00f6\u011frenci gibi ba\u015flad\u0131\u011f\u0131n\u0131 ama bunun geriye do\u011fru bir ad\u0131m de\u011fil ileriye do\u011fru s\u0131\u00e7rama i\u00e7in bir ad\u0131m olarak g\u00f6r\u00fclmesini de s\u00f6zlerine ekledi..<\/p>\n<div id=\"attachment_12052\" style=\"width: 1930px\" class=\"wp-caption aligncenter\"><img loading=\"lazy\" decoding=\"async\" aria-describedby=\"caption-attachment-12052\" class=\"wp-image-12052 size-full\" src=\"https:\/\/by-tv.co.uk\/wp-content\/uploads\/2021\/07\/KemalSidar_Blink_UK-scaled-1.jpg\" alt=\"\" width=\"1920\" height=\"2560\" title=\"\"><p id=\"caption-attachment-12052\" class=\"wp-caption-text\">Kemal Sidar: Ankara Anla\u015fmal\u0131lar i\u00e7in Londra\u2019n\u0131n d\u0131\u015f\u0131nda da \u00e7ok b\u00fcy\u00fck f\u0131rsatlar var<\/p><\/div>\n<h4 style=\"text-align: left;\">&nbsp;T\u00fcrkiye ve \u0130ngiltere aras\u0131nda i\u015f k\u00f6pr\u00fcs\u00fc TBCCI<\/h4>\n<p style=\"text-align: left;\">T\u00fcrk \u0130ngiliz Ticaret ve Sanayi Odas\u0131 TBCCI, \u00fcyelerine Birle\u015fik Krall\u0131k ile T\u00fcrkiye aras\u0131ndaki ikili ticareti, yat\u0131r\u0131m\u0131 ve ortak giri\u015fimleri desteklemeyi ama\u00e7layan geni\u015f bir hizmet yelpazesi sunmak \u00fczere kar amac\u0131 g\u00fctmeyen bir kurulu\u015f olarak 1980 y\u0131l\u0131nda Londra\u2019da kurulmu\u015ftur. TBCCI bilgi ve networking platform hizmetlerini T\u00fcrkiye\u2019de i\u015f kurmak isteyen \u0130ngiliz firmalar\u0131 ve \u0130ngiltere\u2019de i\u015f kurmak isteyen T\u00fcrk firmalar\u0131na \u00e7ift y\u00f6nde sunmakta, bu hizmet \u00f6zelli\u011fi TBCCI\u2019\u0131 di\u011fer Ticaret odalar\u0131 ve kurulu\u015flardan farkl\u0131 k\u0131lmaktad\u0131r.<\/p>\n<p style=\"text-align: left;\">#birdakikabritanya<\/p>\n<div id=\"briti-2040359184\" class=\"briti-icerikten-sonra_2\" style=\"margin-top: 25px;margin-bottom: 25px;\"><a href=\"https:\/\/wa.me\/message\/NDZLLIOQT4H3O1\" aria-label=\"bytv reklam banner\"><img loading=\"lazy\" decoding=\"async\" src=\"https:\/\/by-tv.co.uk\/wp-content\/uploads\/2025\/12\/bytv-reklam-banner.jpg\" alt=\"\"  width=\"2376\" height=\"1008\"   \/><\/a><\/div>","protected":false},"excerpt":{"rendered":"<p>Ankara Anla\u015fmal\u0131lar ile ilgili; T\u00fcrk \u0130ngiliz Ticaret ve Sanayi Odas\u0131 (TBCCI)* taraf\u0131ndan organize edilen \u201cAnkara Anla\u015fmas\u0131: Ger\u00e7ekler, ya\u015fam deneyimleri ve TBCCI size ne sunabilir ?\u201d ba\u015fl\u0131kl\u0131 \u00e7evrimi\u00e7i panel yo\u011fun bir kat\u0131l\u0131mla ger\u00e7ekle\u015fti. &nbsp; &nbsp; &nbsp; &nbsp; &nbsp; &nbsp; Bu g\u00f6nderiyi Instagram&#8217;da g\u00f6r &nbsp; &nbsp; &nbsp; &nbsp; &nbsp; &nbsp; &nbsp; &nbsp; &nbsp; &nbsp; &nbsp; &nbsp; Brit \u0130\u015f-Ya\u015fam TV (@britisyasamtv)&#8217;in payla\u015ft\u0131\u011f\u0131 bir g\u00f6nderi TBCCI Y\u00f6netim Kurulu \u00dcyesi&nbsp; ve London Bridge Project Kurucusu ve CEO\u2019su Kemal Sidar\u2018\u0131n moderat\u00f6rl\u00fc\u011f\u00fcn\u00fc yapt\u0131\u011f\u0131 online etkinli\u011fe \u00e7ok say\u0131da ki\u015fi kat\u0131ld\u0131. Brexit\u2019in yaratt\u0131\u011f\u0131 Avrupal\u0131 bo\u015flu\u011funu Ankara Anla\u015fmal\u0131lar doldurabilir A\u00e7\u0131l\u0131\u015f konu\u015fmas\u0131n\u0131 yapan TBCCI Hukuktan Sorumlu Ba\u015fkan Yard\u0131mc\u0131s\u0131 ve Global Ports [&hellip;]<\/p>\n","protected":false},"author":1,"featured_media":12055,"comment_status":"open","ping_status":"open","sticky":false,"template":"","format":"standard","meta":{"ngg_post_thumbnail":0,"footnotes":""},"categories":[1],"tags":[2379,430,172,204,808,3604,892,149,3605,1058,228,1550,2670,144,3252,3251],"class_list":["post-12041","post","type-post","status-publish","format-standard","has-post-thumbnail","hentry","category-genel","tag-birdakikabritanya","tag-birlesik-krallik","tag-brexit","tag-britanya","tag-covid-19","tag-ece-gursoy","tag-ergin-balabeyoglu","tag-ingiltere","tag-irin-cankaya","tag-kemal-sidar","tag-londra","tag-pandemi","tag-tbcci","tag-turkiye","tag-umut-ilhan","tag-wufwuf"],"_links":{"self":[{"href":"https:\/\/by-tv.co.uk\/en\/wp-json\/wp\/v2\/posts\/12041","targetHints":{"allow":["GET"]}}],"collection":[{"href":"https:\/\/by-tv.co.uk\/en\/wp-json\/wp\/v2\/posts"}],"about":[{"href":"https:\/\/by-tv.co.uk\/en\/wp-json\/wp\/v2\/types\/post"}],"author":[{"embeddable":true,"href":"https:\/\/by-tv.co.uk\/en\/wp-json\/wp\/v2\/users\/1"}],"replies":[{"embeddable":true,"href":"https:\/\/by-tv.co.uk\/en\/wp-json\/wp\/v2\/comments?post=12041"}],"version-history":[{"count":0,"href":"https:\/\/by-tv.co.uk\/en\/wp-json\/wp\/v2\/posts\/12041\/revisions"}],"wp:featuredmedia":[{"embeddable":true,"href":"https:\/\/by-tv.co.uk\/en\/wp-json\/wp\/v2\/media\/12055"}],"wp:attachment":[{"href":"https:\/\/by-tv.co.uk\/en\/wp-json\/wp\/v2\/media?parent=12041"}],"wp:term":[{"taxonomy":"category","embeddable":true,"href":"https:\/\/by-tv.co.uk\/en\/wp-json\/wp\/v2\/categories?post=12041"},{"taxonomy":"post_tag","embeddable":true,"href":"https:\/\/by-tv.co.uk\/en\/wp-json\/wp\/v2\/tags?post=12041"}],"curies":[{"name":"wp","href":"https:\/\/api.w.org\/{rel}","templated":true}]}}