{"id":12033,"date":"2021-07-31T16:27:59","date_gmt":"2021-07-31T15:27:59","guid":{"rendered":"https:\/\/by-tv.co.uk\/?p=12033"},"modified":"2021-07-31T16:30:32","modified_gmt":"2021-07-31T15:30:32","slug":"seyahat-kisitlamalari-asilarin-bulunmadigi-gecen-yazdan-daha-siki","status":"publish","type":"post","link":"https:\/\/by-tv.co.uk\/en\/seyahat-kisitlamalari-asilarin-bulunmadigi-gecen-yazdan-daha-siki\/","title":{"rendered":"&#8220;Seyahat k\u0131s\u0131tlamalar\u0131 a\u015f\u0131lar\u0131n bulunmad\u0131\u011f\u0131 ge\u00e7en yazdan daha s\u0131k\u0131&#8221;"},"content":{"rendered":"<p>Seyahat k\u0131s\u0131tlamalar\u0131 a\u015f\u0131lar\u0131n bulunmad\u0131\u011f\u0131 ge\u00e7en yazdan daha s\u0131k\u0131 oldu\u011funu s\u00f6yleyen <a href=\"https:\/\/www.aito.com\" target=\"_blank\" rel=\"noopener\">AITO<\/a> Ba\u015fkan\u0131 &#8220;Turizmciler, tur operat\u00f6rleri, acenteler ve havayollar\u0131, pandemi patlak verdi\u011finden beri kenara at\u0131lan gruplar oldu.&#8221; dedi.<\/p>\n<p>\u0130ngiltere&#8217;deki 120 tur ve seyahat firmas\u0131n\u0131 temsil eden Ba\u011f\u0131ms\u0131z Tur Operat\u00f6rleri Birli\u011fi (AITO &#8211; <a href=\"https:\/\/www.aito.com\" target=\"_blank\" rel=\"noopener\">The Specialist Travel Association<\/a>) Ba\u015fkan\u0131 <a href=\"https:\/\/www.linkedin.com\/in\/martynsumners\/?originalSubdomain=uk\" target=\"_blank\" rel=\"noopener\">Martyn Sumners<\/a>, &#8220;trafik \u0131\u015f\u0131klar\u0131n\u0131n \u00fc\u00e7 rengi oldu\u011funu d\u00fc\u015f\u00fcn\u00fcrd\u00fcm ancak Ba\u015fbakanl\u0131\u011fa g\u00f6re&nbsp; <a href=\"https:\/\/by-tv.co.uk\/en\/turkiye-kirmizi-listeden-ne-zaman-cikacak\/\">k\u0131rm\u0131z\u0131<\/a>, ye\u015fil, amber (sar\u0131) ve &#8216;amber plus&#8217; var gibi g\u00f6r\u00fcn\u00fcyor&#8221;dedi.<\/p>\n<p>\u0130ngiliz The Sun gazetesinde bir yaz\u0131 kaleme alan Martyn Sumners ; \u0130ngiliz halk\u0131n\u0131n ne istedi\u011fi konusunda pek \u00e7ok ara\u015ft\u0131rma yapt\u0131klar\u0131n\u0131 ve &#8220;Son bir bu\u00e7uk y\u0131ld\u0131r cehennemi ya\u015fad\u0131ktan sonra hepimizin \u00e7aresizce tatile gitmek i\u00e7in can att\u0131\u011f\u0131n\u0131 \u00f6\u011frenmek hi\u00e7 de \u015fa\u015f\u0131rt\u0131c\u0131 de\u011fil.&#8221; ifadelerini kulland\u0131.<\/p><div id=\"briti-1812597270\" class=\"briti-icerik\" style=\"margin-top: 5px;margin-bottom: 5px;\"><a href=\"https:\/\/piaryum.com\/services\/\" aria-label=\"piaryum banner\"><img loading=\"lazy\" decoding=\"async\" src=\"https:\/\/by-tv.co.uk\/wp-content\/uploads\/2025\/12\/Gemini_Generated_Image_g5yqr1g5yqr1g5yq.jpg\" alt=\"\"  width=\"2064\" height=\"1152\"   \/><\/a><\/div>\n<h4>H\u00fck\u00fcmetin kar\u0131\u015f\u0131k mesajlar\u0131 halk\u0131n g\u00fcvenini a\u015f\u0131nd\u0131rd\u0131<\/h4>\n<p>H\u00fck\u00fcmetten gelen s\u00fcrekli ileri geri ve kar\u0131\u015f\u0131k mesajlar\u0131n halk\u0131n g\u00fcvenini korkun\u00e7 bir \u015fekilde a\u015f\u0131nd\u0131rd\u0131\u011f\u0131n\u0131 belirten AITO Ba\u015fkan\u0131 bunun b\u00fcy\u00fck hayal k\u0131r\u0131kl\u0131\u011f\u0131na neden oldu\u011funu yazd\u0131. Daha sonra iptal edilecek bir tatil rezervasyonu yapt\u0131rman\u0131n finansal riskini ve b\u00fcy\u00fck hayal k\u0131r\u0131kl\u0131\u011f\u0131n\u0131 kimsenin istemeyece\u011fini dile getiren Sumners &#8220;Her g\u00fcn, binlercemiz i\u00e7in planlar\u0131m\u0131z\u0131 ka\u00e7\u0131n\u0131lmaz olarak alt \u00fcst eden yeni bir k\u0131s\u0131tlama getiriyor gibi g\u00f6r\u00fcn\u00fcyor.&#8221; dedi.<\/p>\n<p>Martyn Sumners ; Yurtd\u0131\u015f\u0131nda bir y\u0131ll\u0131k tatil, \u00e7o\u011fu insan i\u00e7in a\u00e7\u0131k ara y\u0131l\u0131n en b\u00fcy\u00fck harcamas\u0131d\u0131r. \u015eu anda kurallar \u00e7ok kafa kar\u0131\u015ft\u0131r\u0131c\u0131. Bir dakika ye\u015fil listede bir yer var, sonra ba\u015fka renk diyerek &#8220;trafik \u0131\u015f\u0131klar\u0131n\u0131n \u00fc\u00e7 rengi oldu\u011funu d\u00fc\u015f\u00fcn\u00fcrd\u00fcm ancak Ba\u015fbakanl\u0131\u011fa g\u00f6re&nbsp; k\u0131rm\u0131z\u0131, ye\u015fil, amber (sar\u0131) ve &#8216;amber plus&#8217; var gibi g\u00f6r\u00fcn\u00fcyor&#8221;dedi.<\/p>\n<div id=\"attachment_12035\" style=\"width: 293px\" class=\"wp-caption alignleft\"><img loading=\"lazy\" decoding=\"async\" aria-describedby=\"caption-attachment-12035\" class=\"wp-image-12035\" src=\"https:\/\/by-tv.co.uk\/wp-content\/uploads\/2021\/07\/martyn-sumners.jpg\" alt=\"\" width=\"283\" height=\"283\" title=\"\"><p id=\"caption-attachment-12035\" class=\"wp-caption-text\">Seyahat k\u0131s\u0131tlamalar\u0131 a\u015f\u0131lar\u0131n bulunmad\u0131\u011f\u0131 ge\u00e7en yazdan daha s\u0131k\u0131 oldu\u011funu s\u00f6yleyen AITO Ba\u015fkan\u0131 &#8220;Turizmciler, tur operat\u00f6rleri, acenteler ve havayollar\u0131, pandemi patlak verdi\u011finden beri kenara at\u0131lan gruplar oldu.&#8221; dedi.<\/p><\/div>\n<h4>Fazladan bir kelime tahribata neden oldu<\/h4>\n<p>Bu fazladan bir kelime, kap\u0131 kom\u015fumuz ve \u0130ngiliz tatilcilerin favori destinasyonu olan Fransa&#8217;ya bir gezi planlayan \u2013 hatta daha da k\u00f6t\u00fcs\u00fc, ger\u00e7ekten rezervasyon yapt\u0131ran \u2013 aileler i\u00e7in \u00e7ok fazla tahribata neden oldu.<\/p>\n<p>&#8220;Fransa, sar\u0131- amber art\u0131 listesine al\u0131nd\u0131, yani d\u00f6n\u00fc\u015fte on g\u00fcn karantinaya girmeniz&nbsp; gerekiyor &#8211; bu \u00e7o\u011fumuzun yapabilece\u011fi bir \u015fey de\u011fil.&#8221;<\/p>\n<p><span style=\"font-size: 1.21429rem;\">&#8220;Fransa&#8217;ya tatile gidemememizin nedeni, Fransa anakaras\u0131ndan 6.000 mil uzakta bir ada olan Frans\u0131z b\u00f6lgesi La Reunion&#8217;da Beta varyant\u0131n\u0131n ortaya \u00e7\u0131kmas\u0131 gibi g\u00f6r\u00fcn\u00fcyor.&#8221;<\/span><\/p>\n<p>&#8220;Daha da \u015fa\u015f\u0131rt\u0131c\u0131 olansa, kom\u015fumuzun anakaras\u0131ndaki vakalar\u0131n asl\u0131nda Birle\u015fik Krall\u0131k&#8217;takinden \u00e7ok daha d\u00fc\u015f\u00fck olmas\u0131d\u0131r.&#8221;<\/p>\n<p>&#8220;Avrupa&#8217;dakilerin geri kalan\u0131n\u0131n 2 A\u011fustos&#8217;tan itibaren Birle\u015fik Krall\u0131k&#8217;a girmesine izin veriliyor &#8211; iki tarafl\u0131 olduklar\u0131 s\u00fcrece. Bu nedenle, vakalar\u0131n Birle\u015fik Krall\u0131k&#8217;tan daha d\u00fc\u015f\u00fck oldu\u011fu \u00fclkelere seyahat etmemize izin verilmeli ve d\u00f6n\u00fc\u015fte cezaland\u0131r\u0131c\u0131 bir karantina ile kar\u015f\u0131 kar\u015f\u0131ya kalmamal\u0131y\u0131z.&#8221;<\/p>\n<h4>Pahal\u0131 PCR testleri i\u00e7in para harcamak zorunda kal\u0131n\u0131yor<\/h4>\n<p>G\u00fcvensizlik ve karars\u0131zl\u0131\u011f\u0131n yan\u0131 s\u0131ra ailelerin pahal\u0131 PCR testleri i\u00e7in para harcamak zorunda kald\u0131\u011f\u0131n\u0131 belirten Ba\u011f\u0131ms\u0131z Tur Operat\u00f6rleri Birli\u011fi (AITO &#8211; The Specialist Travel Association) Ba\u015fkan\u0131 Martyn Sumners, &#8220;Bir meslekta\u015f\u0131m d\u00f6rt ki\u015filik ailesini tatile g\u00f6t\u00fcr\u00fcyor. Herkesin seyahat etmeye haz\u0131r olmas\u0131n\u0131 sa\u011flamak ona 400 sterline mal oldu.&#8221; dedi.<\/p>\n<blockquote><p>Baz\u0131 nedenlerden dolay\u0131, seyahat k\u0131s\u0131tlamalar\u0131 a\u015f\u0131lar\u0131n bulunmad\u0131\u011f\u0131 ge\u00e7en yazdan daha s\u0131k\u0131<\/p><\/blockquote>\n<p>Baz\u0131 nedenlerden dolay\u0131, seyahat k\u0131s\u0131tlamalar\u0131n\u0131n, a\u015f\u0131lar\u0131n bulunmad\u0131\u011f\u0131 ge\u00e7en yazdan daha s\u0131k\u0131 oldu\u011funu belirten Sumners &#8220;Seyahat operat\u00f6rleri, tatillerin \u0130ngiliz aileler i\u00e7in b\u00fcy\u00fck bir masraf oldu\u011funu biliyor. M\u00fc\u015fterilere olan ba\u011fl\u0131l\u0131\u011f\u0131m\u0131z, seyahat planlar\u0131 k\u0131sa kesildi\u011finde aradaki fark\u0131 iade etti\u011fimiz ve masraflar\u0131 \u00fcstlendi\u011fimiz anlam\u0131na gelir.&#8221;<\/p>\n<h4>&#8220;Ve bunu 17 ayd\u0131r hi\u00e7bir gelirimiz olmamas\u0131na ra\u011fmen yap\u0131yoruz. M\u00fc\u015fterilerimiz ger\u00e7ekten tatile gidene kadar \u00f6deme alm\u0131yoruz.&#8221;<\/h4>\n<p>&#8220;Tatil firmalar\u0131 esnektir &#8211; daha \u00f6nce de zor zamanlar ya\u015fad\u0131lar &#8211; ancak bu kaos onlar\u0131 dizlerinin \u00fcst\u00fcne \u00e7\u00f6kertiyor.&#8221;<\/p>\n<p>Tatil \u015firketleri i\u00e7in t\u00fcm bu m\u00fccadele ve zorlamadaki risk, ba\u015far\u0131s\u0131z olmaya ba\u015flarlarsa, daha az rekabet, y\u0131ll\u0131k tatilinizin size \u00e7ok, \u00e7ok daha pahal\u0131ya mal olaca\u011f\u0131 anlam\u0131na gelece\u011fini s\u00f6yleyen Sumners &#8220;Hepimizin e\u011flenmeye al\u0131\u015ft\u0131\u011f\u0131 o devasa tatil se\u00e7ene\u011fine de sahip olmayaca\u011f\u0131z. H\u00fck\u00fcmetin seyahat end\u00fcstrisini anlamad\u0131\u011f\u0131 ve tatilleri yanl\u0131\u015fl\u0131kla bir l\u00fcks olarak g\u00f6rd\u00fc\u011f\u00fc \u00e7ok a\u00e7\u0131k.&#8221; dedi.<\/p>\n<h4>Dalga ge\u00e7iyorlar<\/h4>\n<p>&#8220;Ancak Maliye Bakanl\u0131\u011f\u0131&#8217;na g\u00f6re 2019&#8217;da 36 milyar sterlin de\u011ferinde olan devasa bir end\u00fcstriyiz.Ve di\u011fer end\u00fcstriler bize ba\u011fl\u0131. \u0130nsanlar yaz gezileri i\u00e7in g\u00fcne\u015f kremi, bikini ve yeni elbiseler almad\u0131klar\u0131 i\u00e7in perakende sat\u0131\u015fta s\u0131k\u0131nt\u0131 ya\u015f\u0131yor.&#8221;<\/p>\n<p>Martyn Sumners &#8220;Gevezeli\u011fi b\u0131rak\u0131n ve ge\u00e7en bir bu\u00e7uk y\u0131ldan sonra bize hak etti\u011fimiz t\u00fcm sayg\u0131y\u0131 ve tatilleri verin.&#8221; dedi.<\/p>\n<p>&#8220;Bu devam edemez. H\u00fck\u00fcmet fikirlerini de\u011fi\u015ftirmeyi b\u0131rakmal\u0131 ve sa\u011flam, mant\u0131kl\u0131 kararlar vermeye ba\u015flamal\u0131d\u0131r. Bize seyahatin nas\u0131l y\u00fcr\u00fcyebilce\u011fini ve tatilcilerin neler yapabilece\u011fi konusunda uygun, ileriye d\u00f6n\u00fck bir \u00e7er\u00e7eve verin. O zaman buna ba\u011fl\u0131 kal\u0131n.&#8221;<\/p>\n<blockquote><p>&#8220;Art\u0131k dalga ge\u00e7mek yok. Art\u0131k tatil ruleti yok. Karantinay\u0131 veya kendi kendine izolasyonu derhal bo\u015fa \u00e7\u0131kar\u0131n.&#8221;<\/p><\/blockquote>\n<p>&#8220;A\u015f\u0131 program\u0131na g\u00fcvenerek seyahatleri aileler i\u00e7in ekonomik hale getirin ve yolcular\u0131n daha ucuz yanal ak\u0131\u015f testlerine girmesine izin verin.&#8221;<\/p>\n<blockquote class=\"twitter-tweet\">\n<p dir=\"ltr\" lang=\"en\">From 4.00am Monday 19th July Bulgaria &amp; Hong Kong will be added to the green list \ud83d\udfe2 and Croatia &amp; Taiwan the green watchlist of destinations. Please check latest travel advice before you travel as countries and territories may have extra requirements before you get there.<\/p>\n<p>\u2014 Rt Hon Grant Shapps MP (@grantshapps) <a href=\"https:\/\/twitter.com\/grantshapps\/status\/1415352664603385867?ref_src=twsrc%5Etfw\" target=\"_blank\" rel=\"noopener\">July 14, 2021<\/a><\/p><\/blockquote>\n<p><script async=\"\" src=\"https:\/\/platform.twitter.com\/widgets.js\" charset=\"utf-8\"><\/script><\/p>\n<div id=\"briti-4272894014\" class=\"briti-icerikten-sonra_2\" style=\"margin-top: 25px;margin-bottom: 25px;\"><a href=\"https:\/\/wa.me\/message\/NDZLLIOQT4H3O1\" aria-label=\"bytv reklam banner\"><img loading=\"lazy\" decoding=\"async\" src=\"https:\/\/by-tv.co.uk\/wp-content\/uploads\/2025\/12\/bytv-reklam-banner.jpg\" alt=\"\"  width=\"2376\" height=\"1008\"   \/><\/a><\/div>","protected":false},"excerpt":{"rendered":"<p>Seyahat k\u0131s\u0131tlamalar\u0131 a\u015f\u0131lar\u0131n bulunmad\u0131\u011f\u0131 ge\u00e7en yazdan daha s\u0131k\u0131 oldu\u011funu s\u00f6yleyen AITO Ba\u015fkan\u0131 &#8220;Turizmciler, tur operat\u00f6rleri, acenteler ve havayollar\u0131, pandemi patlak verdi\u011finden beri kenara at\u0131lan gruplar oldu.&#8221; dedi. \u0130ngiltere&#8217;deki 120 tur ve seyahat firmas\u0131n\u0131 temsil eden Ba\u011f\u0131ms\u0131z Tur Operat\u00f6rleri Birli\u011fi (AITO &#8211; The Specialist Travel Association) Ba\u015fkan\u0131 Martyn Sumners, &#8220;trafik \u0131\u015f\u0131klar\u0131n\u0131n \u00fc\u00e7 rengi oldu\u011funu d\u00fc\u015f\u00fcn\u00fcrd\u00fcm ancak Ba\u015fbakanl\u0131\u011fa g\u00f6re&nbsp; k\u0131rm\u0131z\u0131, ye\u015fil, amber (sar\u0131) ve &#8216;amber plus&#8217; var gibi g\u00f6r\u00fcn\u00fcyor&#8221;dedi. \u0130ngiliz The Sun gazetesinde bir yaz\u0131 kaleme alan Martyn Sumners ; \u0130ngiliz halk\u0131n\u0131n ne istedi\u011fi konusunda pek \u00e7ok ara\u015ft\u0131rma yapt\u0131klar\u0131n\u0131 ve &#8220;Son bir bu\u00e7uk y\u0131ld\u0131r cehennemi ya\u015fad\u0131ktan sonra hepimizin \u00e7aresizce tatile gitmek i\u00e7in [&hellip;]<\/p>\n","protected":false},"author":1,"featured_media":12034,"comment_status":"open","ping_status":"open","sticky":false,"template":"","format":"standard","meta":{"ngg_post_thumbnail":0,"footnotes":""},"categories":[1],"tags":[430,417,204,859,808,149,588,228,460,664],"class_list":["post-12033","post","type-post","status-publish","format-standard","has-post-thumbnail","hentry","category-genel","tag-birlesik-krallik","tag-boris-johnson","tag-britanya","tag-corona-virus","tag-covid-19","tag-ingiltere","tag-koronavirus","tag-londra","tag-salgin","tag-turizm"],"_links":{"self":[{"href":"https:\/\/by-tv.co.uk\/en\/wp-json\/wp\/v2\/posts\/12033","targetHints":{"allow":["GET"]}}],"collection":[{"href":"https:\/\/by-tv.co.uk\/en\/wp-json\/wp\/v2\/posts"}],"about":[{"href":"https:\/\/by-tv.co.uk\/en\/wp-json\/wp\/v2\/types\/post"}],"author":[{"embeddable":true,"href":"https:\/\/by-tv.co.uk\/en\/wp-json\/wp\/v2\/users\/1"}],"replies":[{"embeddable":true,"href":"https:\/\/by-tv.co.uk\/en\/wp-json\/wp\/v2\/comments?post=12033"}],"version-history":[{"count":0,"href":"https:\/\/by-tv.co.uk\/en\/wp-json\/wp\/v2\/posts\/12033\/revisions"}],"wp:featuredmedia":[{"embeddable":true,"href":"https:\/\/by-tv.co.uk\/en\/wp-json\/wp\/v2\/media\/12034"}],"wp:attachment":[{"href":"https:\/\/by-tv.co.uk\/en\/wp-json\/wp\/v2\/media?parent=12033"}],"wp:term":[{"taxonomy":"category","embeddable":true,"href":"https:\/\/by-tv.co.uk\/en\/wp-json\/wp\/v2\/categories?post=12033"},{"taxonomy":"post_tag","embeddable":true,"href":"https:\/\/by-tv.co.uk\/en\/wp-json\/wp\/v2\/tags?post=12033"}],"curies":[{"name":"wp","href":"https:\/\/api.w.org\/{rel}","templated":true}]}}