{"id":12010,"date":"2021-07-30T13:59:27","date_gmt":"2021-07-30T12:59:27","guid":{"rendered":"https:\/\/by-tv.co.uk\/?p=12010"},"modified":"2021-07-30T14:00:53","modified_gmt":"2021-07-30T13:00:53","slug":"bakan-pakdemirli-yanginlarin-57sini-kontrol-altina-aldik","status":"publish","type":"post","link":"https:\/\/by-tv.co.uk\/en\/bakan-pakdemirli-yanginlarin-57sini-kontrol-altina-aldik\/","title":{"rendered":"Bakan Pakdemirli: Yang\u0131nlar\u0131n 57&#8217;sini kontrol alt\u0131na ald\u0131k"},"content":{"rendered":"<p>Bakan Pakdemirli: Yang\u0131nlar\u0131n 57&#8217;sini kontrol alt\u0131na ald\u0131k. Aktif olan t\u00fcm yang\u0131nlarda (yang\u0131nlar\u0131n kontrol alt\u0131na al\u0131nmas\u0131 ve s\u00f6nd\u00fcr\u00fclmesi) iyiye do\u011fru bir gidi\u015f var.&#8221; diyerek, yang\u0131nlar\u0131n 57&#8217;sininin kontrol alt\u0131na al\u0131nd\u0131\u011f\u0131n\u0131 s\u00f6yledi.<\/p>\n<div id=\"icerikDiv_49401203\" class=\"iliskiIcerik ltr\">\n<p>&nbsp;Tar\u0131m ve Orman Bakan\u0131 Bekir Pakdemirli, D\u0131\u015fi\u015fleri Bakan\u0131 Mevl\u00fct \u00c7avu\u015fo\u011flu, \u00c7evre ve \u015eehircilik Bakan\u0131 Murat Kurum ile Ula\u015ft\u0131rma ve Altyap\u0131 Bakan\u0131 Adil Karaismailo\u011flu, Antalya&#8217;n\u0131n Manavgat il\u00e7esindeki yang\u0131n y\u00f6netim merkezinde gazetecilere, yang\u0131nlarla ilgili a\u00e7\u0131klama yapt\u0131.<\/p>\n<p>Pakdemirli, \u00fclke genelinde ayn\u0131 anda birden fazla yang\u0131n \u00e7\u0131kt\u0131\u011f\u0131n\u0131, m\u00fcdahalelerin yo\u011fun \u015fekilde s\u00fcrd\u00fc\u011f\u00fcn\u00fc s\u00f6yledi.<\/p>\n<p>\u00dclke genelindeki yang\u0131nlar\u0131n 57&#8217;sinin kontrol alt\u0131na al\u0131nd\u0131\u011f\u0131n\u0131 vurgulayan Pakdemirli, &#8220;3 u\u00e7ak, 9 \u0130HA, insans\u0131z helikopter, 1 su tank\u0131, 38 helikopter, 680 araz\u00f6z, 55 i\u015f makinesi ve 4 bin personelle yang\u0131nla m\u00fccadele ediyoruz.&#8221; dedi.<\/p><div id=\"briti-1458607574\" class=\"briti-icerik\" style=\"margin-top: 5px;margin-bottom: 5px;\"><a href=\"https:\/\/piaryum.com\/services\/\" aria-label=\"piaryum banner\"><img loading=\"lazy\" decoding=\"async\" src=\"https:\/\/by-tv.co.uk\/wp-content\/uploads\/2025\/12\/Gemini_Generated_Image_g5yqr1g5yqr1g5yq.jpg\" alt=\"\"  width=\"2064\" height=\"1152\"   \/><\/a><\/div>\n<p>Mu\u011fla&#8217;daki yang\u0131nlara ili\u015fkin bilgi veren Pakdemirli, &#8220;Marmaris&#8217;teki yang\u0131nda ufak hasarlar var. Yerle\u015fim yerlerini tehdit etmiyor, denize do\u011fru ilerleyen bir yang\u0131n var.&#8221; ifadesini kulland\u0131.<\/p>\n<p>Orman alanlar\u0131n\u0131n turizme a\u00e7\u0131ld\u0131\u011f\u0131 iddialar\u0131na ili\u015fkin de a\u00e7\u0131klamada bulunan Pakdemirli, &#8220;Turizmle ilgili tesis yap\u0131lacaksa 40 y\u0131ld\u0131r rahmetli \u00d6zal&#8217;dan beri bunun \u015fekil ve \u015fartlar\u0131 bellidir. Ormanlar\u0131n yak\u0131lmas\u0131na ihtiya\u00e7 yoktur. Bu anlamda bunu da tekrar hat\u0131rlatm\u0131\u015f olal\u0131m. L\u00fctfen bu konuyu istismar etmeyelim.&#8221; diye konu\u015ftu.<\/p>\n<p>Yang\u0131nlarla ilgili soru\u015fturmalar\u0131n devam etti\u011fini aktaran Pakdemirli, &#8220;Yang\u0131nlar\u0131n sebebiyle ilgili adli merciler, kolluk kuvvetleri ara\u015ft\u0131rmalar\u0131n\u0131 s\u00fcrd\u00fcr\u00fcyor. \u00d6nemli bulgulara rastland\u0131\u011f\u0131nda a\u00e7\u0131klama yap\u0131l\u0131r.&#8221; dedi.<\/p>\n<p>Pakdemirli, ma\u011fdur olan vatanda\u015flara y\u00f6nelik de &#8220;Zarar g\u00f6ren vatanda\u015flar\u0131m\u0131z\u0131n Ba\u011f-Kur, SGK, Ziraat, Tar\u0131m Kredi ve TARS\u0130M bor\u00e7lar\u0131n\u0131n, kredi bor\u00e7lar\u0131n\u0131n ertelenmesini sa\u011fl\u0131yor olaca\u011f\u0131z.&#8221; ifadesini kulland\u0131.<\/p>\n<p>Yang\u0131nlarla son teknoloji imkanlar\u0131yla m\u00fccadele edildi\u011fini vurgulayan Pakdemirli, &#8220;THK ile problemimiz yok, olmaz da. Elindeki u\u00e7akla ilgili problem, u\u00e7abilecek kapasitede de\u011fil, u\u00e7sa da performans verecek kapasitede de\u011fil.&#8221; de\u011ferlendirmesinde bulundu.<\/p>\n<p>&#8220;Aktif yang\u0131nlarda iyiye do\u011fru gidi\u015fat var&#8221;Bakan Pakdemirli, &#8220;Adana, burada iyiye do\u011fru gidi\u015f var, Osmaniye de \u00f6yle. Antalya \u015fu an Manavgat b\u00f6lgesinde Hocalar taraf\u0131nda t\u00fcten odaklar\u0131m\u0131z var, G\u00fcndo\u011fdu&#8217;da sarp ve kayal\u0131k alanda devam eden bir yang\u0131n var. Etraflar\u0131 \u00e7evrili olmad\u0131\u011f\u0131 i\u00e7in kontrol alt\u0131nda demiyoruz. Mersin&#8217;de Ayd\u0131nc\u0131k&#8217;ta bir miktar iyiye do\u011fru gidi\u015f var, Silifke daha iyi durumda. Kayseri ve Mu\u011fla&#8217;da da iyiye do\u011fru gidi\u015fler var.&#8221; ifadelerini kulland\u0131.<\/p>\n<p>Yang\u0131nlar nedeniyle Antalya&#8217;da 3, Mu\u011fla&#8217;da da bir ki\u015finin hayat\u0131n\u0131 kaybetti\u011fini an\u0131msatan Pakdemirli, cenaze namazlar\u0131na da kat\u0131lacaklar\u0131n\u0131 bildirdi.<\/p>\n<p>Nemin \u00e7ok d\u00fc\u015f\u00fck, s\u0131cakl\u0131\u011f\u0131n da 40 derecenin \u00fczerinde oldu\u011funa i\u015faret eden Pakdemirli, hava s\u0131cakl\u0131\u011f\u0131n\u0131n sal\u0131ya kadar devam edece\u011fi<\/p>\n<p>&#8220;D\u00fcnyan\u0131n en ba\u015far\u0131l\u0131 birka\u00e7 te\u015fkilat\u0131ndan birisiyiz&#8221;Geli\u015fmi\u015f \u00fclkelerde de orman yang\u0131nlar\u0131 oldu\u011funa dikkati \u00e7eken Pakdemirli, bu durumun geli\u015fmi\u015flik ya da bat\u0131 medeniyetiyle alakal\u0131 olmad\u0131\u011f\u0131n\u0131 kaydetti.<\/p>\n<h4>Pakdemirli, \u015f\u00f6yle devam etti:<\/h4>\n<p>&#8220;Kanada&#8217;da temmuzda 1 milyon 250 bin hektar alan yand\u0131. Ge\u00e7en y\u0131l T\u00fcrkiye&#8217;de yanan alanlar\u0131n toplam\u0131 20 bin hektard\u0131r. 3 binin \u00fczerinde yang\u0131n vard\u0131r, 20 bin hektard\u0131r. Rusya&#8217;da temmuzda 1 milyon 88 bin hektar alan yand\u0131. Amerika&#8217;da Kaliforniya&#8217;da devam eden yang\u0131nlar var, temmuzda 94 bin hektar alan yand\u0131. Avustralya&#8217;y\u0131 hepimiz hat\u0131rl\u0131yoruz, 6 ay boyunca yanan yang\u0131nlar ve yang\u0131nlardan ka\u00e7amad\u0131klar\u0131 i\u00e7in vurulmak durumunda kalan hayvanlar\u0131 hepimiz hat\u0131rl\u0131yoruz.<\/p>\n<p>Bu i\u015fin organizasyonla alakas\u0131 var. Bu anlamda orman te\u015fkilat\u0131m\u0131za te\u015fekk\u00fcr ediyorum. 180 y\u0131ll\u0131k k\u00f6kl\u00fc bir ge\u00e7mi\u015fi olan te\u015fkilat. D\u00fcnyada pek benzeri olmayan bir \u00f6rg\u00fctlenmesi olan te\u015fkilat oldu\u011fumuz i\u00e7in biz ba\u015fta insan kayna\u011f\u0131m\u0131z olmak \u00fczere, belirlenen son teknolojilerle, insan\u0131m\u0131z\u0131n s\u00fcrekli e\u011fitimiyle bu konuda Allah&#8217;a bin \u015f\u00fck\u00fcr d\u00fcnyan\u0131n en ba\u015far\u0131l\u0131 birka\u00e7 te\u015fkilat\u0131 aras\u0131nday\u0131z.&#8221;<\/p>\n<p>Yang\u0131n \u00e7\u0131kt\u0131\u011f\u0131nda b\u00f6lgenin imara a\u00e7\u0131laca\u011f\u0131 y\u00f6n\u00fcnde \u00e7e\u015fitli s\u00f6ylemlerin ortaya at\u0131ld\u0131\u011f\u0131n\u0131, bu konular\u0131n istismar edilmemesi gerekti\u011fini dile getiren Pakdemirli, &#8220;Her zaman tekrar etti\u011fimiz gibi Anayasan\u0131n 169. maddesi, orman alanlar\u0131 daralt\u0131lamaz. \u0130mara konu edilemez, ba\u015fka \u015feye konu edilemez. Bunlarla ilgili istisnalar vard\u0131r, istisnalar devlet kurumlar\u0131nad\u0131r.&#8221; ifadesini kulland\u0131.<\/p>\n<p>&#8220;Tar\u0131msal hasar tespitleri ili\u015fkin \u00e7al\u0131\u015fmalar devam ediyor&#8221;Bakan Pakdemirli, 1300 sera ile 1600 hayvan\u0131n sigortal\u0131 oldu\u011funu s\u00f6yledi.<\/p>\n<p>Tar\u0131msal hasar tespitlerine ili\u015fkin \u00e7al\u0131\u015fmalar\u0131n devam etti\u011fini aktaran Pakdemirli, \u015funlar\u0131 kaydetti:<\/p>\n<p>&#8220;650 dekarl\u0131k 22 muz seras\u0131, 120 dekarl\u0131k 15 sebze seras\u0131 zarar g\u00f6rd\u00fc. 320 b\u00fcy\u00fckba\u015f, 3 bin k\u00fc\u00e7\u00fckba\u015f, 15 bin dekar zeytin, defne ve benzeri a\u011fa\u00e7l\u0131k alan ve 360 kovan kayb\u0131m\u0131z var. Kay\u0131plarla ilgili vatanda\u015flar\u0131m\u0131z\u0131n g\u00f6n\u00fclleri rahat olsun, bunlarla ilgili \u00f6nemli bir destek a\u00e7\u0131klayaca\u011f\u0131z. 15 t\u0131r kadar yem da\u011f\u0131t\u0131lmas\u0131 s\u00f6z konusu olacak. Bunu da bug\u00fcn ve yar\u0131n vatanda\u015flar\u0131m\u0131za da\u011f\u0131t\u0131yor olaca\u011f\u0131z. 50 teknik personelle hasar tespit \u00e7al\u0131\u015fmalar\u0131m\u0131z devam ediyor.&#8221;<\/p>\n<h4>Pakdemirli, yang\u0131nda yaban hayat\u0131n\u0131n da zarar g\u00f6rd\u00fc\u011f\u00fcne dikkati \u00e7ekti.<\/h4>\n<p>Ekim sonunda a\u011fa\u00e7land\u0131rmalara ba\u015flanacakOrman te\u015fkilat\u0131n\u0131n \u00f6zverili \u015fekilde \u00e7al\u0131\u015fmalar\u0131n\u0131 y\u00fcr\u00fctt\u00fc\u011f\u00fcne i\u015faret eden Pakdemirli, orman te\u015fkilat\u0131n\u0131n ordu ve polisten sonra T\u00fcrkiye&#8217;de en \u00e7ok \u015fehit veren kurum oldu\u011funun alt\u0131n\u0131 \u00e7izdi.<\/p>\n<p>Yang\u0131na y\u00f6nelik m\u00fccadelelerin istismar edilmemesini isteyen Pakdemirli, Antalya&#8217;da da belediyeler dahil t\u00fcm kurumlar\u0131n i\u015f birli\u011fiyle \u00f6rnek nitelikte bir \u00e7al\u0131\u015fma y\u00fcr\u00fct\u00fcld\u00fc\u011f\u00fcn\u00fc ifade etti.<\/p>\n<p>Yang\u0131nlar\u0131n sebebiyle ilgili \u00e7e\u015fitli spek\u00fclasyonlar\u0131n sosyal medyada dola\u015ft\u0131\u011f\u0131na de\u011finen Pakdemirli, vatanda\u015flar\u0131n resmi bilgiler d\u0131\u015f\u0131nda teyitli olmayan hi\u00e7bir bilgiye itibar etmemesini istedi.<\/p>\n<p>Yanan alanlar\u0131n ilk ya\u011fmurlarla beraber a\u011fa\u00e7land\u0131r\u0131laca\u011f\u0131n\u0131 vurgulayan Pakdemirli, ekim sonu ve kas\u0131m ay\u0131n\u0131n ba\u015f\u0131 gibi a\u011fa\u00e7land\u0131rma \u00e7al\u0131\u015fmalar\u0131na ba\u015flayacaklar\u0131n\u0131 bildirdi.<\/p>\n<p>Pakdemirli, vatanda\u015flar\u0131n da a\u011fa\u00e7 dikme kampanyalar\u0131na kat\u0131labileceklerini dile getirdi.<\/p>\n<p>&#8220;Orman te\u015fkilat\u0131 son teknolojiyle \u00e7al\u0131\u015fmalara kat\u0131l\u0131yor&#8221;Bir gazetecinin m\u00fccadelede kullan\u0131lan u\u00e7aklarla ilgili sorusu \u00fczerine Pakdemirli, orman te\u015fkilat\u0131n\u0131n son teknolojiyle \u00e7al\u0131\u015fmalara kat\u0131ld\u0131\u011f\u0131n\u0131 belirtti.<\/p>\n<p>Cumhurba\u015fkan\u0131 Recep Tayyip Erdo\u011fan&#8217;\u0131n talimatlar\u0131yla 4 bakan\u0131n Antalya&#8217;da oldu\u011funu, \u00e7al\u0131\u015fmalar\u0131 yerinde inceledi\u011fini aktaran Pakdemirli, m\u00fccadeleleri istismar etmek amac\u0131yla u\u00e7aklar \u00fczerinden tart\u0131\u015fmalar ortaya at\u0131ld\u0131\u011f\u0131n\u0131 dile getirdi.<\/p>\n<p>Orman te\u015fkilat\u0131n\u0131n, insan kayna\u011f\u0131 ve gerekli donan\u0131m a\u00e7\u0131s\u0131ndan d\u00fcnyan\u0131n en iyi te\u015fkilatlar\u0131ndan biri oldu\u011funu vurgulayan Pakdemirli, \u015funlar\u0131 kaydetti:<\/p>\n<p>&#8220;Bir eksik m\u00fcdahale var m\u0131d\u0131r? Asla yok. Burada &#8216;son teknoloji, insans\u0131z hava ara\u00e7lar\u0131, insans\u0131z hava helikopterleri&#8217; diyoruz. Hala antikac\u0131 d\u00fckkan\u0131 gibi 1960&#8217;lardan kalma u\u00e7aklar\u0131 kullanal\u0131m tarz\u0131nda a\u00e7\u0131klamalar yap\u0131l\u0131yor. Bu bizleri \u00fczmekten ba\u015fka bir \u015fey de\u011fil ama bizim i\u015fimiz matematik. Orman te\u015fkilat\u0131 bunlar\u0131 istemedi\u011fi i\u00e7in, bunlar\u0131 kullanmay\u0131 2-3 sene evvel b\u0131rakt\u0131k. Son teknoloji, \u00e7ok daha iyi olan, \u00e7ok daha su atan, \u00e7ok daha verimli u\u00e7aklar kullan\u0131yoruz.&#8221;<\/p>\n<p>&#8220;8 ila 10 b\u00fcy\u00fck yang\u0131n\u0131 koordine etmek zorunda kald\u0131k&#8221;Te\u015fkilatta 27 olan helikopter say\u0131s\u0131n\u0131n 39&#8217;a \u00e7\u0131kt\u0131\u011f\u0131n\u0131 belirten Pakdemirli, u\u00e7aktan daha fazla su atan helikopterleri kulland\u0131klar\u0131na dikkati \u00e7ekti.<\/p>\n<p>Pakdemirli, THK ile herhangi bir problemlerinin olmad\u0131\u011f\u0131na i\u015faret ederek \u015f\u00f6yle konu\u015ftu:<\/p>\n<p>&#8220;THK&#8217;nin elindeki u\u00e7aklar saatte 12 ton su at\u0131yor en fazla. Elimizdekiler 84 ton, 7 misli su at\u0131yor. Havada neyi u\u00e7urdu\u011fumuzun de\u011fil, yere ne kadar su att\u0131\u011f\u0131m\u0131z\u0131n \u00f6nemli olmas\u0131 laz\u0131m. \u0130hale sistemiyle al\u0131m yap\u0131yoruz. Envanterimizde yang\u0131n s\u00f6nd\u00fcrme u\u00e7a\u011f\u0131m\u0131z yok, yang\u0131n s\u00f6nd\u00fcrme helikopterimiz yok. Bu ezelden beri de b\u00f6yle. Ancak envantere u\u00e7ak al\u0131m\u0131 ile ilgili de Say\u0131n Cumhurba\u015fkan\u0131m\u0131z\u0131n talimatlar\u0131yla da \u00e7al\u0131\u015fmalara ba\u015flad\u0131k. \u0130halesini de in\u015fallah bu sene i\u00e7erisinde tamamlam\u0131\u015f olaca\u011f\u0131z.&#8221;<\/p>\n<p>Te\u015fkilat\u0131n iyi niyetle ve \u00e7ok yo\u011fun \u015fekilde \u00e7al\u0131\u015fma y\u00fcr\u00fctt\u00fc\u011f\u00fcne de\u011finen Pakdemirli, gereksiz tart\u0131\u015fmalar\u0131n te\u015fkilat\u0131n moralini bozdu\u011funu bildirdi.<\/p>\n<p>\u015eu anda yo\u011fun ve birden fazla yang\u0131nla kar\u015f\u0131 kar\u015f\u0131ya kald\u0131klar\u0131n\u0131 aktaran Pakdemirli, &#8220;Ge\u00e7en sene 8 b\u00fcy\u00fck yang\u0131n \u00e7\u0131kt\u0131, d\u00fcn ise 8 ila 10 b\u00fcy\u00fck yang\u0131n\u0131 koordine etmek zorunda kald\u0131k. Yani bu her zaman olan bir \u015fey de\u011fil. Son birka\u00e7 g\u00fcne \u00f6zel bir koordinasyon gerektirdi. Bu anlamda biraz yang\u0131nlar\u0131m\u0131z\u0131n kontrol alt\u0131na al\u0131n\u0131yor olmas\u0131yla gecikmeler olabilir ister istemez. Uzun zamana yay\u0131lmas\u0131 gereken yang\u0131nlar\u0131n bir anda bir araya gelmesiyle g\u00fc\u00e7lerimizin de \u00e7ok farkl\u0131 noktalarda m\u00fccadeleye girmesinden sebeptir.&#8221; ifadelerini kulland\u0131.<\/p>\n<p>Bakan \u00c7avu\u015fo\u011flu:&nbsp;Hasar tespiti yap\u0131lan vatanda\u015flar\u0131m\u0131za k\u0131smi \u00f6demelerini ba\u015flat\u0131yoruzD\u0131\u015fi\u015fleri Bakan\u0131 Mevl\u00fct \u00c7avu\u015fo\u011flu da b\u00f6lgede bir yandan s\u00f6nd\u00fcrme \u00e7al\u0131\u015fmalar\u0131n\u0131n s\u00fcrd\u00fc\u011f\u00fcn\u00fc bir yandan da hasar tespitlerinin yap\u0131ld\u0131\u011f\u0131n\u0131 s\u00f6yledi. \u00c7avu\u015fo\u011flu, &#8220;Hasar tespiti yap\u0131lan vatanda\u015flar\u0131m\u0131za k\u0131smi \u00f6demelerini yar\u0131ndan itibaren ba\u015flat\u0131yoruz. Ziraat Bankas\u0131 cumartesi g\u00fcn\u00fc bu ama\u00e7la a\u00e7\u0131k olacak.&#8221; dedi.<\/p>\n<p>\u00c7avu\u015fo\u011flu, &#8220;(Yang\u0131nlar\u0131) Kim yapt\u0131? Vatanda\u015flar\u0131n da bizim de \u015f\u00fcphelerimiz var. T\u00fcm kurumlar\u0131m\u0131z hassas bir \u00e7al\u0131\u015fma y\u00fcr\u00fct\u00fcyor. G\u00f6zalt\u0131na al\u0131nan \u015f\u00fcpheliler de var.&#8221; \u015feklinde konu\u015ftu.<\/p>\n<p>&#8220;Vatanda\u015flar\u0131m\u0131za t\u00fcm ihtiya\u00e7lar\u0131n\u0131 ula\u015ft\u0131rmak i\u00e7in bir koordinasyon merkezi olu\u015fturduk&#8221;Mevl\u00fct \u00c7avu\u015fo\u011flu, d\u00fcn ve bu sabah koordinasyon toplant\u0131lar\u0131 ger\u00e7ekle\u015ftirdiklerini s\u00f6yledi.<\/p>\n<p>Toplant\u0131lara Valilik, Antalya B\u00fcy\u00fck\u015fehir Belediyesi, AFAD ba\u015fta olmak \u00fczere t\u00fcm ilgili kurumlar\u0131n kat\u0131ld\u0131\u011f\u0131n\u0131 anlatan \u00c7avu\u015fo\u011flu, bu s\u00fcre\u00e7te gerek Manavgat gerek T\u00fcrkiye&#8217;de \u00f6zellikle de yang\u0131ndan hasar g\u00f6ren veya etkilenen vatanda\u015flara neler yap\u0131labilece\u011fini de\u011ferlendirdiklerini bildirdi.<\/p>\n<p>Yang\u0131nda 42 mahallenin etkilendi\u011fini tespit ettikleri bilgisini veren \u00c7avu\u015fo\u011flu, &#8220;27 mahalle tahliye edildi. 15 mahalle de k\u0131smen etkilendi. Valili\u011fimiz b\u00fcnyesinde t\u00fcm bu mahallelerimizdeki vatanda\u015flar\u0131m\u0131za t\u00fcm ihtiya\u00e7lar\u0131n\u0131 ula\u015ft\u0131rmak i\u00e7in bir koordinasyon merkezi olu\u015fturduk. Vali yard\u0131mc\u0131lar\u0131m\u0131z, kaymakamlar\u0131m\u0131z var. \u0130lgili kurumlardan arkada\u015flar\u0131m\u0131z var. Her \u00fc\u00e7 mahalleye de ayr\u0131 bir birim olu\u015fturduk ki vatanda\u015flar\u0131m\u0131z\u0131n acil ihtiya\u00e7lar\u0131 hemen kar\u015f\u0131lans\u0131n.&#8221; diye konu\u015ftu.<\/p>\n<p>Yang\u0131n s\u00f6nd\u00fcrme \u00e7al\u0131\u015fmalar\u0131 kadar sonras\u0131nda at\u0131lacak ad\u0131mlar\u0131n da \u00f6nemli oldu\u011funa de\u011finen \u00c7avu\u015fo\u011flu, hangi adamlar\u0131n at\u0131laca\u011f\u0131 konusunda sahadaki tespitlerinin devam etti\u011fini dile getirdi.<\/p>\n<p>\u00c7avu\u015fo\u011flu, sahada Tar\u0131m ve Orman Bakanl\u0131\u011f\u0131n\u0131n tespit \u00e7al\u0131\u015fmalar\u0131n\u0131 s\u00fcrd\u00fcrd\u00fc\u011f\u00fcn\u00fc vurgulayarak \u015f\u00f6yle konu\u015ftu:<\/p>\n<p>&#8220;\u00c7evre ve \u015eehircilik Bakanl\u0131\u011f\u0131m\u0131z, genel m\u00fcd\u00fcrlerimiz, ilgili arkada\u015flar\u0131m\u0131z burada. Sahadaki tespit \u00e7al\u0131\u015fmalar\u0131na ba\u015flad\u0131lar. Defterdarl\u0131k ayn\u0131 \u015fekilde \u00e7al\u0131\u015fmalar\u0131n\u0131 ba\u015flatt\u0131. Bu hasar tespitinden sonra vatanda\u015flar\u0131m\u0131z\u0131n t\u00fcm ihtiya\u00e7lar\u0131n\u0131 kar\u015f\u0131layaca\u011f\u0131z, yaralar\u0131 saraca\u011f\u0131z. Antalya&#8217;da 3, Mu\u011fla&#8217;da bir vatanda\u015f\u0131m\u0131z vefat etti, onlara rahmet diliyoruz. Giden canlar geri gelmez, a\u011fa\u00e7lar\u0131m\u0131z\u0131n yerine yenisini dikeriz. Vatanda\u015flar\u0131m\u0131z\u0131n da t\u00fcm ihtiya\u00e7lar\u0131n\u0131, zararlar\u0131 temin edece\u011fiz. Bu ama\u00e7la \u00e7al\u0131\u015fmalar\u0131 ba\u015flatt\u0131k. Yar\u0131ndan itibaren hasar tespiti yap\u0131lan vatanda\u015flar\u0131m\u0131za k\u0131smi \u00f6demeleri ba\u015flat\u0131yoruz. Vatanda\u015flar\u0131m\u0131za ilk \u00f6demeleri yapaca\u011f\u0131z. Hasar tespitleri tam yap\u0131lmadan kurumlar\u0131m\u0131zdan hemen ilk yard\u0131mlar gelmeye ba\u015flad\u0131. Tar\u0131m ve Orman Bakanl\u0131\u011f\u0131m\u0131z 8,5 milyon lira aktard\u0131. Aile ve Sosyal Hizmetler Bakanl\u0131\u011f\u0131m\u0131z biraz \u00f6nce de g\u00f6r\u00fc\u015ft\u00fck 5 milyon ama bu b\u00fct\u00e7eyi \u00e7ok daha art\u0131rabileceklerini s\u00f6ylediler. Ayn\u0131 \u015fekilde AFAD&#8217;\u0131m\u0131z da 5 milyon, \u00c7evre ve \u015eehircilik Bakanl\u0131\u011f\u0131m\u0131z ilk etapta acil ihtiya\u00e7lar i\u00e7in 5 milyon aktard\u0131. Acil ihtiya\u00e7lar i\u00e7in toplamda 23,5 milyon kurumlar\u0131m\u0131zdan, bakanl\u0131klar\u0131m\u0131zdan para aktar\u0131lmaya ba\u015flad\u0131.&#8221;<\/p>\n<p>&#8220;Yang\u0131nlar konusunda herkesin \u015f\u00fcphesi var&#8221;Bakan \u00c7avu\u015fo\u011flu ise bir gazetecinin, Manavgat&#8217;ta \u015f\u00fcpheliler ile vatanda\u015flar aras\u0131nda gerginlik ya\u015fand\u0131\u011f\u0131na ili\u015fkin sorusu \u00fczerine, ayn\u0131 anda T\u00fcrkiye&#8217;nin her yerinde yang\u0131nlar ba\u015flay\u0131nca kimin yapt\u0131\u011f\u0131 konusunda herkesin \u015f\u00fcpheleri oldu\u011funu dile getirdi.<\/p>\n<p>T\u00fcm kurumlar\u0131n bununla ilgili bir \u00e7al\u0131\u015fma y\u00fcr\u00fctt\u00fc\u011f\u00fcne dikkati \u00e7eken \u00c7avu\u015fo\u011flu, &#8220;Sadece Manavgat&#8217;ta \u00fc\u00e7, d\u00f6rt yerden birden yang\u0131n ba\u015flad\u0131. Sonra Akseki&#8217;de ba\u015flad\u0131, orada d\u00fcn yine ba\u015flad\u0131. Alanya, Gazipa\u015fa, G\u00fcndo\u011fmu\u015f il\u00e7esinde yang\u0131nlar var, onlar\u0131n hepsini takip ediyoruz. T\u00fcrkiye&#8217;nin farkl\u0131 yerlerinde ayn\u0131 anda ayn\u0131 b\u00f6lgede d\u00f6rt, be\u015f ayr\u0131 yerde birden yang\u0131n ba\u015flad\u0131. Bununla ilgili \u00e7al\u0131\u015fmalar s\u00fcr\u00fcyor. Di\u011fer taraftan baz\u0131 \u015f\u00fcpheliler de g\u00f6zalt\u0131na al\u0131nd\u0131.&#8221; de\u011ferlendirmesinde bulundu.<\/p>\n<p>&#8220;Manavgat&#8217;ta, jandarma ve polisimizin tespitine g\u00f6re, Antalya merkezden gelen 3 ki\u015fi, buradaki mahallemizdeki ki\u015filerin kimlik sormas\u0131yla ba\u015flayan tart\u0131\u015fmadan sonra &#8216;kundaklama&#8217; su\u00e7lamas\u0131yla bir g\u00f6zalt\u0131 olay\u0131 oldu. Jandarmam\u0131z olaya el koydu.&#8221; diyen \u00c7avu\u015fo\u011flu, vatanda\u015flarla polis ve jandarma aras\u0131nda bir gerginlik oldu\u011funu dile getirdi.<\/p>\n<p>Gerginli\u011fin uzun s\u00fcrd\u00fc\u011f\u00fcn\u00fc anlatan \u00c7avu\u015fo\u011flu, \u015f\u00f6yle devam etti:<\/p>\n<p>&#8220;Vatanda\u015flar, \u015f\u00fcpheli ki\u015filerin oradan b\u0131rak\u0131lmas\u0131na de\u011fil, kendilerine teslim edilmesi talebinde bulunmu\u015flar. Birka\u00e7 saat bu gerginlik s\u00fcr\u00fcnce bize haber verdiler. Ben de hem\u015fehrileri olarak gittim. Vard\u0131\u011f\u0131m zaman patlama noktas\u0131na gelmi\u015f bir gerginlik vard\u0131. Bize de hatta &#8216;Su\u00e7lular\u0131 korumaya m\u0131 geldiniz?&#8217; gibi su\u00e7lamalarda bulunmaya kalkt\u0131lar. Fakat daha sonra vatanda\u015flar\u0131m\u0131z\u0131n aras\u0131na girerek, onlarla konu\u015farak, durumu anlatarak, \u015f\u00fcpheli bir ki\u015finin su\u00e7luymu\u015f gibi muamele g\u00f6rmesinin do\u011fru olmad\u0131\u011f\u0131n\u0131, devletin kanunlar\u0131n\u0131n, kurallar\u0131n\u0131n oldu\u011funu, su\u00e7luysa da T\u00fcrkiye Cumhuriyeti&#8217;nin ilgili ceza kanunlar\u0131 var. Bu kanun \u00e7er\u00e7evesinde muamele g\u00f6receklerini, fakat bu \u015f\u00fcphenin ortadan kalkmas\u0131 i\u00e7in bu soru\u015fturman\u0131n yap\u0131lmas\u0131 gerekti\u011fini vatanda\u015flar\u0131m\u0131za dilimizin d\u00f6nd\u00fc\u011f\u00fc kadar anlatmaya \u00e7al\u0131\u015ft\u0131k.<\/p>\n<p>Sadece Manavgat&#8217;tan de\u011fil, Serik&#8217;ten, Alanya&#8217;dan gelen vatanda\u015flarla binlerce ki\u015finin orada birikti\u011fini g\u00f6rd\u00fck. E\u011fer bir \u015fey varsa &#8216;Bunun arkas\u0131nda ne var, ba\u011flant\u0131lar\u0131 ne?&#8217; soru\u015fturman\u0131n da yap\u0131lmas\u0131 gerekti\u011fini s\u00f6yledik. Her \u015feyden \u00f6nce b\u00f6yle her vatanda\u015f\u0131n birisini \u015f\u00fcpheli g\u00f6rd\u00fc\u011f\u00fcnde ya da su\u00e7 i\u015fledi\u011finde orada bir kavga b\u0131\u00e7aklama da olmu\u015f. O herkesin g\u00f6rd\u00fc\u011f\u00fc somut bir su\u00e7. Ama her \u015f\u00fcpheden sonra herkes birbirini lin\u00e7 etmeye kalkarsa olmaz, devletin nizam\u0131, kurallar\u0131 var, bunlar\u0131 anlatt\u0131k.&#8221;<\/p>\n<p>Bakan \u00c7avu\u015fo\u011flu, can ve mal kayb\u0131 oldu\u011funu, insanlar\u0131n hayvanlar\u0131n\u0131n, evlerinin, arazisinin yand\u0131\u011f\u0131n\u0131, bunlar\u0131n etkisiyle tepki verdiklerini dile getirdi.<\/p>\n<p>Vatanda\u015f\u0131n, polisini, jandarmas\u0131n\u0131 sevdi\u011fini vurgulayan \u00c7avu\u015fo\u011flu, \u015fu ifadeleri kulland\u0131:<\/p>\n<p>&#8220;D\u00fcn ak\u015fam gerginlik oldu, \u00e7ok \u015f\u00fck\u00fcr sonra sakinle\u015ftirdik, kucakla\u015ft\u0131k ve ufak tefek iti\u015f kak\u0131\u015flar olmu\u015f. Bu arbede de oluyor bu t\u00fcr gerginlik ortam\u0131nda. 3 \u015f\u00fcphelinin g\u00fcvenlik, emniyet g\u00fc\u00e7lerimiz taraf\u0131ndan gerekli incelemelerin yap\u0131lmas\u0131 i\u00e7in ilgili g\u00f6zalt\u0131 i\u015flemi ba\u015flad\u0131. D\u00fcn ak\u015famki ger\u00e7ekten b\u00fcy\u00fck bir gerginlikti. Biz de gittik, o gerginli\u011fi sakinle\u015ftirmek i\u00e7in elimizden geleni yapt\u0131k. Bunu ba\u015fka yerlere \u00e7ekenler de olmu\u015f, &#8216;yang\u0131ndan dolay\u0131 protesto edildi&#8217; falan diye. Do\u011fru, bize de tepkiler oldu vard\u0131\u011f\u0131m\u0131zda ama daha sonra vatanda\u015f\u0131m\u0131za anlat\u0131nca o tepkiler gitti\u011fi gibi tam tersi kucakla\u015ft\u0131k. Sonra telefonla bir\u00e7o\u011funu arad\u0131m te\u015fekk\u00fcr ettim. Onlar bize yard\u0131m etmeye ba\u015flad\u0131. Olay b\u00fcy\u00fcmeden gerekli i\u015flemler yap\u0131ld\u0131.&#8221;<\/p>\n<p>&#8220;18 bin civar\u0131nda aboneye elektrik verilemiyor&#8221;Bakan \u00c7avu\u015fo\u011flu da yang\u0131n\u0131n tar\u0131m alanlar\u0131 kadar altyap\u0131y\u0131 da etkiledi\u011fini, \u00f6zellikle elektrik kesintisi olan yerler bulundu\u011funu belirterek, \u015fu anda 18 bin civar\u0131ndaki aboneye elektrik verilemedi\u011fini s\u00f6yledi.<\/p>\n<p>Elektrik kurumu ile s\u00f6z konusu abone ve mahallelere en h\u0131zl\u0131 \u015fekilde elektrik verilmesi i\u00e7in \u00e7al\u0131\u015fmalar\u0131 s\u00fcrd\u00fcrd\u00fcklerini anlatan \u00c7avu\u015fo\u011flu, gerek Antalya&#8217;dan gerekse T\u00fcrkiye&#8217;nin her yerinden, bir taraftan fidan yard\u0131m\u0131 di\u011fer taraftan da ayni ve nakdi yard\u0131m g\u00f6ndermek i\u00e7in telefonlar\u0131n, tekliflerin geldi\u011fini kaydetti.<\/p>\n<p>\u00c7avu\u015fo\u011flu, AFAD b\u00fcnyesinde olu\u015fturulan merkezin yan\u0131 s\u0131ra de\u011fi\u015fik kurumlar\u0131n ve Antalyal\u0131lar\u0131n verdi\u011fi destekler sayesinde ia\u015fe ve ayni olarak herhangi bir ihtiyac\u0131n olmad\u0131\u011f\u0131n\u0131 belirterek \u015f\u00f6yle konu\u015ftu:<\/p>\n<p>&#8220;Nakdi yard\u0131m yapmak isteyen vatanda\u015flar\u0131m\u0131z da oldu. Talepte bulunanlar oldu. Bu ama\u00e7la valili\u011fimiz bir hesap a\u00e7\u0131yor. Bu hesab\u0131 kendisi duyuracakt\u0131r. D\u00fcn ak\u015fam TOBB Ba\u015fkan\u0131m\u0131z ayn\u0131 \u015fekilde arad\u0131, 5 milyon lira bu hesaba para g\u00f6ndermek istediklerini s\u00f6ylediler. Duyarl\u0131 vatanda\u015flar\u0131m\u0131za \u00e7ok te\u015fekk\u00fcr ederiz. Milletimiz c\u00f6merttir, elinden gelen deste\u011fi her zaman yapar. Antalyal\u0131 ve Manavgatl\u0131 hem\u015fehrilerimize \u00e7ok te\u015fekk\u00fcr ediyoruz. Onlar da yang\u0131ndan etkilenen gerek vatanda\u015flar\u0131m\u0131za sahip \u00e7\u0131kma konusunda gerekse ilgili yard\u0131mlar\u0131 ula\u015ft\u0131rma konusunda \u00e7ok duyarl\u0131lar, te\u015fekk\u00fcr ederiz. Yiyecek i\u00e7ecek konusunda \u00e7ok fazla \u00fcr\u00fcn geldi, ona ihtiya\u00e7 yok ama nakdi yard\u0131m yapmak isteyenler valili\u011fimizle temasa ge\u00e7ebilirler.&#8221;<\/p>\n<p>Bakan Kurum: Hasar tespit \u00e7al\u0131\u015fmalar\u0131 y\u00fcr\u00fct\u00fcl\u00fcyor\u00c7evre ve \u015eehircilik Bakan\u0131 Murat Kurum, devletin t\u00fcm kurumlar\u0131n\u0131n Cumhurba\u015fkan\u0131 Recep Tayyip Erdo\u011fan&#8217;\u0131n talimat\u0131yla ve seferberlik ruhuyla, yang\u0131ndan etkilenen vatanda\u015flar\u0131n yaralar\u0131n\u0131 sard\u0131\u011f\u0131n\u0131 dile getirdi.<\/p>\n<p>Mahalle mahalle yang\u0131n alanlar\u0131n\u0131 tarad\u0131klar\u0131n\u0131 aktaran Kurum, yang\u0131n s\u00f6nd\u00fcrme i\u015flemleri devam ederken hasar tespit \u00e7al\u0131\u015fmalar\u0131n\u0131n da yap\u0131ld\u0131\u011f\u0131n\u0131 anlatt\u0131.<\/p>\n<p>Yang\u0131n s\u00f6nd\u00fcrme i\u015fleminin bitmesine m\u00fcteakip \u00e7ok h\u0131zl\u0131 bir \u015fekilde alanlara gireceklerini ve hasar tespit \u00e7al\u0131\u015fmalar\u0131n\u0131 h\u0131zl\u0131 \u015fekilde bitireceklerini dile getiren Kurum, &#8220;D\u00fcn Manavgat&#8217;ta 4 farkl\u0131 noktada yang\u0131n ba\u015flam\u0131\u015f ve 27 mahallemizi yo\u011fun bir \u015fekilde etkilemi\u015fti. 27 mahallemiz bo\u015falt\u0131ld\u0131. 15 mahallemiz de k\u0131sm\u0131 olarak etkilenmi\u015f durumda.&#8221; dedi.<\/p>\n<p>Manavgat&#8217;\u0131n do\u011fu ve bat\u0131 k\u0131sm\u0131nda hasar\u0131n ger\u00e7ekle\u015fti\u011fine i\u015faret eden Kurum, \u015funlar\u0131 kaydetti:<\/p>\n<p>&#8220;Do\u011fu k\u0131sm\u0131nda \u00c7eltik\u00e7i, Karacalar ve Demirciler mahallelerinde 300 yap\u0131 tespit ettik. Tabii tamam\u0131 de\u011fil k\u0131smen etkilenme s\u00f6z konusu. Koordineli bir \u015fekilde alanlar\u0131n bize teslim edilmesine m\u00fcteakip de \u00e7al\u0131\u015fmalar\u0131 y\u00fcr\u00fct\u00fcyoruz. Yine Manavgat&#8217;\u0131n bat\u0131 k\u0131sm\u0131nda da Yenik\u00f6y, Kalemler, Sar\u0131lar ve Hatipler mahalleriyle G\u00fcltepe ve \u00c7akaldere mevkilerinde ise yakla\u015f\u0131k 2 bin yap\u0131 var. Yani toplamda 2 bin 300 yap\u0131n\u0131n bu yang\u0131n sebebiyle etkilendi\u011fini d\u00fc\u015f\u00fcn\u00fcyoruz. Bu \u00e7er\u00e7evede hasar tespit \u00e7al\u0131\u015fmalar\u0131 y\u00fcr\u00fct\u00fcl\u00fcyor ve \u015fu ana kadar yapm\u0131\u015f oldu\u011fumuz hasar tespit \u00e7al\u0131\u015fmalar\u0131nda 252 bina incelendi. Bu gerek binalar sahada mobil laboratuvar\u0131m\u0131zca gerek teknik ekiplerimizce inceleniyor ve fiilen a\u011f\u0131r hasarl\u0131 y\u0131k\u0131k ve acilen y\u0131k\u0131lacak toplamda 126 ba\u011f\u0131ms\u0131z b\u00f6l\u00fcm tespit ettik. Tespitlerimiz h\u0131zl\u0131 bir \u015fekilde devam edecek.&#8221;<\/p>\n<p>Kurum, vatanda\u015flarla bire bir g\u00f6r\u00fc\u015f\u00fcp ihtiya\u00e7lar\u0131n\u0131 dinlediklerine dikkati \u00e7ekerek, &#8220;B\u00f6lgenin mimarisine uygun bir \u015fekilde daha \u00f6nce \u0130zmir&#8217;de, Elaz\u0131\u011f&#8217;da, Malatya&#8217;da, Giresun&#8217;da yapt\u0131\u011f\u0131m\u0131z gibi burada da Antalya&#8217;m\u0131z\u0131n, Manavgat&#8217;\u0131m\u0131z\u0131n y\u00f6resel mimarisine uygun bir \u015fekilde konutlar\u0131m\u0131z\u0131n in\u015fas\u0131n\u0131 en ge\u00e7 bir ay i\u00e7inde ba\u015flataca\u011f\u0131z ve 1 y\u0131l i\u00e7inde de etaplar halinde teslim edece\u011fiz. TOK\u0130 Ba\u015fkanl\u0131\u011f\u0131m\u0131z s\u00fcreci ba\u015flatt\u0131.&#8221; diye konu\u015ftu.<\/p>\n<p>Ta\u015f\u0131nma ve e\u015fya yard\u0131mlar\u0131n\u0131 vereceklerine i\u015faret eden Kurum, yang\u0131ndan bir caminin k\u0131smi olarak etkilendi\u011fini, bir okulun a\u011f\u0131r hasarl\u0131 ve Orman B\u00f6lge M\u00fcd\u00fcrl\u00fc\u011f\u00fcne ait bir binan da hasarl\u0131 oldu\u011funu anlatt\u0131.<\/p>\n<p>Mersin&#8217;in Ayd\u0131nc\u0131k, G\u00fclnar ve Silifke il\u00e7elerinde yang\u0131nlar\u0131n oldu\u011funu belirten Kurum, &#8220;Burada da 465 yap\u0131n\u0131n bu yang\u0131ndan etkilendi\u011fini tespit ettik. Bu \u00e7er\u00e7evede hasar tespitlerimiz devam ediyor. Ayd\u0131nc\u0131k&#8217;ta 4 yap\u0131 a\u011f\u0131r hasarl\u0131 durumda. Marmaris&#8217;te k\u0131smen bir otelimizin peyzaj\u0131nda etkilenme var, onun d\u0131\u015f\u0131nda yap\u0131sal bir hasar yok. Osmaniye&#8217;de ba\u015flayan yang\u0131n nedeniyle 4 k\u00f6y\u00fcm\u00fcz\u00fc bo\u015faltt\u0131k ve merkeze ba\u011fl\u0131 K\u0131rmac\u0131lar mevkiinde 30 yap\u0131 hasarl\u0131 durumda. Yine Kotan ve Alada\u011f&#8217;da da 6 k\u00f6yde 1605 hanemizi tedbir ama\u00e7l\u0131 bo\u015faltt\u0131k. Orada da yang\u0131ndan etkilenen vatanda\u015flar\u0131m\u0131z\u0131n hasar tespitlerini h\u0131zl\u0131 bir \u015fekilde yapaca\u011f\u0131z.&#8221; ifadelerini kulland\u0131.<\/p>\n<p>Bakan Karaismailo\u011flu: Ula\u015ft\u0131rma ve haberle\u015fme a\u00e7\u0131s\u0131ndan herhangi bir s\u0131k\u0131nt\u0131m\u0131z yokUla\u015ft\u0131rma ve Altyap\u0131 Bakan\u0131 Adil Karaismailo\u011flu da yapt\u0131\u011f\u0131 a\u00e7\u0131klamada, yang\u0131nlar\u0131n s\u00f6nd\u00fcr\u00fclmesi i\u00e7in topyekun bir seferberlik i\u00e7inde olundu\u011funu s\u00f6yledi.<\/p>\n<p>En k\u0131sa zamanda bu yang\u0131nlar\u0131 s\u00f6nd\u00fcrme \u00e7abas\u0131nda olundu\u011funu belirten Karaismailo\u011flu, \u015f\u00f6yle konu\u015ftu:<\/p>\n<p>&#8220;Amac\u0131m\u0131z in\u015fallah olumlu geli\u015fmeleri sizlere k\u0131sa zamanda aktarmak. S\u0131k\u0131nt\u0131l\u0131 bir s\u00fcre\u00e7 ya\u015f\u0131yoruz. Allah t\u00fcm \u00e7al\u0131\u015fma arkada\u015flar\u0131m\u0131za g\u00fc\u00e7, kuvvet versin. Biz de onlara destek olmak i\u00e7in b\u00f6lgelerdeyiz. Ula\u015ft\u0131rma ve haberle\u015fme a\u00e7\u0131s\u0131ndan herhangi bir s\u0131k\u0131nt\u0131m\u0131z yok. Yine de mobil baz istasyonlar\u0131m\u0131z her ihtimale kar\u015f\u0131n b\u00f6lgelerde faaliyet halindeler. Kapasitelerimizi art\u0131rd\u0131k. \u0130n\u015fallah hep birlikte bu s\u0131k\u0131nt\u0131lar\u0131m\u0131z\u0131n \u00fcstesinden gelece\u011fiz. Vatanda\u015flar\u0131m\u0131z m\u00fcsterih olsunlar, bizim daha \u00f6nceki tecr\u00fcbelerimizde de ya\u015fand\u0131\u011f\u0131 gibi bu s\u0131k\u0131nt\u0131lar\u0131n bu sorunlar\u0131n \u00fczerinden en k\u0131sa zamanda devletimizin b\u00fcy\u00fck g\u00fcc\u00fcyle gelece\u011fiz. Bu yang\u0131nlar\u0131 bertaraf etmek i\u00e7in b\u00fct\u00fcn \u00e7aba g\u00f6steren arkada\u015flar\u0131m\u0131za Allah&#8217;tan yard\u0131m diliyorum.&#8221;<\/p>\n<p>Muhabir:&nbsp;Hatice \u00d6zdemir Tosun,Ay\u015fe Y\u0131ld\u0131z,S\u00fcleyman El\u00e7in, Ali Korkmaz, Yusuf \u015eahbaz<\/p>\n<p>AA<\/p>\n<\/div>\n<div id=\"parentdivEtiket_49401203\" class=\"data_tags\">\n<div id=\"splitteryayin_callbackhaberdetay_HaberDetayGoster_dListIliski_divEtiket_0\" class=\"ltr\">&nbsp;<\/div>\n<\/div>\n<div id=\"briti-1544826369\" class=\"briti-icerikten-sonra_2\" style=\"margin-top: 25px;margin-bottom: 25px;\"><a href=\"https:\/\/wa.me\/message\/NDZLLIOQT4H3O1\" aria-label=\"bytv reklam banner\"><img loading=\"lazy\" decoding=\"async\" src=\"https:\/\/by-tv.co.uk\/wp-content\/uploads\/2025\/12\/bytv-reklam-banner.jpg\" alt=\"\"  width=\"2376\" height=\"1008\"   \/><\/a><\/div>","protected":false},"excerpt":{"rendered":"<p>Bakan Pakdemirli: Yang\u0131nlar\u0131n 57&#8217;sini kontrol alt\u0131na ald\u0131k. Aktif olan t\u00fcm yang\u0131nlarda (yang\u0131nlar\u0131n kontrol alt\u0131na al\u0131nmas\u0131 ve s\u00f6nd\u00fcr\u00fclmesi) iyiye do\u011fru bir gidi\u015f var.&#8221; diyerek, yang\u0131nlar\u0131n 57&#8217;sininin kontrol alt\u0131na al\u0131nd\u0131\u011f\u0131n\u0131 s\u00f6yledi. &nbsp;Tar\u0131m ve Orman Bakan\u0131 Bekir Pakdemirli, D\u0131\u015fi\u015fleri Bakan\u0131 Mevl\u00fct \u00c7avu\u015fo\u011flu, \u00c7evre ve \u015eehircilik Bakan\u0131 Murat Kurum ile Ula\u015ft\u0131rma ve Altyap\u0131 Bakan\u0131 Adil Karaismailo\u011flu, Antalya&#8217;n\u0131n Manavgat il\u00e7esindeki yang\u0131n y\u00f6netim merkezinde gazetecilere, yang\u0131nlarla ilgili a\u00e7\u0131klama yapt\u0131. Pakdemirli, \u00fclke genelinde ayn\u0131 anda birden fazla yang\u0131n \u00e7\u0131kt\u0131\u011f\u0131n\u0131, m\u00fcdahalelerin yo\u011fun \u015fekilde s\u00fcrd\u00fc\u011f\u00fcn\u00fc s\u00f6yledi. \u00dclke genelindeki yang\u0131nlar\u0131n 57&#8217;sinin kontrol alt\u0131na al\u0131nd\u0131\u011f\u0131n\u0131 vurgulayan Pakdemirli, &#8220;3 u\u00e7ak, 9 \u0130HA, insans\u0131z helikopter, 1 su tank\u0131, 38 helikopter, 680 araz\u00f6z, 55 [&hellip;]<\/p>\n","protected":false},"author":1,"featured_media":12011,"comment_status":"open","ping_status":"open","sticky":false,"template":"","format":"standard","meta":{"ngg_post_thumbnail":0,"footnotes":""},"categories":[1],"tags":[],"class_list":["post-12010","post","type-post","status-publish","format-standard","has-post-thumbnail","hentry","category-genel"],"_links":{"self":[{"href":"https:\/\/by-tv.co.uk\/en\/wp-json\/wp\/v2\/posts\/12010","targetHints":{"allow":["GET"]}}],"collection":[{"href":"https:\/\/by-tv.co.uk\/en\/wp-json\/wp\/v2\/posts"}],"about":[{"href":"https:\/\/by-tv.co.uk\/en\/wp-json\/wp\/v2\/types\/post"}],"author":[{"embeddable":true,"href":"https:\/\/by-tv.co.uk\/en\/wp-json\/wp\/v2\/users\/1"}],"replies":[{"embeddable":true,"href":"https:\/\/by-tv.co.uk\/en\/wp-json\/wp\/v2\/comments?post=12010"}],"version-history":[{"count":0,"href":"https:\/\/by-tv.co.uk\/en\/wp-json\/wp\/v2\/posts\/12010\/revisions"}],"wp:featuredmedia":[{"embeddable":true,"href":"https:\/\/by-tv.co.uk\/en\/wp-json\/wp\/v2\/media\/12011"}],"wp:attachment":[{"href":"https:\/\/by-tv.co.uk\/en\/wp-json\/wp\/v2\/media?parent=12010"}],"wp:term":[{"taxonomy":"category","embeddable":true,"href":"https:\/\/by-tv.co.uk\/en\/wp-json\/wp\/v2\/categories?post=12010"},{"taxonomy":"post_tag","embeddable":true,"href":"https:\/\/by-tv.co.uk\/en\/wp-json\/wp\/v2\/tags?post=12010"}],"curies":[{"name":"wp","href":"https:\/\/api.w.org\/{rel}","templated":true}]}}