{"id":11956,"date":"2021-07-28T11:02:11","date_gmt":"2021-07-28T10:02:11","guid":{"rendered":"https:\/\/by-tv.co.uk\/?p=11956"},"modified":"2021-07-28T11:02:11","modified_gmt":"2021-07-28T10:02:11","slug":"ingiliz-havacilik-sektoru","status":"publish","type":"post","link":"https:\/\/by-tv.co.uk\/en\/ingiliz-havacilik-sektoru\/","title":{"rendered":"\u0130ngiliz havac\u0131l\u0131k sekt\u00f6r\u00fcnden AB ve ABD&#8217;den gelen yolcular i\u00e7in karantina kurallar\u0131n\u0131n gev\u015fetilmesi \u00e7a\u011fr\u0131s\u0131"},"content":{"rendered":"<p data-reactid=\".q05hc9mars.2.0.0.1.0.1.0.$lx-tabs0.0.$lx-commentary.$lx-commentary.2.0.1.1.1:$post-6101193f8bd9177676784f23.0.6.0.0:$post_1\">\u0130ngiliz havac\u0131l\u0131k sekt\u00f6r\u00fc, yolcular\u0131n a\u015f\u0131 durumlar\u0131n\u0131 kontrol etme denemesini tamamlad\u0131ktan sonra AB ve ABD&#8217;den gelen yolcular i\u00e7in karantina kurallar\u0131n\u0131n gev\u015fetilmesi i\u00e7in bast\u0131r\u0131yor.<\/p>\n<p data-reactid=\".q05hc9mars.2.0.0.1.0.1.0.$lx-tabs0.0.$lx-commentary.$lx-commentary.2.0.1.1.1:$post-6101193f8bd9177676784f23.0.6.0.0:$post_2\"><a href=\"https:\/\/www.bbc.co.uk\/news\/uk-57992929\" target=\"_blank\" rel=\"noopener\">BBC&#8217;nin haberine g\u00f6re<\/a> British Airways, Virgin Atlantic ve Heathrow <a href=\"https:\/\/by-tv.co.uk\/en\/?s=havayolu\">Havaalan\u0131,<\/a> a\u015f\u0131 durumunun s\u0131n\u0131rdan uzakta kontrol edilebilece\u011fini ve kehribar listesindeki \u00fclkelerden Birle\u015fik Krall\u0131k&#8217;a g\u00fcvenli giri\u015fe izin verebilece\u011fini g\u00f6stermek istedi.<\/p>\n<div id=\"attachment_11957\" style=\"width: 1821px\" class=\"wp-caption alignleft\"><img loading=\"lazy\" decoding=\"async\" aria-describedby=\"caption-attachment-11957\" class=\"size-full wp-image-11957\" src=\"https:\/\/by-tv.co.uk\/wp-content\/uploads\/2021\/07\/E7XJlBLXEAEtLAU.jpg\" alt=\"\" width=\"1811\" height=\"1200\" title=\"\"><p id=\"caption-attachment-11957\" class=\"wp-caption-text\">\u0130ngiliz havac\u0131l\u0131k sekt\u00f6r\u00fc AB ve ABD&#8217;den gelen yolcular i\u00e7in karantina kurallar\u0131n\u0131n gev\u015fetilmesi i\u00e7in bast\u0131r\u0131yor.<br \/>Credit: @HeathrowAirport<\/p><\/div>\n<p data-reactid=\".q05hc9mars.2.0.0.1.0.1.0.$lx-tabs0.0.$lx-commentary.$lx-commentary.2.0.1.1.1:$post-6101193f8bd9177676784f23.0.6.0.0:$post_3\">&nbsp;<\/p>\n<p data-reactid=\".q05hc9mars.2.0.0.1.0.1.0.$lx-tabs0.0.$lx-commentary.$lx-commentary.2.0.1.1.1:$post-6101193f8bd9177676784f23.0.6.0.0:$post_3\">&nbsp;<\/p>\n<p data-reactid=\".q05hc9mars.2.0.0.1.0.1.0.$lx-tabs0.0.$lx-commentary.$lx-commentary.2.0.1.1.1:$post-6101193f8bd9177676784f23.0.6.0.0:$post_3\">&nbsp;<\/p>\n<p data-reactid=\".q05hc9mars.2.0.0.1.0.1.0.$lx-tabs0.0.$lx-commentary.$lx-commentary.2.0.1.1.1:$post-6101193f8bd9177676784f23.0.6.0.0:$post_3\">\u015eirketler, ABD, Karayipler ve Avrupa&#8217;dan Heathrow&#8217;a seyahat eden yakla\u015f\u0131k 250 tam a\u015f\u0131l\u0131 kat\u0131l\u0131mc\u0131n\u0131n yer ald\u0131\u011f\u0131 10 g\u00fcnl\u00fck test s\u0131ras\u0131nda belgelerin %99&#8217;unun do\u011fruland\u0131\u011f\u0131n\u0131 s\u00f6yledi.<\/p><div id=\"briti-366425446\" class=\"briti-icerik\" style=\"margin-top: 5px;margin-bottom: 5px;\"><a href=\"https:\/\/piaryum.com\/services\/\" aria-label=\"piaryum banner\"><img loading=\"lazy\" decoding=\"async\" src=\"https:\/\/by-tv.co.uk\/wp-content\/uploads\/2025\/12\/Gemini_Generated_Image_g5yqr1g5yqr1g5yq.jpg\" alt=\"\"  width=\"2064\" height=\"1152\"   \/><\/a><\/div>\n<p data-reactid=\".q05hc9mars.2.0.0.1.0.1.0.$lx-tabs0.0.$lx-commentary.$lx-commentary.2.0.1.1.1:$post-6101193f8bd9177676784f23.0.6.0.0:$post_4\">\u015eirketler, iki yolcunun kimlik bilgilerinin reddedildi\u011fini s\u00f6yl\u00fcyor &#8211; biri a\u015f\u0131lar\u0131 seyahate 14 g\u00fcnden az bir s\u00fcre kala tamamland\u0131\u011f\u0131 i\u00e7in, di\u011feri de pasaport ve a\u015f\u0131 kart\u0131ndaki isim aras\u0131ndaki tutars\u0131zl\u0131k nedeniyle.<\/p>\n<p data-reactid=\".q05hc9mars.2.0.0.1.0.1.0.$lx-tabs0.0.$lx-commentary.$lx-commentary.2.0.1.1.1:$post-6101193f8bd9177676784f23.0.6.0.0:$post_5\">Heathrow patronu John Holland-Kaye: &#8220;Bu denemeler, AB ve ABD&#8217;den tamamen a\u015f\u0131lanm\u0131\u015f yolcular\u0131n karantinaya almadan \u0130ngiltere&#8217;yi ziyaret etmesine izin verebilece\u011fimizi g\u00f6sterdi.&#8221; dedi.<\/p>\n<div class=\"ssrcss-uf6wea-RichTextComponentWrapper e1xue1i84\" data-component=\"text-block\">\n<div class=\"ssrcss-18snukc-RichTextContainer e5tfeyi1\">\n<p class=\"ssrcss-1q0x1qg-Paragraph eq5iqo00\"><span><span class=\"\">S\u0131n\u0131r kurallar\u0131n\u0131n g\u00f6zden ge\u00e7irilmesi, Ula\u015ft\u0131rma Bakanl\u0131\u011f\u0131&#8217;n\u0131n uluslararas\u0131 seyahate g\u00fcvenli bir d\u00f6n\u00fc\u015f plan\u0131ndaki ikinci tarih olan 31 Temmuz&#8217;a kadar yap\u0131lacak.<\/span><\/span><\/p>\n<\/div>\n<\/div>\n<div class=\"ssrcss-uf6wea-RichTextComponentWrapper e1xue1i84\" data-component=\"text-block\">\n<div class=\"ssrcss-18snukc-RichTextContainer e5tfeyi1\">\n<h4 class=\"ssrcss-1q0x1qg-Paragraph eq5iqo00\"><span>Kaynaklar, izolasyon muafiyetinin \u00c7ar\u015famba g\u00fcnk\u00fc Covid&nbsp; toplant\u0131s\u0131nda tart\u0131\u015f\u0131laca\u011f\u0131n\u0131 s\u00f6yledi.<\/span><\/h4>\n<\/div>\n<\/div>\n<div class=\"ssrcss-uf6wea-RichTextComponentWrapper e1xue1i84\" data-component=\"text-block\">\n<div class=\"ssrcss-18snukc-RichTextContainer e5tfeyi1\">\n<p class=\"ssrcss-1q0x1qg-Paragraph eq5iqo00\"><span>\u015eu anda, Birle\u015fik Krall\u0131k&#8217;ta a\u015f\u0131lar\u0131 tam olan ki\u015filer, Fransa d\u0131\u015f\u0131nda ABD ve AB&#8217;den seyahat ederken karantinaya almak zorunda de\u011filler, \u00e7\u00fcnk\u00fc bu yerler sar\u0131 listede (ve baz\u0131 AB \u00fclkeleri ye\u015fil listede). Ancak bu muafiyet, Birle\u015fik Krall\u0131k d\u0131\u015f\u0131nda a\u015f\u0131lanm\u0131\u015f ki\u015filer i\u00e7in ge\u00e7erli de\u011fildir.<\/span><\/p>\n<\/div>\n<\/div>\n<div class=\"ssrcss-uf6wea-RichTextComponentWrapper e1xue1i84\" data-component=\"text-block\">\n<div class=\"ssrcss-18snukc-RichTextContainer e5tfeyi1\">\n<p class=\"ssrcss-1q0x1qg-Paragraph eq5iqo00\"><span>Ba\u015fbakanl\u0131k ve Ula\u015ft\u0131rma Bakanl\u0131\u011f\u0131, h\u00fck\u00fcmetin ABD ve AB&#8217;de a\u015f\u0131lanm\u0131\u015f ki\u015fileri de muaf tutma plan\u0131na devam edece\u011fi y\u00f6n\u00fcndeki gazete haberleri hakk\u0131nda yorum yapmaktan ka\u00e7\u0131nd\u0131.<\/span><\/p>\n<h4>Seyahat End\u00fcstrisi bast\u0131r\u0131yor<\/h4>\n<\/div>\n<\/div>\n<div class=\"ssrcss-uf6wea-RichTextComponentWrapper e1xue1i84\" data-component=\"text-block\">\n<div class=\"ssrcss-18snukc-RichTextContainer e5tfeyi1\">\n<p class=\"ssrcss-1q0x1qg-Paragraph eq5iqo00\"><span>Seyahat end\u00fcstrisi, yurtd\u0131\u015f\u0131nda ya\u015fayan insanlar\u0131n tatil i\u00e7in \u0130ngiltere&#8217;ye daha kolay gelebilmeleri veya sevdiklerini ziyaret edebilmeleri i\u00e7in kurallardaki bu de\u011fi\u015fiklik i\u00e7in bask\u0131 yap\u0131yor.<\/span><\/p>\n<\/div>\n<\/div>\n<div class=\"ssrcss-uf6wea-RichTextComponentWrapper e1xue1i84\" data-component=\"text-block\">\n<div class=\"ssrcss-18snukc-RichTextContainer e5tfeyi1\">\n<p class=\"ssrcss-1q0x1qg-Paragraph eq5iqo00\"><span>&#8220;\u015eu anda biraz sa\u00e7ma bir durumday\u0131z, e\u011fer \u0130spanya&#8217;dan gelen bir u\u00e7aktaysam, \u00e7\u00fcnk\u00fc \u015fansl\u0131y\u0131m ki iki kez i\u011fne vurulmu\u015fum, \u0130ngiltere&#8217;ye vard\u0131\u011f\u0131m\u0131zda \u00f6ylece dola\u015f\u0131yorum, sorun de\u011fil.&#8221; dedi seyahat uzman\u0131 Simon Calder.<\/span><\/p>\n<\/div>\n<\/div>\n<div class=\"ssrcss-uf6wea-RichTextComponentWrapper e1xue1i84\" data-component=\"text-block\">\n<div class=\"ssrcss-18snukc-RichTextContainer e5tfeyi1\">\n<p class=\"ssrcss-1q0x1qg-Paragraph eq5iqo00\"><span>&#8220;Ama yan\u0131mda oturan, a\u015f\u0131lar\u0131n\u0131 Birle\u015fik Krall\u0131k&#8217;ta de\u011fil, \u0130spanya&#8217;da yapt\u0131ran ki\u015fi, gidip 10 g\u00fcn boyunca bir odada oturmak zorunda. Mant\u0131kl\u0131 de\u011fil.&#8221;<\/span><\/p>\n<\/div>\n<\/div>\n<div id=\"briti-165306152\" class=\"briti-icerikten-sonra_2\" style=\"margin-top: 25px;margin-bottom: 25px;\"><a href=\"https:\/\/wa.me\/message\/NDZLLIOQT4H3O1\" aria-label=\"bytv reklam banner\"><img loading=\"lazy\" decoding=\"async\" src=\"https:\/\/by-tv.co.uk\/wp-content\/uploads\/2025\/12\/bytv-reklam-banner.jpg\" alt=\"\"  width=\"2376\" height=\"1008\"   \/><\/a><\/div>","protected":false},"excerpt":{"rendered":"<p>\u0130ngiliz havac\u0131l\u0131k sekt\u00f6r\u00fc, yolcular\u0131n a\u015f\u0131 durumlar\u0131n\u0131 kontrol etme denemesini tamamlad\u0131ktan sonra AB ve ABD&#8217;den gelen yolcular i\u00e7in karantina kurallar\u0131n\u0131n gev\u015fetilmesi i\u00e7in bast\u0131r\u0131yor. BBC&#8217;nin haberine g\u00f6re British Airways, Virgin Atlantic ve Heathrow Havaalan\u0131, a\u015f\u0131 durumunun s\u0131n\u0131rdan uzakta kontrol edilebilece\u011fini ve kehribar listesindeki \u00fclkelerden Birle\u015fik Krall\u0131k&#8217;a g\u00fcvenli giri\u015fe izin verebilece\u011fini g\u00f6stermek istedi. &nbsp; &nbsp; &nbsp; \u015eirketler, ABD, Karayipler ve Avrupa&#8217;dan Heathrow&#8217;a seyahat eden yakla\u015f\u0131k 250 tam a\u015f\u0131l\u0131 kat\u0131l\u0131mc\u0131n\u0131n yer ald\u0131\u011f\u0131 10 g\u00fcnl\u00fck test s\u0131ras\u0131nda belgelerin %99&#8217;unun do\u011fruland\u0131\u011f\u0131n\u0131 s\u00f6yledi. \u015eirketler, iki yolcunun kimlik bilgilerinin reddedildi\u011fini s\u00f6yl\u00fcyor &#8211; biri a\u015f\u0131lar\u0131 seyahate 14 g\u00fcnden az bir s\u00fcre kala tamamland\u0131\u011f\u0131 i\u00e7in, di\u011feri de pasaport ve a\u015f\u0131 [&hellip;]<\/p>\n","protected":false},"author":1,"featured_media":0,"comment_status":"open","ping_status":"open","sticky":false,"template":"","format":"standard","meta":{"ngg_post_thumbnail":0,"footnotes":""},"categories":[1],"tags":[3596,3597],"class_list":["post-11956","post","type-post","status-publish","format-standard","hentry","category-genel","tag-havacilik-sektoru","tag-seyahat-kurallari"],"_links":{"self":[{"href":"https:\/\/by-tv.co.uk\/en\/wp-json\/wp\/v2\/posts\/11956","targetHints":{"allow":["GET"]}}],"collection":[{"href":"https:\/\/by-tv.co.uk\/en\/wp-json\/wp\/v2\/posts"}],"about":[{"href":"https:\/\/by-tv.co.uk\/en\/wp-json\/wp\/v2\/types\/post"}],"author":[{"embeddable":true,"href":"https:\/\/by-tv.co.uk\/en\/wp-json\/wp\/v2\/users\/1"}],"replies":[{"embeddable":true,"href":"https:\/\/by-tv.co.uk\/en\/wp-json\/wp\/v2\/comments?post=11956"}],"version-history":[{"count":0,"href":"https:\/\/by-tv.co.uk\/en\/wp-json\/wp\/v2\/posts\/11956\/revisions"}],"wp:attachment":[{"href":"https:\/\/by-tv.co.uk\/en\/wp-json\/wp\/v2\/media?parent=11956"}],"wp:term":[{"taxonomy":"category","embeddable":true,"href":"https:\/\/by-tv.co.uk\/en\/wp-json\/wp\/v2\/categories?post=11956"},{"taxonomy":"post_tag","embeddable":true,"href":"https:\/\/by-tv.co.uk\/en\/wp-json\/wp\/v2\/tags?post=11956"}],"curies":[{"name":"wp","href":"https:\/\/api.w.org\/{rel}","templated":true}]}}