{"id":11825,"date":"2021-07-22T23:28:23","date_gmt":"2021-07-22T22:28:23","guid":{"rendered":"https:\/\/by-tv.co.uk\/?p=11825"},"modified":"2021-07-22T23:28:23","modified_gmt":"2021-07-22T22:28:23","slug":"bir-dakika-britanya-22-temmuz-2021","status":"publish","type":"post","link":"https:\/\/by-tv.co.uk\/en\/bir-dakika-britanya-22-temmuz-2021\/","title":{"rendered":"Bir Dakika Britanya ile g\u00fcndemi yakalay\u0131n, 22 Temmuz 2021"},"content":{"rendered":"<p style=\"text-align: left;\">Bir Dakika Britanya ile hafta i\u00e7i her g\u00fcn \u0130ngiltere g\u00fcndemini \u00f6zetliyoruz.<br \/>\n#22Temmuz2021 #birdakikabritanya<br \/>\n1 dakikada #Britanya<br \/>\nHafta i\u00e7i her g\u00fcn burada<br \/>\nBritanya g\u00fcndeminin 60 saniyelik \u00f6zeti<\/p>\n<div class=\"mnmd-responsive-video\"><iframe loading=\"lazy\" title=\"Bir Dakika Britanya,  22 Temmuz 2021\" width=\"1200\" height=\"900\" src=\"https:\/\/www.youtube.com\/embed\/MHN8UCIng_c?feature=oembed\" frameborder=\"0\" allow=\"accelerometer; autoplay; clipboard-write; encrypted-media; gyroscope; picture-in-picture\" allowfullscreen><\/iframe><\/div>\n<h4 style=\"text-align: left;\"><b>\u0130ngiltere kamu bor\u00e7lanmas\u0131<\/b><\/h4>\n<p style=\"text-align: left;\">\ud83d\udd34<span style=\"font-weight: 400;\">\u0130ngiliz Ulusal \u0130statistik (ONS) verilerine g\u00f6re, \u00fclkede Haziran 2021&#8217;e k\u0131yasla kamu bor\u00e7lanmas\u0131 5,5 milyar sterlin azalarak 22,8 milyar sterline indi.<\/span><\/p>\n<h4>Salg\u0131nla m\u00fccadelede rekor harcama: 942,7 milyar sterlin<\/h4>\n<p style=\"text-align: left;\">\ud83d\udd34<span style=\"font-weight: 400;\">\u0130ngiliz h\u00fck\u00fcmeti salg\u0131nla m\u00fccadelede, i\u015fletmelerin ve \u00e7al\u0131\u015fanlar\u0131n desteklenmesi i\u00e7in toplam 942,7 milyar sterlin harcama yapt\u0131.<\/span><\/p><div id=\"briti-1917167793\" class=\"briti-icerik\" style=\"margin-top: 5px;margin-bottom: 5px;\"><a href=\"https:\/\/piaryum.com\/services\/\" aria-label=\"piaryum banner\"><img loading=\"lazy\" decoding=\"async\" src=\"https:\/\/by-tv.co.uk\/wp-content\/uploads\/2025\/12\/Gemini_Generated_Image_g5yqr1g5yqr1g5yq.jpg\" alt=\"\"  width=\"2064\" height=\"1152\"   \/><\/a><\/div>\n<h4 style=\"text-align: left;\">Cineworld \u0130ngiltere\u2019deki 127 sinemay\u0131 kapat\u0131yor<\/h4>\n<p style=\"text-align: left;\">\ud83d\udd34<span style=\"font-weight: 400;\">Koronavir\u00fcs salg\u0131n\u0131ndan olumsuz etkilenen d\u00fcnyan\u0131n en b\u00fcy\u00fck ikinci sinema zinciri Cineworldden yap\u0131lan a\u00e7\u0131klamada ABD\u2019deki 536, \u0130ngiltere\u2019deki 127 salonun 8 Ekim itibar\u0131yla kapat\u0131laca\u011f\u0131 duyuruldu. Kararla birlikte yakla\u015f\u0131k 45 bin ki\u015finin i\u015fsiz kalmas\u0131 bekleniyor.<\/span><\/p>\n<h4>Fransa&#8217;ya 62 milyon euro<\/h4>\n<p style=\"text-align: left;\">\ud83d\udd34<span style=\"font-weight: 400;\">\u0130ngiltere, yasa d\u0131\u015f\u0131 g\u00f6\u00e7\u00fc engellemesi i\u00e7in Fransa&#8217;ya 62 milyon euro \u00f6deyecek. <\/span><span style=\"font-weight: 400;\">Fransa yasa d\u0131\u015f\u0131 g\u00f6\u00e7menleri ta\u015f\u0131yan teknelerin \u0130ngiliz k\u0131y\u0131lar\u0131na ula\u015fmas\u0131n\u0131 \u00f6nlemek i\u00e7in daha fazla polis g\u00f6revlendirmeyi ve Frans\u0131z k\u0131y\u0131lar\u0131nda tespit teknolojisine yat\u0131r\u0131m yapmay\u0131 kabul etti.<\/span><\/p>\n<h4>Baz\u0131 mekanlara a\u015f\u0131 kan\u0131t\u0131&nbsp;<\/h4>\n<p style=\"text-align: left;\">\ud83d\udd34<span style=\"font-weight: 400;\">Boris Johnson, Eyl\u00fcl ay\u0131 sonundan itibaren gece kul\u00fcb\u00fcne giden herkesin iki doz Covid-19 a\u015f\u0131s\u0131 kan\u0131t\u0131 g\u00f6stermesi gerekti\u011fini a\u00e7\u0131klad\u0131. Bu a\u00e7\u0131klama a\u015f\u0131 pasaportlar\u0131n\u0131n yasa gere\u011fi baz\u0131 yerlerde gerekli olaca\u011f\u0131n\u0131n bir i\u015fareti olarak alg\u0131land\u0131. Ba\u015fbakan &#8220;b\u00fcy\u00fck kalabal\u0131klar\u0131n topland\u0131\u011f\u0131 di\u011fer mekanlar&#8221; i\u00e7inde benzer bir uygulaman\u0131n yap\u0131labilece\u011fini s\u00f6yledi.&nbsp;&nbsp;<\/span><\/p>\n<h5 style=\"text-align: left;\"><a href=\"https:\/\/by-tv.co.uk\/en\/?s=bir+dakika+britanya\"><strong>Bir Dakika Britanya<\/strong><\/a><\/h5>\n<div id=\"attachment_11744\" style=\"width: 1090px\" class=\"wp-caption alignleft\"><a href=\"https:\/\/www.instagram.com\/explore\/tags\/birdakikabritanya\/\" target=\"_blank\" rel=\"noopener\"><img loading=\"lazy\" decoding=\"async\" aria-describedby=\"caption-attachment-11744\" class=\"wp-image-11744 size-full\" src=\"https:\/\/by-tv.co.uk\/wp-content\/uploads\/2021\/07\/1-dk-britanya-3.jpg\" alt=\"\" width=\"1080\" height=\"1080\" title=\"\"><\/a><p id=\"caption-attachment-11744\" class=\"wp-caption-text\">Bir Dakika Britanya etiketiyle yay\u0131nlanan b\u00fct\u00fcn videolara ula\u015fmak i\u00e7in bu g\u00f6rsele t\u0131klay\u0131n.<\/p><\/div>\n<p style=\"text-align: left;\">Bir Dakika Britanya b\u00fcltenine reklam vermek i\u00e7in hemen aray\u0131n veya WhatsApp\u2019tan mesaj at\u0131n biz sizi arayal\u0131m! <a href=\"https:\/\/api.whatsapp.com\/message\/NDZLLIOQT4H3O1\" target=\"_blank\" rel=\"noopener\">07857359643<\/a><\/p>\n<p style=\"text-align: left;\"><strong><a href=\"https:\/\/api.whatsapp.com\/message\/NDZLLIOQT4H3O1\" target=\"_blank\" rel=\"noopener\">WhatsApp\u2019tan Ara veya Mesaj G\u00f6nder!<\/a><\/strong><\/p>\n<h4 style=\"text-align: left;\">Neden Brit \u0130\u015f Ya\u015fam TV?<\/h4>\n<p style=\"text-align: left;\">Brit \u0130\u015f Ya\u015fam TV; ad\u0131ndan da anla\u015f\u0131laca\u011f\u0131 gibi daha \u00e7ok \u0130ngiltere\u2019deki ve a\u011f\u0131rl\u0131kl\u0131 olarak Ba\u015fkent Londra\u2019daki i\u015f ve ya\u015fam haberlerine odaklanm\u0131\u015f \u0130ngiltere\u2019de T\u00fcrk\u00e7e yay\u0131n yapan tematik bir haber sitesidir. Haber sitemizde ve sosyal medya hesaplar\u0131m\u0131zda abart\u0131l\u0131, yan\u0131lt\u0131c\u0131, toplumu geren, mesnetsiz ve sa\u011flam kaynaklara dayanmayan haberlerden ka\u00e7\u0131n\u0131yoruz.&nbsp;&nbsp;<\/p>\n<p style=\"text-align: left;\">\ud83d\udde8\ufe0fHer hafta \u0130ngiltere\u2019deki yat\u0131r\u0131m f\u0131rsatlar\u0131n\u0131, yat\u0131r\u0131m iklimini ve ticaret yapman\u0131n p\u00fcf noktalar\u0131n\u0131n yer ald\u0131\u011f\u0131 ve Genel Yay\u0131n Y\u00f6netmenimiz&nbsp;<strong><a href=\"https:\/\/www.linkedin.com\/in\/erginbbo\/\" target=\"_blank\" rel=\"noopener\">Ergin Balabeyo\u011flu<\/a><\/strong>&nbsp;ve Yay\u0131n Dan\u0131\u015fman\u0131m\u0131z, T\u00fcrk \u0130ngiliz Ticaret ve Sanayi Odas\u0131 Y\u00f6netim Kurulu \u00dcyesi&nbsp;<strong><a href=\"https:\/\/www.linkedin.com\/in\/kemal-sidar\/\" target=\"_blank\" rel=\"noopener\">Kemal Sidar\u2019<\/a><\/strong>\u0131n ortakla\u015fa haz\u0131rlad\u0131\u011f\u0131<strong><a href=\"https:\/\/by-tv.co.uk\/en\/ingilterede-is-ve-yatirim-ev-tekstili-sektoru-17-bolum\/\">&nbsp;\u201c\u0130ngiltere\u2019de \u0130\u015f ve Yat\u0131r\u0131m\u201d<\/a>&nbsp;<\/strong>&nbsp;program\u0131 \u0130ngiltere\u2019de i\u015f ve yat\u0131r\u0131m yapmak isteyenlere \u00f6nemli bir rehber haline geldi. 20 b\u00f6l\u00fcmden fazla haz\u0131rlanan programda tekstilden g\u0131daya, ula\u015f\u0131mdan lojisti\u011fe, payla\u015f\u0131m ekonomisinden e-ticarete kadar onlarca konuda uzman konuklar yer ald\u0131.<\/p>\n<h4 style=\"text-align: left;\">Bir Dakika Britanya<\/h4>\n<p style=\"text-align: left;\">1 Aral\u0131k 2020\u2019de ilk yay\u0131n\u0131na ba\u015flad\u0131\u011f\u0131m\u0131z<a href=\"https:\/\/www.instagram.com\/p\/CRaKX80KzmV\/\" target=\"_blank\" rel=\"noopener\"><strong>&nbsp;\u201cBir Dakika Britanya\u201d<\/strong>&nbsp;<\/a>ile hafta i\u00e7i her g\u00fcn g\u00fcncel konular\u0131ndan olu\u015fan k\u0131sa bir b\u00fclten yay\u0131nl\u0131yoruz. Bu b\u00fcltende uygulad\u0131\u011f\u0131m\u0131z bant reklam format\u0131 ile reklam veren ki\u015fi ve kurumlar tek videoda binlerce ki\u015fiye ula\u015f\u0131yor.<\/p>\n<h4 style=\"text-align: left;\">\u0130ngiltere ve Londra Seri \u0130lanlar<\/h4>\n<p style=\"text-align: left;\">Hem grafik reklamlar\u0131n\u0131z hem de video bant reklamlar\u0131n\u0131z i\u00e7in kreatif ekibimiz imdad\u0131n\u0131za yeti\u015fiyor. Teklif almak i\u00e7in hemen bizi aray\u0131n !&nbsp;<strong><a href=\"https:\/\/api.whatsapp.com\/message\/NDZLLIOQT4H3O1\" target=\"_blank\" rel=\"noopener\">07857359643<\/a><\/strong><\/p>\n<p style=\"text-align: left;\">#ingilteret\u00fcrkleri #yurtd\u0131\u015f\u0131e\u011fitim #londral\u0131t\u00fcrkler #londra #londratvprogram #ingilteret\u00fcrkiye #t\u00fcrkiyeingiltere #londrae\u011fitim #ingilteree\u011fitim #ankaraanla\u015fmas\u0131 #yurtd\u0131\u015f\u0131vize #isko\u00e7ya #galler #kuzeyirlanda #cardiff #edinburgh #kraliyetailesi #birle\u015fikkrall\u0131k<\/p>\n<div id=\"briti-2466759891\" class=\"briti-icerikten-sonra_2\" style=\"margin-top: 25px;margin-bottom: 25px;\"><a href=\"https:\/\/wa.me\/message\/NDZLLIOQT4H3O1\" aria-label=\"bytv reklam banner\"><img loading=\"lazy\" decoding=\"async\" src=\"https:\/\/by-tv.co.uk\/wp-content\/uploads\/2025\/12\/bytv-reklam-banner.jpg\" alt=\"\"  width=\"2376\" height=\"1008\"   \/><\/a><\/div>","protected":false},"excerpt":{"rendered":"<p>Bir Dakika Britanya ile hafta i\u00e7i her g\u00fcn \u0130ngiltere g\u00fcndemini \u00f6zetliyoruz. #22Temmuz2021 #birdakikabritanya 1 dakikada #Britanya Hafta i\u00e7i her g\u00fcn burada Britanya g\u00fcndeminin 60 saniyelik \u00f6zeti \u0130ngiltere kamu bor\u00e7lanmas\u0131 \ud83d\udd34\u0130ngiliz Ulusal \u0130statistik (ONS) verilerine g\u00f6re, \u00fclkede Haziran 2021&#8217;e k\u0131yasla kamu bor\u00e7lanmas\u0131 5,5 milyar sterlin azalarak 22,8 milyar sterline indi. Salg\u0131nla m\u00fccadelede rekor harcama: 942,7 milyar sterlin \ud83d\udd34\u0130ngiliz h\u00fck\u00fcmeti salg\u0131nla m\u00fccadelede, i\u015fletmelerin ve \u00e7al\u0131\u015fanlar\u0131n desteklenmesi i\u00e7in toplam 942,7 milyar sterlin harcama yapt\u0131. Cineworld \u0130ngiltere\u2019deki 127 sinemay\u0131 kapat\u0131yor \ud83d\udd34Koronavir\u00fcs salg\u0131n\u0131ndan olumsuz etkilenen d\u00fcnyan\u0131n en b\u00fcy\u00fck ikinci sinema zinciri Cineworldden yap\u0131lan a\u00e7\u0131klamada ABD\u2019deki 536, \u0130ngiltere\u2019deki 127 salonun 8 Ekim itibar\u0131yla kapat\u0131laca\u011f\u0131 duyuruldu. Kararla [&hellip;]<\/p>\n","protected":false},"author":1,"featured_media":11769,"comment_status":"open","ping_status":"open","sticky":false,"template":"","format":"standard","meta":{"ngg_post_thumbnail":0,"footnotes":""},"categories":[1],"tags":[149],"class_list":["post-11825","post","type-post","status-publish","format-standard","has-post-thumbnail","hentry","category-genel","tag-ingiltere"],"_links":{"self":[{"href":"https:\/\/by-tv.co.uk\/en\/wp-json\/wp\/v2\/posts\/11825","targetHints":{"allow":["GET"]}}],"collection":[{"href":"https:\/\/by-tv.co.uk\/en\/wp-json\/wp\/v2\/posts"}],"about":[{"href":"https:\/\/by-tv.co.uk\/en\/wp-json\/wp\/v2\/types\/post"}],"author":[{"embeddable":true,"href":"https:\/\/by-tv.co.uk\/en\/wp-json\/wp\/v2\/users\/1"}],"replies":[{"embeddable":true,"href":"https:\/\/by-tv.co.uk\/en\/wp-json\/wp\/v2\/comments?post=11825"}],"version-history":[{"count":0,"href":"https:\/\/by-tv.co.uk\/en\/wp-json\/wp\/v2\/posts\/11825\/revisions"}],"wp:featuredmedia":[{"embeddable":true,"href":"https:\/\/by-tv.co.uk\/en\/wp-json\/wp\/v2\/media\/11769"}],"wp:attachment":[{"href":"https:\/\/by-tv.co.uk\/en\/wp-json\/wp\/v2\/media?parent=11825"}],"wp:term":[{"taxonomy":"category","embeddable":true,"href":"https:\/\/by-tv.co.uk\/en\/wp-json\/wp\/v2\/categories?post=11825"},{"taxonomy":"post_tag","embeddable":true,"href":"https:\/\/by-tv.co.uk\/en\/wp-json\/wp\/v2\/tags?post=11825"}],"curies":[{"name":"wp","href":"https:\/\/api.w.org\/{rel}","templated":true}]}}