{"id":11727,"date":"2021-07-20T17:24:11","date_gmt":"2021-07-20T16:24:11","guid":{"rendered":"https:\/\/by-tv.co.uk\/?p=11727"},"modified":"2021-07-20T18:17:00","modified_gmt":"2021-07-20T17:17:00","slug":"amazonun-kurucusu-jeff-bezos-uzaya-cikti","status":"publish","type":"post","link":"https:\/\/by-tv.co.uk\/en\/amazonun-kurucusu-jeff-bezos-uzaya-cikti\/","title":{"rendered":"Amazon\u2019un kurucusu Jeff Bezos uzaya \u00e7\u0131kt\u0131 ve geri d\u00f6nd\u00fc"},"content":{"rendered":"<p>Amazon\u2019un kurucusu Jeff Bezos uzaya \u00e7\u0131kt\u0131, k\u0131sa s\u00fcre sonra D\u00fcnya&#8217;ya indi. Blue Origin arac\u0131yla yap\u0131lan uzay seyahati ba\u015far\u0131l\u0131 ge\u00e7ti. \u0130ngiliz i\u015f insan\u0131 Richard Branson&#8217;\u0131n, \u015firketi Virgin Galactic&#8217;in geli\u015ftirdi\u011fi ara\u00e7 ile ge\u00e7en hafta uzaya \u00e7\u0131kmas\u0131yla \u00f6zel \u015firketler aras\u0131ndaki uzay rekabeti de yeniden g\u00fcndeme geldi.<\/p>\n<p>ABD&#8217;li milyarder i\u015f insan\u0131n\u0131n yakla\u015f\u0131k 11 dakika s\u00fcren uzay yolculu\u011fu tamamland\u0131.<\/p>\n<div class=\"bbc-19j92fr e57qer20\" dir=\"ltr\">\n<p dir=\"ltr\">Uzay ara\u015ft\u0131rmalar\u0131 yapan Blue Origin \u015firketinin sahibi de olan<a href=\"https:\/\/www.instagram.com\/p\/CRjeU6vKFW2\/\" target=\"_blank\" rel=\"noopener\"> Bezos<\/a> \u0130ngiltere saati ile 14:12&#8217;de roketle uzaya f\u0131rlat\u0131ld\u0131.<\/p>\n<p class=\"bbc-bm53ic e1cc2ql70\" dir=\"ltr\"><span style=\"font-size: 1.21429rem;\">Bezos&#8217;un da aralar\u0131nda bulundu\u011fu d\u00f6rt ki\u015fiyi ta\u015f\u0131yan ara\u00e7, uzay yolculu\u011funun ard\u0131ndan d\u00fcnyaya d\u00f6nd\u00fc.<\/span><\/p>\n<\/div>\n<div class=\"bbc-19j92fr e57qer20\" dir=\"ltr\">\n<p class=\"bbc-bm53ic e1cc2ql70\" dir=\"ltr\">Amazon\u2019un kurucusu Jeff Bezos&#8217;un uzay seyahatinde Bezos&#8217;a karde\u015fi Mark Bezos, 82 ya\u015f\u0131ndaki Wally Funk ve 18 ya\u015f\u0131ndaki Oliver Daemen isimli \u00f6\u011frenci de yer ald\u0131.<\/p>\n<\/div>\n<div class=\"bbc-19j92fr e57qer20\" dir=\"ltr\">&nbsp;<\/div>\n<div class=\"bbc-19j92fr e57qer20\" dir=\"ltr\">\n<p class=\"bbc-bm53ic e1cc2ql70\" dir=\"ltr\">&nbsp;<\/p>\n<\/div>\n<blockquote class=\"instagram-media\" style=\"background: #FFF; border: 0; border-radius: 3px; box-shadow: 0 0 1px 0 rgba(0,0,0,0.5),0 1px 10px 0 rgba(0,0,0,0.15); margin: 1px; max-width: 540px; min-width: 326px; padding: 0; width: calc(100% - 2px);\" data-instgrm-permalink=\"https:\/\/www.instagram.com\/tv\/CRjeU6vKFW2\/?utm_source=ig_embed&amp;utm_campaign=loading\" data-instgrm-version=\"13\">\n<div style=\"padding: 16px;\">\n<p>&nbsp;<\/p>\n<div style=\"display: flex; flex-direction: row; align-items: center;\">\n<div style=\"background-color: #f4f4f4; border-radius: 50%; flex-grow: 0; height: 40px; margin-right: 14px; width: 40px;\">&nbsp;<\/div>\n<div style=\"display: flex; flex-direction: column; flex-grow: 1; justify-content: center;\">\n<div style=\"background-color: #f4f4f4; border-radius: 4px; flex-grow: 0; height: 14px; margin-bottom: 6px; width: 100px;\">&nbsp;<\/div>\n<div style=\"background-color: #f4f4f4; border-radius: 4px; flex-grow: 0; height: 14px; width: 60px;\">&nbsp;<\/div>\n<\/div>\n<\/div>\n<div style=\"padding: 19% 0;\">&nbsp;<\/div>\n<div style=\"display: block; height: 50px; margin: 0 auto 12px; width: 50px;\">&nbsp;<\/div>\n<div style=\"padding-top: 8px;\">\n<div style=\"color: #3897f0; font-family: Arial,sans-serif; font-size: 14px; font-style: normal; font-weight: 550; line-height: 18px;\">Bu g\u00f6nderiyi Instagram&#8217;da g\u00f6r<\/div>\n<\/div>\n<div style=\"padding: 12.5% 0;\">&nbsp;<\/div>\n<div style=\"display: flex; flex-direction: row; margin-bottom: 14px; align-items: center;\">\n<div>\n<div style=\"background-color: #f4f4f4; border-radius: 50%; height: 12.5px; width: 12.5px; transform: translateX(0px) translateY(7px);\">&nbsp;<\/div>\n<div style=\"background-color: #f4f4f4; height: 12.5px; transform: rotate(-45deg) translateX(3px) translateY(1px); width: 12.5px; flex-grow: 0; margin-right: 14px; margin-left: 2px;\">&nbsp;<\/div>\n<div style=\"background-color: #f4f4f4; border-radius: 50%; height: 12.5px; width: 12.5px; transform: translateX(9px) translateY(-18px);\">&nbsp;<\/div>\n<\/div>\n<div style=\"margin-left: 8px;\">\n<div style=\"background-color: #f4f4f4; border-radius: 50%; flex-grow: 0; height: 20px; width: 20px;\">&nbsp;<\/div>\n<div style=\"width: 0; height: 0; border-top: 2px solid transparent; border-left: 6px solid #f4f4f4; border-bottom: 2px solid transparent; transform: translateX(16px) translateY(-4px) rotate(30deg);\">&nbsp;<\/div>\n<\/div>\n<div style=\"margin-left: auto;\">\n<div style=\"width: 0px; border-top: 8px solid #F4F4F4; border-right: 8px solid transparent; transform: translateY(16px);\">&nbsp;<\/div>\n<div style=\"background-color: #f4f4f4; flex-grow: 0; height: 12px; width: 16px; transform: translateY(-4px);\">&nbsp;<\/div>\n<div style=\"width: 0; height: 0; border-top: 8px solid #F4F4F4; border-left: 8px solid transparent; transform: translateY(-4px) translateX(8px);\">&nbsp;<\/div>\n<\/div>\n<\/div>\n<div style=\"display: flex; flex-direction: column; flex-grow: 1; justify-content: center; margin-bottom: 24px;\">\n<div style=\"background-color: #f4f4f4; border-radius: 4px; flex-grow: 0; height: 14px; margin-bottom: 6px; width: 224px;\">&nbsp;<\/div>\n<div style=\"background-color: #f4f4f4; border-radius: 4px; flex-grow: 0; height: 14px; width: 144px;\">&nbsp;<\/div>\n<\/div>\n<p>&nbsp;<\/p>\n<p style=\"color: #c9c8cd; font-family: Arial,sans-serif; font-size: 14px; line-height: 17px; margin-bottom: 0; margin-top: 8px; overflow: hidden; padding: 8px 0 7px; text-align: center; text-overflow: ellipsis; white-space: nowrap;\"><a style=\"color: #c9c8cd; font-family: Arial,sans-serif; font-size: 14px; font-style: normal; font-weight: normal; line-height: 17px; text-decoration: none;\" href=\"https:\/\/www.instagram.com\/tv\/CRjeU6vKFW2\/?utm_source=ig_embed&amp;utm_campaign=loading\" target=\"_blank\" rel=\"noopener\">Brit \u0130\u015f-Ya\u015fam TV (@britisyasamtv)&#8217;in payla\u015ft\u0131\u011f\u0131 bir g\u00f6nderi<\/a><\/p>\n<\/div>\n<\/blockquote>\n<p><script async=\"\" src=\"\/\/www.instagram.com\/embed.js\"><\/script><\/p>\n<div id=\"briti-841723921\" class=\"briti-icerikten-sonra_2\" style=\"margin-top: 25px;margin-bottom: 25px;\"><a href=\"https:\/\/wa.me\/message\/NDZLLIOQT4H3O1\" aria-label=\"bytv reklam banner\"><img loading=\"lazy\" decoding=\"async\" src=\"https:\/\/by-tv.co.uk\/wp-content\/uploads\/2025\/12\/bytv-reklam-banner.jpg\" alt=\"\"  width=\"2376\" height=\"1008\"   \/><\/a><\/div>","protected":false},"excerpt":{"rendered":"<p>Amazon\u2019un kurucusu Jeff Bezos uzaya \u00e7\u0131kt\u0131, k\u0131sa s\u00fcre sonra D\u00fcnya&#8217;ya indi. Blue Origin arac\u0131yla yap\u0131lan uzay seyahati ba\u015far\u0131l\u0131 ge\u00e7ti. \u0130ngiliz i\u015f insan\u0131 Richard Branson&#8217;\u0131n, \u015firketi Virgin Galactic&#8217;in geli\u015ftirdi\u011fi ara\u00e7 ile ge\u00e7en hafta uzaya \u00e7\u0131kmas\u0131yla \u00f6zel \u015firketler aras\u0131ndaki uzay rekabeti de yeniden g\u00fcndeme geldi. ABD&#8217;li milyarder i\u015f insan\u0131n\u0131n yakla\u015f\u0131k 11 dakika s\u00fcren uzay yolculu\u011fu tamamland\u0131. Uzay ara\u015ft\u0131rmalar\u0131 yapan Blue Origin \u015firketinin sahibi de olan Bezos \u0130ngiltere saati ile 14:12&#8217;de roketle uzaya f\u0131rlat\u0131ld\u0131. Bezos&#8217;un da aralar\u0131nda bulundu\u011fu d\u00f6rt ki\u015fiyi ta\u015f\u0131yan ara\u00e7, uzay yolculu\u011funun ard\u0131ndan d\u00fcnyaya d\u00f6nd\u00fc. Amazon\u2019un kurucusu Jeff Bezos&#8217;un uzay seyahatinde Bezos&#8217;a karde\u015fi Mark Bezos, 82 ya\u015f\u0131ndaki Wally Funk ve 18 [&hellip;]<\/p>\n","protected":false},"author":1,"featured_media":11730,"comment_status":"open","ping_status":"open","sticky":false,"template":"","format":"standard","meta":{"ngg_post_thumbnail":0,"footnotes":""},"categories":[11],"tags":[],"class_list":["post-11727","post","type-post","status-publish","format-standard","has-post-thumbnail","hentry","category-dunya"],"_links":{"self":[{"href":"https:\/\/by-tv.co.uk\/en\/wp-json\/wp\/v2\/posts\/11727","targetHints":{"allow":["GET"]}}],"collection":[{"href":"https:\/\/by-tv.co.uk\/en\/wp-json\/wp\/v2\/posts"}],"about":[{"href":"https:\/\/by-tv.co.uk\/en\/wp-json\/wp\/v2\/types\/post"}],"author":[{"embeddable":true,"href":"https:\/\/by-tv.co.uk\/en\/wp-json\/wp\/v2\/users\/1"}],"replies":[{"embeddable":true,"href":"https:\/\/by-tv.co.uk\/en\/wp-json\/wp\/v2\/comments?post=11727"}],"version-history":[{"count":0,"href":"https:\/\/by-tv.co.uk\/en\/wp-json\/wp\/v2\/posts\/11727\/revisions"}],"wp:featuredmedia":[{"embeddable":true,"href":"https:\/\/by-tv.co.uk\/en\/wp-json\/wp\/v2\/media\/11730"}],"wp:attachment":[{"href":"https:\/\/by-tv.co.uk\/en\/wp-json\/wp\/v2\/media?parent=11727"}],"wp:term":[{"taxonomy":"category","embeddable":true,"href":"https:\/\/by-tv.co.uk\/en\/wp-json\/wp\/v2\/categories?post=11727"},{"taxonomy":"post_tag","embeddable":true,"href":"https:\/\/by-tv.co.uk\/en\/wp-json\/wp\/v2\/tags?post=11727"}],"curies":[{"name":"wp","href":"https:\/\/api.w.org\/{rel}","templated":true}]}}