{"id":11712,"date":"2021-07-20T12:13:01","date_gmt":"2021-07-20T11:13:01","guid":{"rendered":"https:\/\/by-tv.co.uk\/?p=11712"},"modified":"2021-07-20T13:59:10","modified_gmt":"2021-07-20T12:59:10","slug":"avrupanin-ilk-cevre-dostu-camisinde-bayram","status":"publish","type":"post","link":"https:\/\/by-tv.co.uk\/en\/avrupanin-ilk-cevre-dostu-camisinde-bayram\/","title":{"rendered":"Avrupa&#8217;n\u0131n ilk \u00e7evre dostu camisinde bayram namaz\u0131 k\u0131l\u0131nd\u0131"},"content":{"rendered":"<h4 style=\"text-align: left;\">Avrupa&#8217;n\u0131n ilk \u00e7evre dostu camisi olan Cambridge Merkez Camii&#8217;nde ilk kez sosyal mesafesiz bayram namaz\u0131 k\u0131l\u0131nd\u0131.<\/h4>\n<p style=\"text-align: left;\">\u0130ngiltere Cambridge&#8217;de in\u015fa edilen ve 5 Aral\u0131k 2019&#8217;da Cumhurba\u015fkan\u0131 Recep Tayyip Erdo\u011fan&#8217;\u0131n kat\u0131ld\u0131\u011f\u0131 t\u00f6renle a\u00e7\u0131lan Avrupa&#8217;n\u0131n ilk \u00e7evre dostu camisi olan <strong><a href=\"https:\/\/cambridgecentralmosque.org\" target=\"_blank\" rel=\"noopener\">Cambridge Merkez Cami<\/a>si&#8217;<\/strong>nde ge\u00e7en y\u0131l ilk kez k\u0131l\u0131nan Ramazan Bayram\u0131 ve Kurban&nbsp; Bayram\u0131 namazlar\u0131 yeni tip koronavir\u00fcs tedbirleri kapsam\u0131nda sosyal mesafe kurallar\u0131na uyularak vatanda\u015flar\u0131n kat\u0131l\u0131m\u0131yla k\u0131l\u0131nm\u0131\u015ft\u0131.<\/p>\n<p><iframe loading=\"lazy\" title=\"YouTube video player\" src=\"https:\/\/www.youtube.com\/embed\/QYwGCEYgvq0\" width=\"1280\" height=\"720\" frameborder=\"0\" allowfullscreen=\"allowfullscreen\"><\/iframe><\/p>\n<div class=\"css-901oao css-bfa6kz r-jwli3a r-6koalj r-1w6e6rj r-1qd0xha r-a023e6 r-16dba41 r-rjixqe r-14gqq1x r-bcqeeo r-q4m81j r-qvutc0\" dir=\"ltr\" style=\"text-align: left;\"><span class=\"css-18t94o4 css-901oao css-16my406 r-1n1174f r-1loqt21 r-poiln3 r-n6v787 r-1cwl3u0 r-bcqeeo r-qvutc0\" tabindex=\"0\" role=\"button\" aria-expanded=\"true\" aria-label=\"Tweet \u00e7evirisini gizle\"><span class=\"css-901oao css-16my406 r-poiln3 r-bcqeeo r-qvutc0\">Bu sene <strong><a href=\"https:\/\/by-tv.co.uk\/en\/ingilterede-50-bin-ustunde-vakanin-golgesinde-ozgurluk-gunu\/\">\u0130ngiltere&#8217;de 19 Temmuz&#8217;<\/a><\/strong>dan koronavir\u00fcs k\u0131s\u0131tlamalar\u0131n\u0131n gev\u015fetilmesiyle&nbsp; <\/span><\/span><span style=\"font-size: 1.21429rem;\">ibadet yerlerinde ya\u015f s\u0131n\u0131rlamas\u0131 kald\u0131r\u0131ld\u0131, ibadet edenlerin yan yana namaz k\u0131labilmesine izin verildi. <\/span><span style=\"font-size: 1.21429rem;\">Kurban Bayram\u0131 namaz\u0131na b\u00f6lgede ya\u015fayan \u00e7ok say\u0131da M\u00fcsl\u00fcman kat\u0131l\u0131rken, yo\u011funluk sebebiyle 3 farkl\u0131 saatte k\u0131l\u0131nd\u0131.<\/span><\/div>\n<div dir=\"auto\" lang=\"tr\" style=\"text-align: left;\">\n<div id=\"attachment_11715\" style=\"width: 1034px\" class=\"wp-caption alignleft\"><img loading=\"lazy\" decoding=\"async\" aria-describedby=\"caption-attachment-11715\" class=\"wp-image-11715 size-full\" src=\"https:\/\/by-tv.co.uk\/wp-content\/uploads\/2021\/07\/cambridge-camii-Recep-Tayyip-Erdogan-2.jpg\" alt=\"Cambridge Camii Cumhurba\u015fkan\u0131 Recep Tayyip Erdo\u011fan&#039;\u0131n kat\u0131ld\u0131\u011f\u0131 t\u00f6renle a\u00e7\u0131lm\u0131\u015ft\u0131\" width=\"1024\" height=\"683\" title=\"\"><p id=\"caption-attachment-11715\" class=\"wp-caption-text\">Avrupa&#8217;n\u0131n ilk \u00e7evre dostu camisi olan Cambridge Camisi Cumhurba\u015fkan\u0131 Recep Tayyip Erdo\u011fan&#8217;\u0131n kat\u0131ld\u0131\u011f\u0131 t\u00f6renle a\u00e7\u0131lm\u0131\u015ft\u0131. Foto\u011fraf: T\u00fcrk Diyanet Vakf\u0131<\/p><\/div>\n<div id=\"attachment_11716\" style=\"width: 1034px\" class=\"wp-caption alignleft\"><img loading=\"lazy\" decoding=\"async\" aria-describedby=\"caption-attachment-11716\" class=\"wp-image-11716 size-full\" src=\"https:\/\/by-tv.co.uk\/wp-content\/uploads\/2021\/07\/cambridge-camii-Recep-Tayyip-Erdogan.jpg\" alt=\"Avrupa&#039;n\u0131n ilk \u00e7evre dostu camisi\" width=\"1024\" height=\"683\" title=\"\"><p id=\"caption-attachment-11716\" class=\"wp-caption-text\">Avrupa&#8217;n\u0131n ilk \u00e7evre dostu camisi olan Cambridge Camisi Cumhurba\u015fkan\u0131 Recep Tayyip Erdo\u011fan&#8217;\u0131n kat\u0131ld\u0131\u011f\u0131 t\u00f6renle a\u00e7\u0131lm\u0131\u015ft\u0131. Foto\u011fraf: T\u00fcrk Diyanet Vakf\u0131<\/p><\/div>\n<\/div>\n<h4 dir=\"auto\" lang=\"tr\" style=\"text-align: left;\">Bayram namaz\u0131n\u0131 Bosnal\u0131 <span class=\"VIiyi\" lang=\"tr\"><span class=\"JLqJ4b\" data-language-for-alternatives=\"tr\" data-language-to-translate-into=\"en\" data-phrase-index=\"0\">Haf\u0131z Dr Sejad Meki\u0107 k\u0131ld\u0131rd\u0131<\/span><\/span><\/h4>\n<div class=\"css-1dbjc4n r-14gqq1x\" style=\"text-align: left;\">\n<div dir=\"auto\" lang=\"tr\">&nbsp;<\/div>\n<\/div>\n<div dir=\"auto\" lang=\"tr\" style=\"text-align: left;\"><span class=\"VIiyi\" lang=\"tr\"><span class=\"VIiyi\" lang=\"tr\"><span class=\"JLqJ4b\" data-language-for-alternatives=\"tr\" data-language-to-translate-into=\"en\" data-phrase-index=\"0\">Bayram namaz\u0131n\u0131 Bosnal\u0131 <strong><a href=\"http:\/\/muslimcollege.ac.uk\/testimonial\/dr-sejad-mekic\/\" target=\"_blank\" rel=\"noopener\">Haf\u0131z Dr Sejad Meki\u0107&nbsp;<\/a><\/strong> k\u0131ld\u0131rd\u0131. Meki\u0107, vaaz etti, hutbeyi okudu. Dr Sejad Meki\u0107, Kurban Bayram\u0131&#8217;n\u0131n \u00f6nemini anlatt\u0131ktan sonra, birlik ve beraberlik mesajlar\u0131 verdi. <span style=\"font-size: 1.21429rem;\">Avrupa&#8217;n\u0131n ilk \u00e7evre dostu camisi olan <\/span><\/span><\/span><\/span><span class=\"VIiyi\" lang=\"tr\"><span class=\"JLqJ4b\" data-language-for-alternatives=\"tr\" data-language-to-translate-into=\"en\" data-phrase-index=\"0\">Cambridge<\/span><\/span><span class=\"VIiyi\" lang=\"tr\"><span class=\"JLqJ4b\" data-language-for-alternatives=\"tr\" data-language-to-translate-into=\"en\" data-phrase-index=\"0\"> Merkez Camisi&#8217;nin ilk imam\u0131 olarak atanan Bo\u015fnak k\u00f6kenli&nbsp; \u0130ngiliz vatanda\u015f\u0131 olan Dr Meki\u0107, \u015fu anda Exeter \u00dcniversitesi&#8217;nde Ara\u015ft\u0131rma G\u00f6revlisi olarak g\u00f6rev yapmaktad\u0131r. Haf\u0131z Sejad, Orta Bosna&#8217;daki Ka\u0107uni&#8217;den geliyor. Lisans derecesini Galler \u00dcniversitesi&#8217;nde \u0130slam Ara\u015ft\u0131rmalar\u0131 alan\u0131nda, felsefe y\u00fcksek lisans\u0131n\u0131 <strong><a href=\"https:\/\/www.cam.ac.uk\" target=\"_blank\" rel=\"noopener\">Cambridge \u00dcniversitesi&#8217;<\/a><\/strong>nde ve doktoras\u0131n\u0131 20. y\u00fczy\u0131l Bosnal\u0131 M\u00fcsl\u00fcman bir bilgin \u00fczerine <strong>SOAS<\/strong>&#8216;ta tamamlad\u0131. Yay\u0131nlanm\u0131\u015f bir kitab\u0131 ve \u00e7ok say\u0131da bilimsel makalesi bulunmaktad\u0131r. Haf\u0131z, Bosna, Londra ve Cambridge&#8217;deki bir\u00e7ok camide imaml\u0131k yapt\u0131. Kazakistan&#8217;daki Ahmed Yesevi \u00dcniversitesi, Londra M\u00fcsl\u00fcman Koleji ve Cambridge M\u00fcsl\u00fcman Koleji&#8217;nde ders verdi.<\/span><\/span><\/div>\n<h4 dir=\"auto\" lang=\"tr\" style=\"text-align: left;\"><span class=\"\">Cambridge \u00dcniversitesi \u0130lahiyat Fak\u00fcltesi Dekan\u0131 \u015eeyh Abdal Hakim Murad<\/span><\/h4>\n<div dir=\"auto\" lang=\"tr\" style=\"text-align: left;\"><span class=\"\">Caminin yap\u0131m\u0131nda \u00f6nc\u00fcl\u00fck eden ilk ki\u015filerden olan Cambridge \u00dcniversitesi \u0130lahiyat Fak\u00fcltesi Dekan\u0131 <strong><a href=\"https:\/\/www.youtube.com\/watch?v=LqBIOgw4su0\" target=\"_blank\" rel=\"noopener\">\u015eeyh Abdal Hakim Murad<\/a><\/strong> da bir mesaj yay\u0131mlad\u0131. Mesaj\u0131nda; Bu bayram\u0131n; t\u00fcm \u00fcmmet i\u00e7in, herkes i\u00e7in daha iyi, daha kolay ve daha sa\u011fl\u0131kl\u0131 yeni bir y\u0131l\u0131n ba\u015flang\u0131c\u0131 olmas\u0131n\u0131 diledi. 1960 do\u011fumlu \u0130ngiliz Sufi M\u00fcsl\u00fcman ara\u015ft\u0131r\u0131c\u0131, yazar ve profes\u00f6r olan \u015eeyh Abdal Hakim Murad&#8217;\u0131n eski ad\u0131 <\/span><span class=\"\">Timothy John&#8217;dur.<\/span><\/div>\n<blockquote class=\"twitter-tweet\">\n<p dir=\"ltr\" lang=\"en\">On behalf of our trustees, staff, volunteers and the whole congregation here at the Cambridge Central Mosque, we wish you a happy, blessed &amp; accepted Eid!<\/p>\n<p>May it be the beginning of better, easier &amp; healthier times for the whole Ummah.<\/p>\n<p>Eid al-Adha Mubarak!<a href=\"https:\/\/twitter.com\/hashtag\/Eid?src=hash&amp;ref_src=twsrc%5Etfw\" target=\"_blank\" rel=\"noopener\">#Eid<\/a> <a href=\"https:\/\/twitter.com\/hashtag\/EidalAdha?src=hash&amp;ref_src=twsrc%5Etfw\" target=\"_blank\" rel=\"noopener\">#EidalAdha<\/a> <a href=\"https:\/\/t.co\/tqLKYvGMFr\">pic.twitter.com\/tqLKYvGMFr<\/a><\/p>\n<p>\u2014 Cambridge Central Mosque (@CambCentMosque) <a href=\"https:\/\/twitter.com\/CambCentMosque\/status\/1417365596107386884?ref_src=twsrc%5Etfw\" target=\"_blank\" rel=\"noopener\">July 20, 2021<\/a><\/p><\/blockquote>\n<p style=\"text-align: left;\"><script async=\"\" src=\"https:\/\/platform.twitter.com\/widgets.js\" charset=\"utf-8\"><\/script><\/p>\n<div dir=\"auto\" lang=\"tr\" style=\"text-align: left;\">&nbsp;<\/div>\n<h4 dir=\"auto\" lang=\"tr\" style=\"text-align: left;\">Diyanet \u0130\u015fleri Ba\u015fkanl\u0131\u011f\u0131 taraf\u0131ndan imam atan\u0131yor<\/h4>\n<div dir=\"auto\" lang=\"tr\" style=\"text-align: left;\">&nbsp;<\/div>\n<div dir=\"auto\" lang=\"tr\" style=\"text-align: left;\">Diyanet \u0130\u015fleri Ba\u015fkanl\u0131\u011f\u0131 taraf\u0131ndan <span style=\"font-size: 1.21429rem;\">Avrupa&#8217;n\u0131n ilk \u00e7evre dostu camisi olan <\/span>Cambridge Camisi&#8217;sine atanan <a href=\"https:\/\/www.youtube.com\/watch?v=qgjA-H2AeYw&amp;t=200s\" target=\"_blank\" rel=\"noopener\">Haf\u0131z Ali Tos<\/a> ge\u00e7ti\u011fimiz aylarda T\u00fcrkiye&#8217;ye d\u00f6nd\u00fc. Tos&#8217;un yerine hen\u00fcz bir atama yap\u0131ld\u0131.<\/div>\n<div dir=\"auto\" lang=\"tr\" style=\"text-align: left;\">&nbsp;<\/div>\n<h4 dir=\"auto\" lang=\"tr\" style=\"text-align: left;\">London Eye&#8217;\u0131n mimarlar\u0131 tasarlad\u0131<\/h4>\n<p style=\"text-align: left;\">Londra\u2019daki <a href=\"https:\/\/www.londoneye.com\" target=\"_blank\" rel=\"noopener\"><strong>London Eye<\/strong><\/a>, Kew Gardens\u2019daki&nbsp;<strong>Treetop Walk<\/strong>&nbsp;ve&nbsp;<strong>Brighton Tower<\/strong> gibi tan\u0131nm\u0131\u015f modern m\u00fchendislik eserlerinin de mimar\u0131 olan London Eye&#8217;\u0131 tasarlayan mimarlar&nbsp; David Marks ve Julia Barfield&nbsp; taraf\u0131ndan tasarlanan \u00e7evre dostu <span class=\"\">30 milyon sterlinlik <\/span> yeni ibadet yeri&nbsp; <span class=\"\">Mill Road&#8217;da yer al\u0131yor. <\/span>Bin ki\u015filik ibadet yeri olan bina, \u015fehrin genel olarak M\u00fcsl\u00fcman n\u00fcfusuna ve Cambridge \u00dcniversitesi \u0130lahiyat Fak\u00fcltesi \u00f6\u011frencilerine hizmet ediyor. Caminin yap\u0131m\u0131 10 bine yak\u0131n ba\u011f\u0131\u015f\u00e7\u0131 Katar gibi baz\u0131 \u00fclkeler taraf\u0131ndan da finanse edildi. \u00dcniversitesiyle(Cambridge \u00dcniversitesi) \u00fcnl\u00fc olan Cambridge kenti; ayn\u0131 zamanda yakla\u015f\u0131k yetmi\u015f farkl\u0131 etnik k\u00f6kenden gelen ve kendine has kozmopolit yap\u0131s\u0131yla entelekt\u00fcel bir bulu\u015fma noktas\u0131d\u0131r.&nbsp;<\/p>\n<h4 style=\"text-align: left;\">Yusuf \u0130slam \u00f6nc\u00fcl\u00fck etti<\/h4>\n<p style=\"text-align: left;\">\u00dcnl\u00fc ibadethane; 1977 y\u0131l\u0131nda M\u00fcsl\u00fcman olan ve bundan iki y\u0131l sonra da ad\u0131n\u0131 Yusuf \u0130slam olarak de\u011fi\u015ftiren d\u00fcnyaca me\u015fhur&nbsp; m\u00fczisyen idaresinde ve Cambridge \u00dcniversitesi \u0130lahiyat Fak\u00fcltesi \u00d6\u011fretim \u00fcyesi&nbsp;\u015eeyh Abd\u00fcl Hakim Murad ba\u015fkanl\u0131\u011f\u0131nda kurulan M\u00fcsl\u00fcman Akademisyenler Vakf\u0131&#8217;n\u0131n (The Muslim Academic Trust) giri\u015fimiyle ortaya \u00e7\u0131kt\u0131.<\/p><div id=\"briti-2637484697\" class=\"briti-icerik\" style=\"margin-top: 5px;margin-bottom: 5px;\"><a href=\"https:\/\/piaryum.com\/services\/\" aria-label=\"piaryum banner\"><img loading=\"lazy\" decoding=\"async\" src=\"https:\/\/by-tv.co.uk\/wp-content\/uploads\/2025\/12\/Gemini_Generated_Image_g5yqr1g5yqr1g5yq.jpg\" alt=\"\"  width=\"2064\" height=\"1152\"   \/><\/a><\/div>\n<h4 style=\"text-align: left;\">T\u00fcrkiye 23 milyon sterlin ba\u011f\u0131\u015f yapt\u0131<\/h4>\n<p style=\"text-align: left;\"><a href=\"https:\/\/diyanet.gov.tr\/tr-TR\/Kurumsal\/Detay\/26165\/cambridge-merkez-camii-acildi\" target=\"_blank\" rel=\"noopener\"><strong>T\u00fcrkiye Diyanet \u0130\u015fleri Ba\u015fkanl\u0131\u011f\u0131<\/strong> <\/a>ve <strong>T\u00fcrkiye Diyanet Vakf\u0131<\/strong> taraf\u0131ndan <strong><a href=\"https:\/\/www.gzt.com\/nihayet\/avrupanin-ilk-cevre-dostu-camisi-cambridge-merkez-camii-3514565\" target=\"_blank\" rel=\"noopener\">23 milyon sterlin<\/a> <\/strong>ba\u011f\u0131\u015f yap\u0131lan cami ge\u00e7en sene &nbsp;Cumhurba\u015fkan\u0131 Recep Tayyip Erdo\u011fan&#8217;\u0131n kat\u0131ld\u0131\u011f\u0131 t\u00f6renle a\u00e7\u0131lm\u0131\u015ft\u0131. <a href=\"https:\/\/www.bbc.com\/turkce\/haberler-turkiye-48294387\" target=\"_blank\" rel=\"noopener\">BBC T\u00fcrk\u00e7e<\/a>&#8216;nin haberine g\u00f6re <span style=\"font-size: 1.21429rem;\">Diyanet \u0130\u015fleri Ba\u015fkanl\u0131\u011f\u0131&#8217;n\u0131n giri\u015fimiyle 1975 y\u0131l\u0131nda kurulan T\u00fcrkiye Diyanet Vakf\u0131 (TDV), bug\u00fcne kadar farkl\u0131 b\u00fcy\u00fckl\u00fck ve kapasitelerde yurt d\u0131\u015f\u0131nda 103 cami yapt\u0131rd\u0131. Kamu kaynaklar\u0131n\u0131n yurtd\u0131\u015f\u0131ndaki camilere aktar\u0131lmas\u0131 zaman zaman ele\u015ftirilere sebep oluyor.<\/span><\/p>\n<p style=\"text-align: left;\">Caminin tasar\u0131m\u0131 y\u00fcksek m\u00fchendislik \u00fcr\u00fcn\u00fc ah\u015fap dallar\u0131, i\u00e7 i\u00e7e ge\u00e7en ve yay\u0131lan, \u00e7at\u0131y\u0131 tutan a\u011fa\u00e7 benzeri s\u00fctunlar \u00fczerinde yo\u011funla\u015fm\u0131\u015ft\u0131r. I\u015f\u0131k, yukar\u0131daki dairesel a\u00e7\u0131kl\u0131klardan s\u00fcz\u00fcl\u00fcr.&nbsp;<\/p>\n<div id=\"attachment_11713\" style=\"width: 1130px\" class=\"wp-caption alignleft\"><img loading=\"lazy\" decoding=\"async\" aria-describedby=\"caption-attachment-11713\" class=\"wp-image-11713 size-full\" src=\"https:\/\/by-tv.co.uk\/wp-content\/uploads\/2021\/07\/cambridge-camii.jpg\" alt=\"Avrupa&#039;n\u0131n ilk \u00e7evre dostu camisi olan Cambridge&nbsp;Camii\" width=\"1120\" height=\"1698\" title=\"\"><p id=\"caption-attachment-11713\" class=\"wp-caption-text\">Avrupa&#8217;n\u0131n ilk \u00e7evre dostu camisi olan Cambridge&nbsp;Camii<\/p><\/div>\n<h4 style=\"text-align: left;\">Avrupa&#8217;n\u0131n ilk \u00e7evre dostu camisinde do\u011fal malzemeler kullan\u0131ld\u0131<\/h4>\n<p style=\"text-align: left;\">Nisan 2019&#8217;da b\u00fcy\u00fck \u00f6l\u00e7\u00fcde tamamlanan ve bin ki\u015finin ayn\u0131 anda namaz k\u0131labildi\u011fi caminin bah\u00e7esinin tasar\u0131m\u0131nda \u0130slami geleneklere ba\u011fl\u0131 kal\u0131n\u0131rken, binan\u0131n da do\u011fa dostu olmas\u0131na b\u00fcy\u00fck \u00f6nem verildi.<\/p>\n<p style=\"text-align: left;\">\u00c7o\u011funlukla ah\u015fap ve mermer gibi do\u011fal malzemelerin kullan\u0131ld\u0131\u011f\u0131 cami, ayr\u0131ca s\u0131f\u0131r karbon ayak izi \u00f6zelli\u011fiyle de dikkat \u00e7ekiyor.<\/p>\n<div id=\"attachment_11714\" style=\"width: 1030px\" class=\"wp-caption alignleft\"><img loading=\"lazy\" decoding=\"async\" aria-describedby=\"caption-attachment-11714\" class=\"wp-image-11714 size-full\" src=\"https:\/\/by-tv.co.uk\/wp-content\/uploads\/2021\/07\/7343.jpg\" alt=\"Avrupa&#039;n\u0131n ilk \u00e7evre dostu camisinde do\u011fal malzemeler kullan\u0131ld\u0131\" width=\"1020\" height=\"612\" title=\"\"><p id=\"caption-attachment-11714\" class=\"wp-caption-text\">Avrupa&#8217;n\u0131n ilk \u00e7evre dostu camisinde do\u011fal malzemeler kullan\u0131ld\u0131 Photograph: Marks Barfield Architects<\/p><\/div>\n<p style=\"text-align: left;\">Do\u011faya zarar vermeden kendini idame ettiren bir projenin \u00fcr\u00fcn\u00fc olan ibadethanede; ya\u011fmur sular\u0131 depolan\u0131yor, g\u00fcne\u015f enerjisinden elektrik \u00fcretiliyor, s\u0131cak hava, su ve zemin \u0131s\u0131tmas\u0131nda kullan\u0131l\u0131yor. Yap\u0131daki sens\u00f6rler sayesinde i\u00e7erideki oksijen miktar\u0131n\u0131n azalmas\u0131 veya s\u0131cakl\u0131\u011f\u0131n artmas\u0131 durumunda yukar\u0131daki b\u00f6lmelerden s\u0131cak havan\u0131n\u0131n \u00e7ekilip, duvarlara gizlenmi\u015f bo\u015fluklardan i\u00e7eriye temiz hava verildi\u011fi belirtiliyor.<\/p>\n<div id=\"attachment_11718\" style=\"width: 1610px\" class=\"wp-caption alignleft\"><img loading=\"lazy\" decoding=\"async\" aria-describedby=\"caption-attachment-11718\" class=\"wp-image-11718 size-full\" src=\"https:\/\/by-tv.co.uk\/wp-content\/uploads\/2021\/07\/Cambrdige-Camii-1.jpeg\" alt=\"Cambridge Camii\" width=\"1600\" height=\"899\" title=\"\"><p id=\"caption-attachment-11718\" class=\"wp-caption-text\">Do\u011faya zarar vermeden kendini idame ettiren bir projenin \u00fcr\u00fcn\u00fc olan ibadethanede; ya\u011fmur sular\u0131 depolan\u0131yor, g\u00fcne\u015f enerjisinden elektrik \u00fcretiliyor, s\u0131cak hava, su ve zemin \u0131s\u0131tmas\u0131nda kullan\u0131l\u0131yor.<\/p><\/div>\n<p style=\"text-align: left;\">&nbsp;<br \/>\n#\u0130ngiltere #birdakikabritanya<\/p>\n<p style=\"text-align: left;\">Haber: Ergin Balabeyo\u011flu<\/p>\n<p style=\"text-align: left;\">Kaynaklar: Brit \u0130\u015f Ya\u015fam TV, BBC T\u00fcrk\u00e7e, GZT, cambridgecentralmosque.org, The Guardian, AA, T\u00fcrk Diyanet Vakf\u0131<\/p>\n<div id=\"briti-1484092475\" class=\"briti-icerikten-sonra_2\" style=\"margin-top: 25px;margin-bottom: 25px;\"><a href=\"https:\/\/wa.me\/message\/NDZLLIOQT4H3O1\" aria-label=\"bytv reklam banner\"><img loading=\"lazy\" decoding=\"async\" src=\"https:\/\/by-tv.co.uk\/wp-content\/uploads\/2025\/12\/bytv-reklam-banner.jpg\" alt=\"\"  width=\"2376\" height=\"1008\"   \/><\/a><\/div>","protected":false},"excerpt":{"rendered":"<p>Avrupa&#8217;n\u0131n ilk \u00e7evre dostu camisi olan Cambridge Merkez Camii&#8217;nde ilk kez sosyal mesafesiz bayram namaz\u0131 k\u0131l\u0131nd\u0131. \u0130ngiltere Cambridge&#8217;de in\u015fa edilen ve 5 Aral\u0131k 2019&#8217;da Cumhurba\u015fkan\u0131 Recep Tayyip Erdo\u011fan&#8217;\u0131n kat\u0131ld\u0131\u011f\u0131 t\u00f6renle a\u00e7\u0131lan Avrupa&#8217;n\u0131n ilk \u00e7evre dostu camisi olan Cambridge Merkez Camisi&#8217;nde ge\u00e7en y\u0131l ilk kez k\u0131l\u0131nan Ramazan Bayram\u0131 ve Kurban&nbsp; Bayram\u0131 namazlar\u0131 yeni tip koronavir\u00fcs tedbirleri kapsam\u0131nda sosyal mesafe kurallar\u0131na uyularak vatanda\u015flar\u0131n kat\u0131l\u0131m\u0131yla k\u0131l\u0131nm\u0131\u015ft\u0131. Bu sene \u0130ngiltere&#8217;de 19 Temmuz&#8217;dan koronavir\u00fcs k\u0131s\u0131tlamalar\u0131n\u0131n gev\u015fetilmesiyle&nbsp; ibadet yerlerinde ya\u015f s\u0131n\u0131rlamas\u0131 kald\u0131r\u0131ld\u0131, ibadet edenlerin yan yana namaz k\u0131labilmesine izin verildi. Kurban Bayram\u0131 namaz\u0131na b\u00f6lgede ya\u015fayan \u00e7ok say\u0131da M\u00fcsl\u00fcman kat\u0131l\u0131rken, yo\u011funluk sebebiyle 3 farkl\u0131 saatte k\u0131l\u0131nd\u0131. Bayram [&hellip;]<\/p>\n","protected":false},"author":1,"featured_media":11719,"comment_status":"open","ping_status":"open","sticky":false,"template":"","format":"standard","meta":{"ngg_post_thumbnail":0,"footnotes":""},"categories":[15],"tags":[2379,3561,430,3560,3566,808,3567,3564,3565,149,3563,3562,1550],"class_list":["post-11712","post","type-post","status-publish","format-standard","has-post-thumbnail","hentry","category-ingiltere","tag-birdakikabritanya","tag-avrupanin-ilk-cevre-dostu-camisi","tag-birlesik-krallik","tag-cambridge-camii","tag-cambridge-musluman-koleji","tag-covid-19","tag-david-marks-ve-julia-barfield","tag-dr-sejad-mekic","tag-hafiz-ali-tos","tag-ingiltere","tag-ingilterede-bayram-namazi","tag-kurban-bayrami","tag-pandemi"],"_links":{"self":[{"href":"https:\/\/by-tv.co.uk\/en\/wp-json\/wp\/v2\/posts\/11712","targetHints":{"allow":["GET"]}}],"collection":[{"href":"https:\/\/by-tv.co.uk\/en\/wp-json\/wp\/v2\/posts"}],"about":[{"href":"https:\/\/by-tv.co.uk\/en\/wp-json\/wp\/v2\/types\/post"}],"author":[{"embeddable":true,"href":"https:\/\/by-tv.co.uk\/en\/wp-json\/wp\/v2\/users\/1"}],"replies":[{"embeddable":true,"href":"https:\/\/by-tv.co.uk\/en\/wp-json\/wp\/v2\/comments?post=11712"}],"version-history":[{"count":0,"href":"https:\/\/by-tv.co.uk\/en\/wp-json\/wp\/v2\/posts\/11712\/revisions"}],"wp:featuredmedia":[{"embeddable":true,"href":"https:\/\/by-tv.co.uk\/en\/wp-json\/wp\/v2\/media\/11719"}],"wp:attachment":[{"href":"https:\/\/by-tv.co.uk\/en\/wp-json\/wp\/v2\/media?parent=11712"}],"wp:term":[{"taxonomy":"category","embeddable":true,"href":"https:\/\/by-tv.co.uk\/en\/wp-json\/wp\/v2\/categories?post=11712"},{"taxonomy":"post_tag","embeddable":true,"href":"https:\/\/by-tv.co.uk\/en\/wp-json\/wp\/v2\/tags?post=11712"}],"curies":[{"name":"wp","href":"https:\/\/api.w.org\/{rel}","templated":true}]}}