{"id":11646,"date":"2021-07-19T12:18:48","date_gmt":"2021-07-19T11:18:48","guid":{"rendered":"https:\/\/by-tv.co.uk\/?p=11646"},"modified":"2021-07-21T00:54:37","modified_gmt":"2021-07-20T23:54:37","slug":"ingilterede-gunluk-50-bin-vakayla-ozgurluk-gunu","status":"publish","type":"post","link":"https:\/\/by-tv.co.uk\/en\/ingilterede-gunluk-50-bin-vakayla-ozgurluk-gunu\/","title":{"rendered":"\u0130ngiltere&#8217;de g\u00fcnl\u00fck 50 bin vakayla \u00f6zg\u00fcrl\u00fck g\u00fcnleri ba\u015flad\u0131"},"content":{"rendered":"<p style=\"text-align: left;\">\u0130ngiltere&#8217;de g\u00fcnl\u00fck 50 bin vakayla \u00f6zg\u00fcrl\u00fck g\u00fcnlerinin ba\u015flamas\u0131yla, Johnson h\u00fck\u00fcmeti kalan t\u00fcm Covid k\u0131s\u0131tlamalar\u0131 bug\u00fcn kald\u0131rarak yeni bir d\u00f6nem ba\u015flatt\u0131.<\/p>\n<h4 style=\"text-align: left;\">Gece kul\u00fcpleri kap\u0131lar\u0131n\u0131 a\u00e7t\u0131<\/h4>\n<p style=\"text-align: left;\">Gece kul\u00fcpleri Mart 2020&#8217;den bu yana ilk kez d\u00fcn gece kap\u0131lar\u0131n\u0131 a\u00e7t\u0131.<\/p>\n<p style=\"text-align: left;\">Maskeler art\u0131k yasa gere\u011fi gerekli de\u011fil, ancak h\u00fck\u00fcmet kalabal\u0131k ve kapal\u0131 alanlarda tak\u0131lmas\u0131n\u0131 tavsiye ediyor.<\/p><div id=\"briti-2136922870\" class=\"briti-icerik\" style=\"margin-top: 5px;margin-bottom: 5px;\"><a href=\"https:\/\/piaryum.com\/services\/\" aria-label=\"piaryum banner\"><img loading=\"lazy\" decoding=\"async\" src=\"https:\/\/by-tv.co.uk\/wp-content\/uploads\/2025\/12\/Gemini_Generated_Image_g5yqr1g5yqr1g5yq.jpg\" alt=\"\"  width=\"2064\" height=\"1152\"   \/><\/a><\/div>\n<blockquote class=\"twitter-tweet\">\n<p dir=\"ltr\" lang=\"en\">It is the mission of this government to unite and level up across the whole United Kingdom.<a href=\"https:\/\/t.co\/swssWKOKF6\">https:\/\/t.co\/swssWKOKF6<\/a> <a href=\"https:\/\/t.co\/IgVp3kyBlS\">pic.twitter.com\/IgVp3kyBlS<\/a><\/p>\n<p>\u2014 Boris Johnson (@BorisJohnson) <a href=\"https:\/\/twitter.com\/BorisJohnson\/status\/1415712032565891081?ref_src=twsrc%5Etfw\" target=\"_blank\" rel=\"noopener\">July 15, 2021<\/a><\/p><\/blockquote>\n<p style=\"text-align: left;\"><script async=\"\" src=\"https:\/\/platform.twitter.com\/widgets.js\" charset=\"utf-8\"><\/script><br \/>\nBaz\u0131 ula\u015f\u0131m firmalar\u0131 ve s\u00fcpermarketler, m\u00fc\u015fterilerden maske takmaya devam etmelerini istedi.<\/p>\n<p style=\"text-align: left;\">\u0130sko\u00e7ya&#8217;da, kapal\u0131 alanlardaki toplant\u0131larda daha gev\u015fek s\u0131n\u0131rlarla kurallar da de\u011fi\u015fiyor, ancak maskeler d\u00fckkanlarda ve toplu ta\u015f\u0131ma ara\u00e7lar\u0131nda zorunlu kalacak<\/p>\n<p style=\"text-align: left;\">Publarda ve restoranlarda art\u0131k sadece masa servisi de\u011fil self-servis de hizmet verebilir.<\/p>\n<div id=\"attachment_11717\" style=\"width: 1610px\" class=\"wp-caption alignleft\"><img loading=\"lazy\" decoding=\"async\" aria-describedby=\"caption-attachment-11717\" class=\"wp-image-11717 size-full\" src=\"https:\/\/by-tv.co.uk\/wp-content\/uploads\/2021\/07\/Cambrdige-Camii-2.jpeg\" alt=\"\" width=\"1600\" height=\"899\" title=\"\"><p id=\"caption-attachment-11717\" class=\"wp-caption-text\">Cambridge Camisi<\/p><\/div>\n<p style=\"text-align: left;\">D\u00fc\u011f\u00fcn ve cenazelerde veya<a href=\"https:\/\/by-tv.co.uk\/en\/avrupanin-ilk-cevre-dostu-camisinde-bayram\/\"> ibadetlerde<\/a> s\u0131n\u0131rlama yok. <span class=\"css-18t94o4 css-901oao css-16my406 r-1n1174f r-1loqt21 r-poiln3 r-n6v787 r-1cwl3u0 r-bcqeeo r-qvutc0\" tabindex=\"0\" role=\"button\" aria-expanded=\"true\" aria-label=\"Tweet \u00e7evirisini gizle\"><span class=\"css-901oao css-16my406 r-poiln3 r-bcqeeo r-qvutc0\">Bu sene&nbsp;<strong>\u0130ngiltere\u2019de 19 Temmuz\u2019<\/strong>dan koronavir\u00fcs k\u0131s\u0131tlamalar\u0131n\u0131n gev\u015fetilmesiyle&nbsp;&nbsp;<\/span><\/span>ibadet yerlerinde ya\u015f s\u0131n\u0131rlamas\u0131 kald\u0131r\u0131ld\u0131, ibadet edenlerin yan yana namaz k\u0131labilmesine izin verildi.&nbsp;<\/p>\n<h4 style=\"text-align: left;\">Konserler nihayet ba\u015fl\u0131yor<\/h4>\n<p style=\"text-align: left;\">Konserlere, tiyatrolara ve spor etkinliklerine kat\u0131lan ki\u015filerde s\u0131n\u0131rlama olmayacak.<\/p>\n<p style=\"text-align: left;\">Ka\u00e7 ki\u015finin bulu\u015fabilece\u011fine dair s\u0131n\u0131r yok.1metre mesafe kural\u0131 hastaneler ve pasaport kontrol\u00fc gibi baz\u0131 yerler hari\u00e7 her yerde kald\u0131r\u0131ld\u0131.<\/p>\n<p style=\"text-align: left;\">Sar\u0131 seyahat listesi \u00fclkelerine seyahate kar\u015f\u0131 tavsiye edilen rehberlik kald\u0131r\u0131ld\u0131. (Sadece Fransa&#8217;dan \u0130ngiltere, Galler ve \u0130sko\u00e7ya&#8217;ya d\u00f6nenler hala 10 g\u00fcn karantinaya al\u0131nacakt\u0131r)<\/p>\n<div id=\"attachment_11666\" style=\"width: 1610px\" class=\"wp-caption alignleft\"><img loading=\"lazy\" decoding=\"async\" aria-describedby=\"caption-attachment-11666\" class=\"wp-image-11666 size-full\" src=\"https:\/\/by-tv.co.uk\/wp-content\/uploads\/2021\/07\/ofise-donus-senaryolari-2.jpeg\" alt=\"\" width=\"1600\" height=\"1018\" title=\"\"><p id=\"caption-attachment-11666\" class=\"wp-caption-text\">\u0130ngiltere&#8217;de g\u00fcnl\u00fck 50 bin vakayla \u00f6zg\u00fcrl\u00fck g\u00fcnleri ba\u015flad\u0131<\/p><\/div>\n<p style=\"text-align: left;\">18 ya\u015f\u0131ndan k\u00fc\u00e7\u00fckler ve tam a\u015f\u0131lanm\u0131\u015f yeti\u015fkinler art\u0131k <a href=\"https:\/\/www.gov.uk\/guidance\/red-amber-and-green-list-rules-for-entering-england\" target=\"_blank\" rel=\"noopener\">sar\u0131 seyahat listesi<\/a> \u00fclkelerini ziyaret ettikten sonra kendilerini izole etmek zorunda de\u011fil.<\/p>\n<p style=\"text-align: left;\">\u0130ngiltere tam a\u015f\u0131lama \u015fart\u0131; \u0130ngiltere\u2019de NHS taraf\u0131ndan size iki Covid-19 a\u015f\u0131 dozu uyguland\u0131ysa karantinaya girmeyeceksiniz.&nbsp; A\u015f\u0131lar seyahate \u00e7\u0131kmadan 14 g\u00fcn \u00f6nce verilmi\u015f olmal\u0131. Politika 19 Temmuz\u2019da ba\u015fl\u0131yor. \u015eu anda \u0130ngiltere sadece NHS&#8217;nin yapt\u0131\u011f\u0131 a\u015f\u0131lar\u0131 , a\u015f\u0131 kan\u0131t\u0131 olarak kabul ediyor.<\/p>\n<p style=\"text-align: left;\">&nbsp;<\/p>\n<p style=\"text-align: left;\">Bak\u0131m evlerine gelen ziyaret\u00e7ilerle ilgili s\u0131n\u0131rlar kald\u0131r\u0131lacakt\u0131r.<\/p>\n<p style=\"text-align: left;\">16 A\u011fustos&#8217;tan itibaren okullardaki Covid k\u0131s\u0131tlamalar\u0131n\u0131n \u00e7o\u011fu -&#8220;balon sistemi&#8221; dahil sona erecek. Ayn\u0131 tarihten itibaren, tam a\u015f\u0131lanm\u0131\u015f yeti\u015fkinlerin pozitif bir vaka ile temas ettikten sonra kendilerini izole etmelerine gerek kalmayacakt\u0131r.<\/p>\n<h4 style=\"text-align: left;\">Covid Pass<\/h4>\n<div id=\"attachment_11339\" style=\"width: 5626px\" class=\"wp-caption alignleft\"><img loading=\"lazy\" decoding=\"async\" aria-describedby=\"caption-attachment-11339\" class=\"size-full wp-image-11339\" src=\"https:\/\/by-tv.co.uk\/wp-content\/uploads\/2021\/07\/pexels-frank-meriA\u00b1o-8488619.jpg\" alt=\"\" width=\"5616\" height=\"3744\" title=\"\"><p id=\"caption-attachment-11339\" class=\"wp-caption-text\">Yurtd\u0131\u015f\u0131nda a\u015f\u0131lanan sar\u0131 seyahat listesindeki \u00fclkelerden \u0130ngiltere\u2019ye seyahat edenler, ikinci ve sekizinci g\u00fcnde test yapt\u0131rarak 10 g\u00fcn boyunca evde veya kald\u0131klar\u0131 yerde karantinaya almak zorunda kalacaklar.<\/p><\/div>\n<p style=\"text-align: left;\">Gece kul\u00fcpleri ve b\u00fcy\u00fck etkinliklerin yapan i\u015fletmeler, insanlar\u0131n tamamen a\u015f\u0131l\u0131 oldu\u011funu kontrol etmek i\u00e7in <a href=\"https:\/\/www.nhs.uk\/conditions\/coronavirus-covid-19\/covid-pass\/\" target=\"_blank\" rel=\"noopener\">NHS Covid Pass<\/a>&#8216;i kullanmaya te\u015fvik edilecek ama zorunlu de\u011fil. <a href=\"https:\/\/by-tv.co.uk\/en\/nhs-covid-19-pass-nasil-alinir\/\"><strong>Covid Pass<\/strong><\/a>&#8216;i almak i\u00e7in a\u015f\u0131lar\u0131n\u0131z\u0131n tamamlanmas\u0131 gerkiyor.<\/p>\n<h4 style=\"text-align: left;\">Evden \u00e7al\u0131\u015fan insanlar kademeli olarak i\u015fyerine d\u00f6nmeye te\u015fvik edilecektir.<\/h4>\n<p style=\"text-align: left;\">\u0130ngiltere&#8217;de g\u00fcnl\u00fck 50 bin vakayla \u00f6zg\u00fcrl\u00fck g\u00fcnlerinin ba\u015flamas\u0131yla&nbsp;<a href=\"https:\/\/by-tv.co.uk\/en\/ofislere-donus-senaryolari-asamali-normallesme\/\"><strong> Ofislere d\u00f6n\u00fc\u015f senaryolar\u0131 da&nbsp;<\/strong><\/a> a\u015famal\u0131 normalle\u015fme s\u00fcreci ve hafifleyen uygulamalarla birlikte \u015firket y\u00f6netimleri ve insan kaynaklar\u0131 b\u00f6l\u00fcmlerinin de ajandalar\u0131nda \u00f6ncelikli konu halini ald\u0131.<\/p>\n<blockquote class=\"instagram-media\" style=\"background: #FFF; border: 0; border-radius: 3px; box-shadow: 0 0 1px 0 rgba(0,0,0,0.5),0 1px 10px 0 rgba(0,0,0,0.15); margin: 1px; max-width: 540px; min-width: 326px; padding: 0; width: calc(100% - 2px);\" data-instgrm-permalink=\"https:\/\/www.instagram.com\/p\/CRerq3xKcDw\/?utm_source=ig_embed&amp;utm_campaign=loading\" data-instgrm-version=\"13\">\n<div style=\"padding: 16px;\">\n<p>&nbsp;<\/p>\n<div style=\"display: flex; flex-direction: row; align-items: center;\">\n<div style=\"background-color: #f4f4f4; border-radius: 50%; flex-grow: 0; height: 40px; margin-right: 14px; width: 40px;\">&nbsp;<\/div>\n<div style=\"display: flex; flex-direction: column; flex-grow: 1; justify-content: center;\">\n<div style=\"background-color: #f4f4f4; border-radius: 4px; flex-grow: 0; height: 14px; margin-bottom: 6px; width: 100px;\">&nbsp;<\/div>\n<div style=\"background-color: #f4f4f4; border-radius: 4px; flex-grow: 0; height: 14px; width: 60px;\">&nbsp;<\/div>\n<\/div>\n<\/div>\n<div style=\"padding: 19% 0;\">&nbsp;<\/div>\n<div style=\"display: block; height: 50px; margin: 0 auto 12px; width: 50px;\">&nbsp;<\/div>\n<div style=\"padding-top: 8px;\">\n<div style=\"color: #3897f0; font-family: Arial,sans-serif; font-size: 14px; font-style: normal; font-weight: 550; line-height: 18px;\">Bu g\u00f6nderiyi Instagram&#8217;da g\u00f6r<\/div>\n<\/div>\n<div style=\"padding: 12.5% 0;\">&nbsp;<\/div>\n<div style=\"display: flex; flex-direction: row; margin-bottom: 14px; align-items: center;\">\n<div>\n<div style=\"background-color: #f4f4f4; border-radius: 50%; height: 12.5px; width: 12.5px; transform: translateX(0px) translateY(7px);\">&nbsp;<\/div>\n<div style=\"background-color: #f4f4f4; height: 12.5px; transform: rotate(-45deg) translateX(3px) translateY(1px); width: 12.5px; flex-grow: 0; margin-right: 14px; margin-left: 2px;\">&nbsp;<\/div>\n<div style=\"background-color: #f4f4f4; border-radius: 50%; height: 12.5px; width: 12.5px; transform: translateX(9px) translateY(-18px);\">&nbsp;<\/div>\n<\/div>\n<div style=\"margin-left: 8px;\">\n<div style=\"background-color: #f4f4f4; border-radius: 50%; flex-grow: 0; height: 20px; width: 20px;\">&nbsp;<\/div>\n<div style=\"width: 0; height: 0; border-top: 2px solid transparent; border-left: 6px solid #f4f4f4; border-bottom: 2px solid transparent; transform: translateX(16px) translateY(-4px) rotate(30deg);\">&nbsp;<\/div>\n<\/div>\n<div style=\"margin-left: auto;\">\n<div style=\"width: 0px; border-top: 8px solid #F4F4F4; border-right: 8px solid transparent; transform: translateY(16px);\">&nbsp;<\/div>\n<div style=\"background-color: #f4f4f4; flex-grow: 0; height: 12px; width: 16px; transform: translateY(-4px);\">&nbsp;<\/div>\n<div style=\"width: 0; height: 0; border-top: 8px solid #F4F4F4; border-left: 8px solid transparent; transform: translateY(-4px) translateX(8px);\">&nbsp;<\/div>\n<\/div>\n<\/div>\n<div style=\"display: flex; flex-direction: column; flex-grow: 1; justify-content: center; margin-bottom: 24px;\">\n<div style=\"background-color: #f4f4f4; border-radius: 4px; flex-grow: 0; height: 14px; margin-bottom: 6px; width: 224px;\">&nbsp;<\/div>\n<div style=\"background-color: #f4f4f4; border-radius: 4px; flex-grow: 0; height: 14px; width: 144px;\">&nbsp;<\/div>\n<\/div>\n<p>&nbsp;<\/p>\n<p style=\"color: #c9c8cd; font-family: Arial,sans-serif; font-size: 14px; line-height: 17px; margin-bottom: 0; margin-top: 8px; overflow: hidden; padding: 8px 0 7px; text-align: center; text-overflow: ellipsis; white-space: nowrap;\"><a style=\"color: #c9c8cd; font-family: Arial,sans-serif; font-size: 14px; font-style: normal; font-weight: normal; line-height: 17px; text-decoration: none;\" href=\"https:\/\/www.instagram.com\/p\/CRerq3xKcDw\/?utm_source=ig_embed&amp;utm_campaign=loading\" target=\"_blank\" rel=\"noopener\">Brit \u0130\u015f-Ya\u015fam TV (@britisyasamtv)&#8217;in payla\u015ft\u0131\u011f\u0131 bir g\u00f6nderi<\/a><\/p>\n<\/div>\n<\/blockquote>\n<p><script async=\"\" src=\"\/\/www.instagram.com\/embed.js\"><\/script><\/p>\n<p style=\"text-align: left;\">&nbsp;Ana Muhalefet \u0130\u015f\u00e7i Partisi \u0130ngiltere&#8217;de g\u00fcnl\u00fck 50 bin vakayla \u00f6zg\u00fcrl\u00fck olamayaca\u011f\u0131n\u0131 belirtiyor ve \u00e7o\u011fu i\u015f\u00e7i partili belediye ba\u015fkan\u0131 ula\u015f\u0131m ara\u00e7lar\u0131nda maske kullan\u0131m\u0131n\u0131 isteyebilece\u011fini belirtiyor.<\/p>\n<h4 style=\"text-align: left;\">NHS COVID Pass, hangi durumlarda ve nas\u0131l al\u0131n\u0131r?<\/h4>\n<p style=\"text-align: left;\"><strong>(Not: Yukar\u0131da bahsedilen karantina muafiyetinde a\u015f\u0131 \u015fart\u0131 var.)<\/strong><\/p>\n<ul style=\"text-align: left;\">\n<li>&nbsp;COVID-19 a\u015f\u0131lar\u0131n\u0131z\u0131 tam olduysan\u0131z ( Moderna, AstraZeneca ve Pfizer a\u015f\u0131s\u0131 2. dozunuzdan 2 hafta sonra&nbsp;veya&nbsp; Janssen tek doz a\u015f\u0131dan 2 hafta sonra&nbsp;<\/li>\n<li>A\u015f\u0131lar\u0131n \u0130ngiltere\u2019de NHS taraf\u0131ndan yap\u0131lmas\u0131 gerekiyor.<\/li>\n<li>16 ya\u015f\u0131nda veya daha b\u00fcy\u00fck olmal\u0131s\u0131n\u0131z<\/li>\n<li>Son 48 saat i\u00e7inde negatif PCR testi veya h\u0131zl\u0131 lateral ak\u0131\u015f testi<\/li>\n<li>Son 6 ay i\u00e7inde pozitif PCR testi (Kendi kendini tecrit etmeyi bitirdikten sonra ve teste girdikten sonra 180 g\u00fcne kadar)<\/li>\n<\/ul>\n<p style=\"text-align: left;\"><span class=\"\">NHS COVID Pass, dijital veya bas\u0131l\u0131 formatta mevcuttur.<\/span><\/p>\n<blockquote class=\"instagram-media\" style=\"background: #FFF; border: 0; border-radius: 3px; box-shadow: 0 0 1px 0 rgba(0,0,0,0.5),0 1px 10px 0 rgba(0,0,0,0.15); margin: 1px; max-width: 540px; min-width: 326px; padding: 0; width: calc(100% - 2px);\" data-instgrm-permalink=\"https:\/\/www.instagram.com\/p\/CRHumo7qdxG\/?utm_source=ig_embed&amp;utm_campaign=loading\" data-instgrm-version=\"13\">\n<div style=\"padding: 16px;\">\n<p>&nbsp;<\/p>\n<div style=\"display: flex; flex-direction: row; align-items: center;\">\n<div style=\"background-color: #f4f4f4; border-radius: 50%; flex-grow: 0; height: 40px; margin-right: 14px; width: 40px;\">&nbsp;<\/div>\n<div style=\"display: flex; flex-direction: column; flex-grow: 1; justify-content: center;\">\n<div style=\"background-color: #f4f4f4; border-radius: 4px; flex-grow: 0; height: 14px; margin-bottom: 6px; width: 100px;\">&nbsp;<\/div>\n<div style=\"background-color: #f4f4f4; border-radius: 4px; flex-grow: 0; height: 14px; width: 60px;\">&nbsp;<\/div>\n<\/div>\n<\/div>\n<div style=\"padding: 19% 0;\">&nbsp;<\/div>\n<div style=\"display: block; height: 50px; margin: 0 auto 12px; width: 50px;\">&nbsp;<\/div>\n<div style=\"padding-top: 8px;\">\n<div style=\"color: #3897f0; font-family: Arial,sans-serif; font-size: 14px; font-style: normal; font-weight: 550; line-height: 18px;\">Bu g\u00f6nderiyi Instagram&#8217;da g\u00f6r<\/div>\n<\/div>\n<div style=\"padding: 12.5% 0;\">&nbsp;<\/div>\n<div style=\"display: flex; flex-direction: row; margin-bottom: 14px; align-items: center;\">\n<div>\n<div style=\"background-color: #f4f4f4; border-radius: 50%; height: 12.5px; width: 12.5px; transform: translateX(0px) translateY(7px);\">&nbsp;<\/div>\n<div style=\"background-color: #f4f4f4; height: 12.5px; transform: rotate(-45deg) translateX(3px) translateY(1px); width: 12.5px; flex-grow: 0; margin-right: 14px; margin-left: 2px;\">&nbsp;<\/div>\n<div style=\"background-color: #f4f4f4; border-radius: 50%; height: 12.5px; width: 12.5px; transform: translateX(9px) translateY(-18px);\">&nbsp;<\/div>\n<\/div>\n<div style=\"margin-left: 8px;\">\n<div style=\"background-color: #f4f4f4; border-radius: 50%; flex-grow: 0; height: 20px; width: 20px;\">&nbsp;<\/div>\n<div style=\"width: 0; height: 0; border-top: 2px solid transparent; border-left: 6px solid #f4f4f4; border-bottom: 2px solid transparent; transform: translateX(16px) translateY(-4px) rotate(30deg);\">&nbsp;<\/div>\n<\/div>\n<div style=\"margin-left: auto;\">\n<div style=\"width: 0px; border-top: 8px solid #F4F4F4; border-right: 8px solid transparent; transform: translateY(16px);\">&nbsp;<\/div>\n<div style=\"background-color: #f4f4f4; flex-grow: 0; height: 12px; width: 16px; transform: translateY(-4px);\">&nbsp;<\/div>\n<div style=\"width: 0; height: 0; border-top: 8px solid #F4F4F4; border-left: 8px solid transparent; transform: translateY(-4px) translateX(8px);\">&nbsp;<\/div>\n<\/div>\n<\/div>\n<div style=\"display: flex; flex-direction: column; flex-grow: 1; justify-content: center; margin-bottom: 24px;\">\n<div style=\"background-color: #f4f4f4; border-radius: 4px; flex-grow: 0; height: 14px; margin-bottom: 6px; width: 224px;\">&nbsp;<\/div>\n<div style=\"background-color: #f4f4f4; border-radius: 4px; flex-grow: 0; height: 14px; width: 144px;\">&nbsp;<\/div>\n<\/div>\n<p>&nbsp;<\/p>\n<p style=\"color: #c9c8cd; font-family: Arial,sans-serif; font-size: 14px; line-height: 17px; margin-bottom: 0; margin-top: 8px; overflow: hidden; padding: 8px 0 7px; text-align: center; text-overflow: ellipsis; white-space: nowrap;\"><a style=\"color: #c9c8cd; font-family: Arial,sans-serif; font-size: 14px; font-style: normal; font-weight: normal; line-height: 17px; text-decoration: none;\" href=\"https:\/\/www.instagram.com\/p\/CRHumo7qdxG\/?utm_source=ig_embed&amp;utm_campaign=loading\" target=\"_blank\" rel=\"noopener\">Brit \u0130\u015f-Ya\u015fam TV (@britisyasamtv)&#8217;in payla\u015ft\u0131\u011f\u0131 bir g\u00f6nderi<\/a><\/p>\n<\/div>\n<\/blockquote>\n<p style=\"text-align: left;\"><script async=\"\" src=\"\/\/www.instagram.com\/embed.js\"><\/script><\/p>\n<p style=\"text-align: left;\">NHS COVID Pass\u2019\u0131n\u0131za 2. doz a\u015f\u0131n\u0131zdan 2 hafta sonra eri\u015febilirsiniz.&nbsp;<\/p>\n<div class=\"application-notice help-notice\" style=\"text-align: left;\" role=\"note\" aria-label=\"Uyar\u0131\">\n<p><span class=\"\">A\u015f\u0131 merkezlerinden ald\u0131\u011f\u0131n\u0131z NHS randevu kart\u0131n\u0131z, COVID-19 a\u015f\u0131 durumunuzu g\u00f6stermek i\u00e7in kullan\u0131lamaz.<\/span><\/p>\n<div>\n<p>NHS COVID Pass, koronavir\u00fcs (COVID-19) a\u015f\u0131 ayr\u0131nt\u0131lar\u0131n\u0131z\u0131 veya test sonu\u00e7lar\u0131n\u0131z\u0131 g\u00f6sterir.&nbsp;<\/p>\n<p data-block-key=\"dq9k0\">COVID Pass\u2019\u0131n denendi\u011fi baz\u0131 etkinliklere girmek veya yurtd\u0131\u015f\u0131na seyahat etmek i\u00e7in ge\u00e7i\u015f kart\u0131n\u0131z\u0131 g\u00f6stermeniz istenebilir.<\/p>\n<h4><span class=\"\">NHS COVID Pass\u2019\u0131n\u0131z\u0131 nas\u0131l al\u0131rs\u0131n\u0131z?<\/span><\/h4>\n<p data-block-key=\"bb5db\">NHS App veya NHS web sitesini kullanarak dijital bir s\u00fcr\u00fcm edinebilirsiniz.&nbsp;PDF olarak indirebilir veya size bir e-posta ile g\u00f6nderilmesini sa\u011flayabilirsiniz.<\/p>\n<p data-block-key=\"f1fcc\">Dijital bir s\u00fcr\u00fcm elde edebilirsiniz:<\/p>\n<ul>\n<li data-block-key=\"e3deh\"><a href=\"https:\/\/www-nhs-uk.translate.goog\/nhs-services\/online-services\/nhs-app\/?_x_tr_sl=en&amp;_x_tr_tl=tr&amp;_x_tr_hl=tr&amp;_x_tr_pto=ajax,elem\" target=\"_blank\" rel=\"noopener\">NHS Uygulamas\u0131n\u0131 indirmek<\/a>&nbsp;\u2013 uygulamay\u0131 kullanmak i\u00e7in \u0130ngiltere\u2019de bir pratisyen hekime kay\u0131tl\u0131 olman\u0131z gerekir<\/li>\n<li data-block-key=\"dpspo\">\u00e7evrimi\u00e7i NHS COVID Pass hizmetini kullanma<\/li>\n<\/ul>\n<p data-block-key=\"a25hl\">Bu hizmetleri kullanmak i\u00e7in bir NHS giri\u015fine ihtiyac\u0131n\u0131z olacak.&nbsp;Halihaz\u0131rda bir NHS giri\u015finiz yoksa bir tane olu\u015fturman\u0131z istenecektir.<\/p>\n<h4 data-block-key=\"a25hl\">Ka\u011f\u0131da bas\u0131l\u0131 belge<\/h4>\n<p data-block-key=\"1sgbk\">2. doz a\u015f\u0131n\u0131z\u0131 yapt\u0131rd\u0131ktan 2 hafta sonra veya tek doz Janssen a\u015f\u0131s\u0131ndan 2 hafta sonra bir mektup isteyebilirsiniz.&nbsp;5 i\u015f g\u00fcn\u00fc i\u00e7erisinde teslim alman\u0131z gerekmektedir.<\/p>\n<p data-block-key=\"fs89h\">Ayr\u0131ca COVID-19 a\u015f\u0131lama sonras\u0131 mektubu olarak da bilinir.&nbsp;Ka\u011f\u0131t versiyonun son kullanma tarihi yoktur.<\/p>\n<\/div>\n<\/div>\n<p style=\"text-align: left;\">#ingilteret\u00fcrkleri #londral\u0131t\u00fcrkler #londra #londratvprogram #ingilteret\u00fcrkiye #t\u00fcrkiyeingiltere #londrae\u011fitim #ingilteree\u011fitim #ankaraanla\u015fmas\u0131 #yurtd\u0131\u015f\u0131vize #isko\u00e7ya #galler #edinburgh #birle\u015fikkrall\u0131k #covid19 #\u00f6zg\u00fcrl\u00fck #normalle\u015fme #yeninormal #ofised\u00f6n\u00fc\u015f #yenidenba\u015flas\u0131n #yeniden #hayatba\u015fl\u0131yor #eskisigibi #london<\/p>\n<div id=\"briti-613437466\" class=\"briti-icerikten-sonra_2\" style=\"margin-top: 25px;margin-bottom: 25px;\"><a href=\"https:\/\/wa.me\/message\/NDZLLIOQT4H3O1\" aria-label=\"bytv reklam banner\"><img loading=\"lazy\" decoding=\"async\" src=\"https:\/\/by-tv.co.uk\/wp-content\/uploads\/2025\/12\/bytv-reklam-banner.jpg\" alt=\"\"  width=\"2376\" height=\"1008\"   \/><\/a><\/div>","protected":false},"excerpt":{"rendered":"<p>\u0130ngiltere&#8217;de g\u00fcnl\u00fck 50 bin vakayla \u00f6zg\u00fcrl\u00fck g\u00fcnlerinin ba\u015flamas\u0131yla, Johnson h\u00fck\u00fcmeti kalan t\u00fcm Covid k\u0131s\u0131tlamalar\u0131 bug\u00fcn kald\u0131rarak yeni bir d\u00f6nem ba\u015flatt\u0131. Gece kul\u00fcpleri kap\u0131lar\u0131n\u0131 a\u00e7t\u0131 Gece kul\u00fcpleri Mart 2020&#8217;den bu yana ilk kez d\u00fcn gece kap\u0131lar\u0131n\u0131 a\u00e7t\u0131. Maskeler art\u0131k yasa gere\u011fi gerekli de\u011fil, ancak h\u00fck\u00fcmet kalabal\u0131k ve kapal\u0131 alanlarda tak\u0131lmas\u0131n\u0131 tavsiye ediyor. It is the mission of this government to unite and level up across the whole United Kingdom.https:\/\/t.co\/swssWKOKF6 pic.twitter.com\/IgVp3kyBlS \u2014 Boris Johnson (@BorisJohnson) July 15, 2021 Baz\u0131 ula\u015f\u0131m firmalar\u0131 ve s\u00fcpermarketler, m\u00fc\u015fterilerden maske takmaya devam etmelerini istedi. \u0130sko\u00e7ya&#8217;da, kapal\u0131 alanlardaki toplant\u0131larda daha gev\u015fek s\u0131n\u0131rlarla kurallar da de\u011fi\u015fiyor, ancak maskeler d\u00fckkanlarda [&hellip;]<\/p>\n","protected":false},"author":1,"featured_media":11647,"comment_status":"open","ping_status":"open","sticky":false,"template":"","format":"standard","meta":{"ngg_post_thumbnail":0,"footnotes":""},"categories":[15],"tags":[2379,1096,1565,1834,430,417,204,809,567,149,861,202,144],"class_list":["post-11646","post","type-post","status-publish","format-standard","has-post-thumbnail","hentry","category-ingiltere","tag-birdakikabritanya","tag-covit-19","tag-astrazeneca","tag-biontech","tag-birlesik-krallik","tag-boris-johnson","tag-britanya","tag-corona","tag-coronavirus","tag-ingiltere","tag-karantina","tag-nhs","tag-turkiye"],"_links":{"self":[{"href":"https:\/\/by-tv.co.uk\/en\/wp-json\/wp\/v2\/posts\/11646","targetHints":{"allow":["GET"]}}],"collection":[{"href":"https:\/\/by-tv.co.uk\/en\/wp-json\/wp\/v2\/posts"}],"about":[{"href":"https:\/\/by-tv.co.uk\/en\/wp-json\/wp\/v2\/types\/post"}],"author":[{"embeddable":true,"href":"https:\/\/by-tv.co.uk\/en\/wp-json\/wp\/v2\/users\/1"}],"replies":[{"embeddable":true,"href":"https:\/\/by-tv.co.uk\/en\/wp-json\/wp\/v2\/comments?post=11646"}],"version-history":[{"count":0,"href":"https:\/\/by-tv.co.uk\/en\/wp-json\/wp\/v2\/posts\/11646\/revisions"}],"wp:featuredmedia":[{"embeddable":true,"href":"https:\/\/by-tv.co.uk\/en\/wp-json\/wp\/v2\/media\/11647"}],"wp:attachment":[{"href":"https:\/\/by-tv.co.uk\/en\/wp-json\/wp\/v2\/media?parent=11646"}],"wp:term":[{"taxonomy":"category","embeddable":true,"href":"https:\/\/by-tv.co.uk\/en\/wp-json\/wp\/v2\/categories?post=11646"},{"taxonomy":"post_tag","embeddable":true,"href":"https:\/\/by-tv.co.uk\/en\/wp-json\/wp\/v2\/tags?post=11646"}],"curies":[{"name":"wp","href":"https:\/\/api.w.org\/{rel}","templated":true}]}}