{"id":11603,"date":"2021-07-16T19:13:24","date_gmt":"2021-07-16T18:13:24","guid":{"rendered":"https:\/\/by-tv.co.uk\/?p=11603"},"modified":"2021-07-16T19:19:38","modified_gmt":"2021-07-16T18:19:38","slug":"ingilterede-gunluk-kovid-19-vaka-sayisi-50-bini-gecti","status":"publish","type":"post","link":"https:\/\/by-tv.co.uk\/en\/ingilterede-gunluk-kovid-19-vaka-sayisi-50-bini-gecti\/","title":{"rendered":"\u0130ngiltere&#8217;de g\u00fcnl\u00fck Kovid-19 vaka say\u0131s\u0131 50 bini ge\u00e7ti"},"content":{"rendered":"<p><strong>\u0130ngiltere&nbsp;<\/strong>Sa\u011fl\u0131k Bakanl\u0131\u011f\u0131n\u0131n a\u00e7\u0131klad\u0131\u011f\u0131 verilere g\u00f6re, \u00fclkede vir\u00fcs nedeniyle hayat\u0131n\u0131 kaybedenlerin say\u0131s\u0131 son 24 saatte 49 artarak 128 bin 642&#8217;ye y\u00fckseldi.<\/p>\n<p><strong>Son 24 saatte 51 bin 870 yeni vaka tespit edildi.&nbsp;<\/strong>Bu say\u0131, 55 bin 761 vakan\u0131n saptand\u0131\u011f\u0131 15 Ocak&#8217;tan bu yana g\u00f6r\u00fclen en y\u00fcksek g\u00fcnl\u00fck rakam oldu. Toplam vaka say\u0131s\u0131 ise 5 milyon 332 bin 371&#8217;e \u00e7\u0131kt\u0131.<\/p>\n<p>\u0130ngiltere&#8217;de 4 a\u015famal\u0131 plan dahilinde uygulanan Kovid-19 k\u0131s\u0131tlamalar\u0131n\u0131n sonuncusu 19 Temmuz itibar\u0131yla kald\u0131r\u0131lacak. Bu kapsamda, Kovid-19 \u00f6nlemleri ba\u011flam\u0131nda yasal maske zorunlulu\u011fu gibi t\u00fcm s\u0131n\u0131rland\u0131rmalar\u0131n kald\u0131r\u0131lmas\u0131 planlan\u0131yor.<\/p><div id=\"briti-1721000334\" class=\"briti-icerik\" style=\"margin-top: 5px;margin-bottom: 5px;\"><a href=\"https:\/\/piaryum.com\/services\/\" aria-label=\"piaryum banner\"><img loading=\"lazy\" decoding=\"async\" src=\"https:\/\/by-tv.co.uk\/wp-content\/uploads\/2025\/12\/Gemini_Generated_Image_g5yqr1g5yqr1g5yq.jpg\" alt=\"\"  width=\"2064\" height=\"1152\"   \/><\/a><\/div>\n<p>Hindistan&#8217;da martta ba\u015flayan ve g\u00fcnl\u00fck vaka say\u0131s\u0131n\u0131n 400 binlere kadar \u00e7\u0131kt\u0131\u011f\u0131 ikinci b\u00fcy\u00fck salg\u0131n dalgas\u0131n\u0131n sorumlusu olarak g\u00f6r\u00fclen Delta varyant\u0131n\u0131n \u0130ngiltere&#8217;de hakim t\u00fcr haline gelmesi, yaz ba\u015f\u0131ndan itibaren vaka say\u0131lar\u0131nda belirgin art\u0131\u015fa yol a\u00e7m\u0131\u015ft\u0131.<\/p>\n<p>Ba\u015fbakan Boris Johnson, \u00fclkede Kovid-19 vakalar\u0131n\u0131n olduk\u00e7a h\u0131zl\u0131 y\u00fckseldi\u011fine ve hastaneye ba\u015fvurularda da art\u0131\u015f oldu\u011funa dikkati \u00e7ekerek, &#8220;Bu salg\u0131n bitmekten \u00e7ok uzak ve 19 Temmuz&#8217;a kadar g\u00fcnde 50 bin vaka g\u00f6rebiliriz.&#8221; ifadesini kullanm\u0131\u015ft\u0131.<\/p>\n<p>\u0130ngiliz h\u00fck\u00fcmetinin Sa\u011fl\u0131k Dan\u0131\u015fman\u0131 Chris Whitty de Kovid-19 nedeniyle hastaneye yat\u0131\u015f say\u0131lar\u0131n\u0131n haftalar i\u00e7inde &#8220;olduk\u00e7a korkutucu&#8221; seviyelere ula\u015fabilece\u011fi uyar\u0131s\u0131nda bulunmu\u015ftu.<\/p>\n<p>AA<\/p>\n<div id=\"briti-1848602835\" class=\"briti-icerikten-sonra_2\" style=\"margin-top: 25px;margin-bottom: 25px;\"><a href=\"https:\/\/wa.me\/message\/NDZLLIOQT4H3O1\" aria-label=\"bytv reklam banner\"><img loading=\"lazy\" decoding=\"async\" src=\"https:\/\/by-tv.co.uk\/wp-content\/uploads\/2025\/12\/bytv-reklam-banner.jpg\" alt=\"\"  width=\"2376\" height=\"1008\"   \/><\/a><\/div>","protected":false},"excerpt":{"rendered":"<p>\u0130ngiltere&nbsp;Sa\u011fl\u0131k Bakanl\u0131\u011f\u0131n\u0131n a\u00e7\u0131klad\u0131\u011f\u0131 verilere g\u00f6re, \u00fclkede vir\u00fcs nedeniyle hayat\u0131n\u0131 kaybedenlerin say\u0131s\u0131 son 24 saatte 49 artarak 128 bin 642&#8217;ye y\u00fckseldi. Son 24 saatte 51 bin 870 yeni vaka tespit edildi.&nbsp;Bu say\u0131, 55 bin 761 vakan\u0131n saptand\u0131\u011f\u0131 15 Ocak&#8217;tan bu yana g\u00f6r\u00fclen en y\u00fcksek g\u00fcnl\u00fck rakam oldu. Toplam vaka say\u0131s\u0131 ise 5 milyon 332 bin 371&#8217;e \u00e7\u0131kt\u0131. \u0130ngiltere&#8217;de 4 a\u015famal\u0131 plan dahilinde uygulanan Kovid-19 k\u0131s\u0131tlamalar\u0131n\u0131n sonuncusu 19 Temmuz itibar\u0131yla kald\u0131r\u0131lacak. Bu kapsamda, Kovid-19 \u00f6nlemleri ba\u011flam\u0131nda yasal maske zorunlulu\u011fu gibi t\u00fcm s\u0131n\u0131rland\u0131rmalar\u0131n kald\u0131r\u0131lmas\u0131 planlan\u0131yor. Hindistan&#8217;da martta ba\u015flayan ve g\u00fcnl\u00fck vaka say\u0131s\u0131n\u0131n 400 binlere kadar \u00e7\u0131kt\u0131\u011f\u0131 ikinci b\u00fcy\u00fck salg\u0131n dalgas\u0131n\u0131n sorumlusu olarak g\u00f6r\u00fclen [&hellip;]<\/p>\n","protected":false},"author":1,"featured_media":11604,"comment_status":"open","ping_status":"open","sticky":false,"template":"","format":"standard","meta":{"ngg_post_thumbnail":0,"footnotes":""},"categories":[15],"tags":[1096,430,859,149,228,1550],"class_list":["post-11603","post","type-post","status-publish","format-standard","has-post-thumbnail","hentry","category-ingiltere","tag-covit-19","tag-birlesik-krallik","tag-corona-virus","tag-ingiltere","tag-londra","tag-pandemi"],"_links":{"self":[{"href":"https:\/\/by-tv.co.uk\/en\/wp-json\/wp\/v2\/posts\/11603","targetHints":{"allow":["GET"]}}],"collection":[{"href":"https:\/\/by-tv.co.uk\/en\/wp-json\/wp\/v2\/posts"}],"about":[{"href":"https:\/\/by-tv.co.uk\/en\/wp-json\/wp\/v2\/types\/post"}],"author":[{"embeddable":true,"href":"https:\/\/by-tv.co.uk\/en\/wp-json\/wp\/v2\/users\/1"}],"replies":[{"embeddable":true,"href":"https:\/\/by-tv.co.uk\/en\/wp-json\/wp\/v2\/comments?post=11603"}],"version-history":[{"count":0,"href":"https:\/\/by-tv.co.uk\/en\/wp-json\/wp\/v2\/posts\/11603\/revisions"}],"wp:featuredmedia":[{"embeddable":true,"href":"https:\/\/by-tv.co.uk\/en\/wp-json\/wp\/v2\/media\/11604"}],"wp:attachment":[{"href":"https:\/\/by-tv.co.uk\/en\/wp-json\/wp\/v2\/media?parent=11603"}],"wp:term":[{"taxonomy":"category","embeddable":true,"href":"https:\/\/by-tv.co.uk\/en\/wp-json\/wp\/v2\/categories?post=11603"},{"taxonomy":"post_tag","embeddable":true,"href":"https:\/\/by-tv.co.uk\/en\/wp-json\/wp\/v2\/tags?post=11603"}],"curies":[{"name":"wp","href":"https:\/\/api.w.org\/{rel}","templated":true}]}}