{"id":11598,"date":"2021-07-16T02:26:19","date_gmt":"2021-07-16T01:26:19","guid":{"rendered":"https:\/\/by-tv.co.uk\/?p=11598"},"modified":"2021-07-16T02:29:03","modified_gmt":"2021-07-16T01:29:03","slug":"bir-dakika-britanya-15-temmuz-2021","status":"publish","type":"post","link":"https:\/\/by-tv.co.uk\/en\/bir-dakika-britanya-15-temmuz-2021\/","title":{"rendered":"Bir Dakika Britanya, 15 Temmuz 2021"},"content":{"rendered":"<p>#15Temmuz2021 #birdakikabritanya<br \/>\n\ud83d\udccc1 dakikada #Britanya<br \/>\n\ud83d\uddd3\ufe0fHafta i\u00e7i her g\u00fcn burada<br \/>\n\ud83d\udc49Britanya g\u00fcndeminin 60 saniyelik \u00f6zeti<br \/>\n<iframe loading=\"lazy\" title=\"YouTube video player\" src=\"https:\/\/www.youtube.com\/embed\/HKMSaRlXSE4\" width=\"791\" height=\"723\" frameborder=\"0\" allowfullscreen=\"allowfullscreen\"><\/iframe><br \/>\n\ud83d\udd34\u0130ngiltere&#8217;de pandemi d\u00f6neminde, \u00f6nceki d\u00f6nemlerin iki kat\u0131 kadar \u00e7ocuk ve ergen ruh sa\u011fl\u0131\u011f\u0131 hizmetlerine y\u00f6nlendirildi.<\/p>\n<p>\ud83d\udd34\u0130ngiltere\u2019de Covid k\u0131s\u0131tlamalar\u0131n\u0131n hafifletilmesi personel al\u0131mlar\u0131 \u00fczerinde etkili oldu. Bordrolu \u00e7al\u0131\u015fan say\u0131s\u0131 Haziran ay\u0131nda 356.000 artt\u0131,<\/p>\n<p>\ud83d\udd34Bir litre benzinin fiyat\u0131 \u0130ngiltere\u2019de Kas\u0131m ay\u0131ndan bu yana neredeyse 20peny artarak 2013&#8217;ten bu yana en y\u00fcksek seviyeye ula\u015ft\u0131.\u00dclkede litre ba\u015f\u0131na ortalama pompa fiyat\u0131 133p&#8217;nin \u00fczerinde seyrediyor. Rakamlara g\u00f6re dizel de benzer bir fiyat art\u0131\u015f\u0131na u\u011frad\u0131 ve bir litrenin maliyeti Kas\u0131m ortas\u0131ndaki 117,20p&#8217; iken, bu hafta 135,74p&#8217;ye y\u00fckseldi.<br \/>\n\ud83d\udd34Londra&#8217;daki Guy&#8217;s ve St Thomas&#8217;s NHS Foundation Trust doktorlar\u0131, hastalar\u0131n kendi beyaz kan h\u00fccrelerini kullanarak hastaneye yat\u0131r\u0131ld\u0131ktan sonra kalan akci\u011fer izlerini tedavi etmek i\u00e7in denemeler yap\u0131yor.<\/p><div id=\"briti-1406252144\" class=\"briti-icerik\" style=\"margin-top: 5px;margin-bottom: 5px;\"><a href=\"https:\/\/piaryum.com\/services\/\" aria-label=\"piaryum banner\"><img loading=\"lazy\" decoding=\"async\" src=\"https:\/\/by-tv.co.uk\/wp-content\/uploads\/2025\/12\/Gemini_Generated_Image_g5yqr1g5yqr1g5yq.jpg\" alt=\"\"  width=\"2064\" height=\"1152\"   \/><\/a><\/div>\n<p>\ud83d\udd34\u0130ngiltere\u2019de h\u00fck\u00fcmetin a\u011f\u0131rlama sekt\u00f6r\u00fcn\u00fc canland\u0131rmak i\u00e7in cafe ve restaurantlara verdi\u011fi kald\u0131r\u0131mlara masa koyma izni bir y\u0131l daha uzat\u0131ld\u0131.<\/p>\n<p>\ud83d\udd34Kuzey K\u0131br\u0131s do\u011fumlu Mete \u00c7oban\u2019a yeterince temsil edilmeyen gen\u00e7leri demokrasiye kat\u0131lmaya te\u015fvik etmek i\u00e7in yapt\u0131\u011f\u0131 \u00e7al\u0131\u015fmalar nedeniyle Krali\u00e7e II. Elizabeth taraf\u0131ndan Britanya \u0130mparatorluk Ni\u015fan\u0131( MBE) verildi.<\/p>\n<p>#ingilteret\u00fcrkleri #yurtd\u0131\u015f\u0131e\u011fitim #londral\u0131t\u00fcrkler #londra #londratvprogram #ingilteret\u00fcrkiye #t\u00fcrkiyeingiltere #londrae\u011fitim #ingilteree\u011fitim #ankaraanla\u015fmas\u0131 #yurtd\u0131\u015f\u0131vize #isko\u00e7ya #galler #kuzeyirlanda #cardiff #edinburgh #kraliyetailesi #birle\u015fikkrall\u0131k<\/p>\n<div id=\"briti-912229491\" class=\"briti-icerikten-sonra_2\" style=\"margin-top: 25px;margin-bottom: 25px;\"><a href=\"https:\/\/wa.me\/message\/NDZLLIOQT4H3O1\" aria-label=\"bytv reklam banner\"><img loading=\"lazy\" decoding=\"async\" src=\"https:\/\/by-tv.co.uk\/wp-content\/uploads\/2025\/12\/bytv-reklam-banner.jpg\" alt=\"\"  width=\"2376\" height=\"1008\"   \/><\/a><\/div>","protected":false},"excerpt":{"rendered":"<p>#15Temmuz2021 #birdakikabritanya \ud83d\udccc1 dakikada #Britanya \ud83d\uddd3\ufe0fHafta i\u00e7i her g\u00fcn burada \ud83d\udc49Britanya g\u00fcndeminin 60 saniyelik \u00f6zeti \ud83d\udd34\u0130ngiltere&#8217;de pandemi d\u00f6neminde, \u00f6nceki d\u00f6nemlerin iki kat\u0131 kadar \u00e7ocuk ve ergen ruh sa\u011fl\u0131\u011f\u0131 hizmetlerine y\u00f6nlendirildi. \ud83d\udd34\u0130ngiltere\u2019de Covid k\u0131s\u0131tlamalar\u0131n\u0131n hafifletilmesi personel al\u0131mlar\u0131 \u00fczerinde etkili oldu. Bordrolu \u00e7al\u0131\u015fan say\u0131s\u0131 Haziran ay\u0131nda 356.000 artt\u0131, \ud83d\udd34Bir litre benzinin fiyat\u0131 \u0130ngiltere\u2019de Kas\u0131m ay\u0131ndan bu yana neredeyse 20peny artarak 2013&#8217;ten bu yana en y\u00fcksek seviyeye ula\u015ft\u0131.\u00dclkede litre ba\u015f\u0131na ortalama pompa fiyat\u0131 133p&#8217;nin \u00fczerinde seyrediyor. Rakamlara g\u00f6re dizel de benzer bir fiyat art\u0131\u015f\u0131na u\u011frad\u0131 ve bir litrenin maliyeti Kas\u0131m ortas\u0131ndaki 117,20p&#8217; iken, bu hafta 135,74p&#8217;ye y\u00fckseldi. \ud83d\udd34Londra&#8217;daki Guy&#8217;s ve St Thomas&#8217;s NHS [&hellip;]<\/p>\n","protected":false},"author":1,"featured_media":11580,"comment_status":"open","ping_status":"open","sticky":false,"template":"","format":"standard","meta":{"ngg_post_thumbnail":0,"footnotes":""},"categories":[15],"tags":[],"class_list":["post-11598","post","type-post","status-publish","format-standard","has-post-thumbnail","hentry","category-ingiltere"],"_links":{"self":[{"href":"https:\/\/by-tv.co.uk\/en\/wp-json\/wp\/v2\/posts\/11598","targetHints":{"allow":["GET"]}}],"collection":[{"href":"https:\/\/by-tv.co.uk\/en\/wp-json\/wp\/v2\/posts"}],"about":[{"href":"https:\/\/by-tv.co.uk\/en\/wp-json\/wp\/v2\/types\/post"}],"author":[{"embeddable":true,"href":"https:\/\/by-tv.co.uk\/en\/wp-json\/wp\/v2\/users\/1"}],"replies":[{"embeddable":true,"href":"https:\/\/by-tv.co.uk\/en\/wp-json\/wp\/v2\/comments?post=11598"}],"version-history":[{"count":0,"href":"https:\/\/by-tv.co.uk\/en\/wp-json\/wp\/v2\/posts\/11598\/revisions"}],"wp:featuredmedia":[{"embeddable":true,"href":"https:\/\/by-tv.co.uk\/en\/wp-json\/wp\/v2\/media\/11580"}],"wp:attachment":[{"href":"https:\/\/by-tv.co.uk\/en\/wp-json\/wp\/v2\/media?parent=11598"}],"wp:term":[{"taxonomy":"category","embeddable":true,"href":"https:\/\/by-tv.co.uk\/en\/wp-json\/wp\/v2\/categories?post=11598"},{"taxonomy":"post_tag","embeddable":true,"href":"https:\/\/by-tv.co.uk\/en\/wp-json\/wp\/v2\/tags?post=11598"}],"curies":[{"name":"wp","href":"https:\/\/api.w.org\/{rel}","templated":true}]}}