{"id":11586,"date":"2021-07-15T16:50:54","date_gmt":"2021-07-15T15:50:54","guid":{"rendered":"https:\/\/by-tv.co.uk\/?p=11586"},"modified":"2021-07-15T16:52:21","modified_gmt":"2021-07-15T15:52:21","slug":"irkcilik-yapan-4-taraftara-tutuklama","status":"publish","type":"post","link":"https:\/\/by-tv.co.uk\/en\/irkcilik-yapan-4-taraftara-tutuklama\/","title":{"rendered":"Irk\u00e7\u0131l\u0131k yapan 4 taraftara tutuklama"},"content":{"rendered":"<p>Avrupa Futbol \u015eampiyonas\u0131 (<strong>EURO 2020<\/strong>) finalinde<strong> \u0130talya<\/strong>\u2019ya penalt\u0131 at\u0131\u015flar\u0131 sonucu 3-2 elenen<strong>\u0130ngiltere<\/strong>\u2019de siyahi futbolcular hedef al\u0131nd\u0131.<\/p>\n<p>Penalt\u0131 at\u0131\u015flar\u0131ndan yararlanamayan <strong>Marcus Rashford<\/strong>, <strong>Bukayo Saka <\/strong>ve <strong>Jadon Sancho<\/strong>\u2019ya \u00f6zellikle sosyal medyada a\u011f\u0131r hakaretlerde bulunulmu\u015ftu.<\/p>\n<p>\u0130ngiliz polisinin ba\u015flatt\u0131\u011f\u0131 soru\u015fturma kapsam\u0131nda 4 ki\u015fi g\u00f6zalt\u0131na al\u0131nd\u0131. Irk\u00e7\u0131l\u0131k yapmakla su\u00e7lanan zanl\u0131lar tutukland\u0131.<\/p><div id=\"briti-3207229896\" class=\"briti-icerik\" style=\"margin-top: 5px;margin-bottom: 5px;\"><a href=\"https:\/\/piaryum.com\/services\/\" aria-label=\"piaryum banner\"><img loading=\"lazy\" decoding=\"async\" src=\"https:\/\/by-tv.co.uk\/wp-content\/uploads\/2025\/12\/Gemini_Generated_Image_g5yqr1g5yqr1g5yq.jpg\" alt=\"\"  width=\"2064\" height=\"1152\"   \/><\/a><\/div>\n<p>Ba\u015fbakan <strong>Boris Johnson<\/strong>, \u0131rk\u00e7\u0131 sald\u0131r\u0131larda bulunan taraftarlar\u0131n ma\u00e7lara giri\u015finin yasaklanaca\u011f\u0131n\u0131 s\u00f6ylemi\u015fti.<\/p>\n<div id=\"briti-3029239134\" class=\"briti-icerikten-sonra_2\" style=\"margin-top: 25px;margin-bottom: 25px;\"><a href=\"https:\/\/wa.me\/message\/NDZLLIOQT4H3O1\" aria-label=\"bytv reklam banner\"><img loading=\"lazy\" decoding=\"async\" src=\"https:\/\/by-tv.co.uk\/wp-content\/uploads\/2025\/12\/bytv-reklam-banner.jpg\" alt=\"\"  width=\"2376\" height=\"1008\"   \/><\/a><\/div>","protected":false},"excerpt":{"rendered":"<p>Avrupa Futbol \u015eampiyonas\u0131 (EURO 2020) finalinde \u0130talya\u2019ya penalt\u0131 at\u0131\u015flar\u0131 sonucu 3-2 elenen\u0130ngiltere\u2019de siyahi futbolcular hedef al\u0131nd\u0131. Penalt\u0131 at\u0131\u015flar\u0131ndan yararlanamayan Marcus Rashford, Bukayo Saka ve Jadon Sancho\u2019ya \u00f6zellikle sosyal medyada a\u011f\u0131r hakaretlerde bulunulmu\u015ftu. \u0130ngiliz polisinin ba\u015flatt\u0131\u011f\u0131 soru\u015fturma kapsam\u0131nda 4 ki\u015fi g\u00f6zalt\u0131na al\u0131nd\u0131. Irk\u00e7\u0131l\u0131k yapmakla su\u00e7lanan zanl\u0131lar tutukland\u0131. Ba\u015fbakan Boris Johnson, \u0131rk\u00e7\u0131 sald\u0131r\u0131larda bulunan taraftarlar\u0131n ma\u00e7lara giri\u015finin yasaklanaca\u011f\u0131n\u0131 s\u00f6ylemi\u015fti.<\/p>","protected":false},"author":7,"featured_media":0,"comment_status":"open","ping_status":"open","sticky":false,"template":"","format":"standard","meta":{"ngg_post_thumbnail":0,"footnotes":""},"categories":[15],"tags":[3226,286,149,1296,2053],"class_list":["post-11586","post","type-post","status-publish","format-standard","hentry","category-ingiltere","tag-euro-2020","tag-final","tag-ingiltere","tag-italya","tag-irkcilik"],"_links":{"self":[{"href":"https:\/\/by-tv.co.uk\/en\/wp-json\/wp\/v2\/posts\/11586","targetHints":{"allow":["GET"]}}],"collection":[{"href":"https:\/\/by-tv.co.uk\/en\/wp-json\/wp\/v2\/posts"}],"about":[{"href":"https:\/\/by-tv.co.uk\/en\/wp-json\/wp\/v2\/types\/post"}],"author":[{"embeddable":true,"href":"https:\/\/by-tv.co.uk\/en\/wp-json\/wp\/v2\/users\/7"}],"replies":[{"embeddable":true,"href":"https:\/\/by-tv.co.uk\/en\/wp-json\/wp\/v2\/comments?post=11586"}],"version-history":[{"count":0,"href":"https:\/\/by-tv.co.uk\/en\/wp-json\/wp\/v2\/posts\/11586\/revisions"}],"wp:attachment":[{"href":"https:\/\/by-tv.co.uk\/en\/wp-json\/wp\/v2\/media?parent=11586"}],"wp:term":[{"taxonomy":"category","embeddable":true,"href":"https:\/\/by-tv.co.uk\/en\/wp-json\/wp\/v2\/categories?post=11586"},{"taxonomy":"post_tag","embeddable":true,"href":"https:\/\/by-tv.co.uk\/en\/wp-json\/wp\/v2\/tags?post=11586"}],"curies":[{"name":"wp","href":"https:\/\/api.w.org\/{rel}","templated":true}]}}