{"id":11571,"date":"2021-07-15T13:47:23","date_gmt":"2021-07-15T12:47:23","guid":{"rendered":"https:\/\/by-tv.co.uk\/?p=11571"},"modified":"2024-09-09T02:04:09","modified_gmt":"2024-09-09T01:04:09","slug":"11571-2","status":"publish","type":"post","link":"https:\/\/by-tv.co.uk\/en\/11571-2\/","title":{"rendered":"Krali\u00e7e&#8217;nin 70. y\u0131l\u0131 i\u00e7in amblem yar\u0131\u015f\u0131"},"content":{"rendered":"<p>\u0130ngiltere&#8217;de ya\u015fayan 13-25 ya\u015f aras\u0131 gen\u00e7ler, Krali\u00e7e II. Elizabeth ad\u0131na,, 2022&#8217;de yap\u0131lacak Krali\u00e7e&#8217;nin Platinum J\u00fcbile&#8217;si i\u00e7in bir amblem tasarlamaya ediliyor.<\/p>\n<p>Kazanan amblem, sokak partilerinde, televizyonda yay\u0131nlanan ulusal etkinliklerde ve resmi \u00fcr\u00fcnler de dahil olmak \u00fczere H\u00fck\u00fcmdar\u0131n 70. y\u0131l\u0131 i\u00e7in d\u00fczenlenen di\u011fer kutlamalarda da yer alacak. Kazanan amblem sahipleri&nbsp; Platinum Jubilee s\u0131ras\u0131ndaki kutlamalara kat\u0131lmaya davet edilecek.<\/p>\n<blockquote class=\"twitter-tweet\">\n<p dir=\"ltr\" lang=\"en\">If you&#8217;re aged 13 &#8211; 25 and based in the UK, why not have a go at designing the official emblem for The Queen&#8217;s Platinum Jubilee?<\/p>\n<p>ONE day left to submit your design, entries close at 6pm this Friday \ud83d\udc49 <a href=\"https:\/\/t.co\/8G4QEJHIXa\">https:\/\/t.co\/8G4QEJHIXa<\/a> <a href=\"https:\/\/t.co\/zZcdJIzQgO\">pic.twitter.com\/zZcdJIzQgO<\/a><\/p>\n<p>\u2014 The Royal Family (@RoyalFamily) <a href=\"https:\/\/twitter.com\/RoyalFamily\/status\/1415625313166544898?ref_src=twsrc%5Etfw\" target=\"_blank\" rel=\"noopener\">July 15, 2021<\/a><\/p><\/blockquote>\n<p><script async=\"\" src=\"https:\/\/platform.twitter.com\/widgets.js\" charset=\"utf-8\"><\/script><br \/>\n<span style=\"font-size: 1.21429rem;\">Kazanan ki\u015fi Temmuz 2021&#8217;in sonlar\u0131nda se\u00e7ilecek ve duyurulacakt\u0131r.<\/span><\/p><div id=\"briti-3522012359\" class=\"briti-icerik\" style=\"margin-top: 5px;margin-bottom: 5px;\"><a href=\"https:\/\/piaryum.com\/services\/\" aria-label=\"piaryum banner\"><img loading=\"lazy\" decoding=\"async\" src=\"https:\/\/by-tv.co.uk\/wp-content\/uploads\/2025\/12\/Gemini_Generated_Image_g5yqr1g5yqr1g5yq.jpg\" alt=\"\"  width=\"2064\" height=\"1152\"   \/><\/a><\/div>\n<p>Yar\u0131\u015fmayla ilgili sorular i\u00e7in platinumjubilee@vam.ac.uk ile ileti\u015fime ge\u00e7ebilirsiniz. https:\/\/platinumjubilee.vam.ac.uk<\/p>\n<div id=\"briti-167410662\" class=\"briti-icerikten-sonra_2\" style=\"margin-top: 25px;margin-bottom: 25px;\"><a href=\"https:\/\/wa.me\/message\/NDZLLIOQT4H3O1\" aria-label=\"bytv reklam banner\"><img loading=\"lazy\" decoding=\"async\" src=\"https:\/\/by-tv.co.uk\/wp-content\/uploads\/2025\/12\/bytv-reklam-banner.jpg\" alt=\"\"  width=\"2376\" height=\"1008\"   \/><\/a><\/div>","protected":false},"excerpt":{"rendered":"<p>\u0130ngiltere&#8217;de ya\u015fayan 13-25 ya\u015f aras\u0131 gen\u00e7ler, Krali\u00e7e II. Elizabeth ad\u0131na,, 2022&#8217;de yap\u0131lacak Krali\u00e7e&#8217;nin Platinum J\u00fcbile&#8217;si i\u00e7in bir amblem tasarlamaya ediliyor. Kazanan amblem, sokak partilerinde, televizyonda yay\u0131nlanan ulusal etkinliklerde ve resmi \u00fcr\u00fcnler de dahil olmak \u00fczere H\u00fck\u00fcmdar\u0131n 70. y\u0131l\u0131 i\u00e7in d\u00fczenlenen di\u011fer kutlamalarda da yer alacak. Kazanan amblem sahipleri&nbsp; Platinum Jubilee s\u0131ras\u0131ndaki kutlamalara kat\u0131lmaya davet edilecek. If you&#8217;re aged 13 &#8211; 25 and based in the UK, why not have a go at designing the official emblem for The Queen&#8217;s Platinum Jubilee? ONE day left to submit your design, entries close at 6pm this Friday \ud83d\udc49 https:\/\/t.co\/8G4QEJHIXa pic.twitter.com\/zZcdJIzQgO \u2014 The Royal [&hellip;]<\/p>\n","protected":false},"author":1,"featured_media":0,"comment_status":"open","ping_status":"open","sticky":false,"template":"","format":"standard","meta":{"ngg_post_thumbnail":0,"footnotes":""},"categories":[15],"tags":[],"class_list":["post-11571","post","type-post","status-publish","format-standard","hentry","category-ingiltere"],"_links":{"self":[{"href":"https:\/\/by-tv.co.uk\/en\/wp-json\/wp\/v2\/posts\/11571","targetHints":{"allow":["GET"]}}],"collection":[{"href":"https:\/\/by-tv.co.uk\/en\/wp-json\/wp\/v2\/posts"}],"about":[{"href":"https:\/\/by-tv.co.uk\/en\/wp-json\/wp\/v2\/types\/post"}],"author":[{"embeddable":true,"href":"https:\/\/by-tv.co.uk\/en\/wp-json\/wp\/v2\/users\/1"}],"replies":[{"embeddable":true,"href":"https:\/\/by-tv.co.uk\/en\/wp-json\/wp\/v2\/comments?post=11571"}],"version-history":[{"count":0,"href":"https:\/\/by-tv.co.uk\/en\/wp-json\/wp\/v2\/posts\/11571\/revisions"}],"wp:attachment":[{"href":"https:\/\/by-tv.co.uk\/en\/wp-json\/wp\/v2\/media?parent=11571"}],"wp:term":[{"taxonomy":"category","embeddable":true,"href":"https:\/\/by-tv.co.uk\/en\/wp-json\/wp\/v2\/categories?post=11571"},{"taxonomy":"post_tag","embeddable":true,"href":"https:\/\/by-tv.co.uk\/en\/wp-json\/wp\/v2\/tags?post=11571"}],"curies":[{"name":"wp","href":"https:\/\/api.w.org\/{rel}","templated":true}]}}