{"id":11569,"date":"2021-07-15T13:31:26","date_gmt":"2021-07-15T12:31:26","guid":{"rendered":"https:\/\/by-tv.co.uk\/?p=11569"},"modified":"2021-07-24T00:21:31","modified_gmt":"2021-07-23T23:21:31","slug":"ingilterede-fetonun-15-temmuz-darbe-girisiminin-5inci-yilinda-webinar-duzenlendi","status":"publish","type":"post","link":"https:\/\/by-tv.co.uk\/en\/ingilterede-fetonun-15-temmuz-darbe-girisiminin-5inci-yilinda-webinar-duzenlendi\/","title":{"rendered":"\u0130ngiltere&#8217;de 15 Temmuz darbe giri\u015fiminin 5&#8217;inci y\u0131l\u0131nda webinar d\u00fczenlendi"},"content":{"rendered":"<p>\u0130ngiltere merkezli The Centre for British-Turkish Understanding (CBTU) ile \u0130ngiltere T\u00fcrk Dernekleri Birli\u011fi (BTA), ortakla\u015fa &#8220;T\u00fcrkiye&#8217;deki 15 Temmuz Ba\u015far\u0131s\u0131z Darbe Giri\u015fimine Yans\u0131malar&#8221; ba\u015fl\u0131kl\u0131 bir webinar d\u00fczenlendi.<\/p>\n<p>Forward Thinking E\u015f Kurucusu ve Direkt\u00f6r\u00fc Oliver McTernan&#8217;\u0131n moderat\u00f6rl\u00fc\u011f\u00fcn\u00fc yapt\u0131\u011f\u0131 etkinli\u011fe, T\u00fcrkiye&#8217;nin Londra B\u00fcy\u00fckel\u00e7isi \u00dcmit Yal\u00e7\u0131n, 2016-2019&#8217;da \u0130ngiltere&#8217;nin Avrupa ve Amerika&#8217;dan Sorumlu Devlet Bakan\u0131 olarak g\u00f6rev yapan Alan Duncan ve AKP Londra Temsilcisi Abdurrahim Boynukal\u0131n kat\u0131ld\u0131.<\/p>\n<p>B\u00fcy\u00fckel\u00e7i Yal\u00e7\u0131n, burada yapt\u0131\u011f\u0131 konu\u015fmada, \u0130ngiliz h\u00fck\u00fcmetinin demokratik yollarla se\u00e7ilmi\u015f T\u00fcrk h\u00fck\u00fcmetini devirmeyi hedefleyen 15 Temmuz darbe giri\u015fimini kay\u0131ts\u0131z, \u015farts\u0131z k\u0131nad\u0131\u011f\u0131n\u0131 ve T\u00fcrk demokrasisini destekledi\u011fini bildirdi.<\/p><div id=\"briti-1745335370\" class=\"briti-icerik\" style=\"margin-top: 5px;margin-bottom: 5px;\"><a href=\"https:\/\/piaryum.com\/services\/\" aria-label=\"piaryum banner\"><img loading=\"lazy\" decoding=\"async\" src=\"https:\/\/by-tv.co.uk\/wp-content\/uploads\/2025\/12\/Gemini_Generated_Image_g5yqr1g5yqr1g5yq.jpg\" alt=\"\"  width=\"2064\" height=\"1152\"   \/><\/a><\/div>\n<p>\u00d6te yandan, Yal\u00e7\u0131n, &#8220;Avrupa&#8217;daki m\u00fcttefiklerimizin ve dostlar\u0131m\u0131z\u0131n \u00e7o\u011fu, T\u00fcrk demokrasisine y\u00f6nelik bu a\u00e7\u0131k sald\u0131r\u0131y\u0131 k\u0131namakta olduk\u00e7a yava\u015f davrand\u0131.&#8221; ele\u015ftirisinde bulundu.<\/p>\n<p>15 Temmuz darbe giri\u015fiminin ard\u0131ndan T\u00fcrkiye&#8217;yi ziyaret eden ilk Avrupal\u0131 bakan olan Duncan da 15 Temmuz&#8217;un sadece T\u00fcrkiye i\u00e7in de\u011fil, demokrasinin daha geni\u015f \u00e7\u0131karlar\u0131 i\u00e7in tarihte \u00e7ok \u00f6nemli bir an oldu\u011funu dile getirdi.<\/p>\n<p>Duncan, &#8220;Demokrasiye inanan herhangi bir politikac\u0131 i\u00e7in insanlar aras\u0131ndaki fark ne olursa olsun, bunu \u00e7\u00f6zmenin yolunun silahlarla, bombalarla ve darbe giri\u015fimiyle olmad\u0131\u011f\u0131n\u0131 bilmenin \u00e7ok \u00f6nemli bir ders oldu\u011funu d\u00fc\u015f\u00fcn\u00fcyorum.&#8221; dedi.<\/p>\n<p>Alan Duncan, &#8220;\u0130ngiliz h\u00fck\u00fcmetinin, o g\u00fcnk\u00fc h\u00fck\u00fcmetle ve en \u00f6nemlisi T\u00fcrk halk\u0131yla dayan\u0131\u015fmas\u0131n\u0131 aktarmak istedim.&#8221; diye konu\u015ftu.&nbsp;<\/p>\n<p>Etkinli\u011fi d\u00fczenleyen kurumlardan The Centre for British-Turkish Understanding (CBTU)&#8217;in ba\u015f\u0131nda AKP Londra Temsilcisi Abdurrahim Boynukal\u0131n bulunuyor. Kurulu\u015f, \u0130ngiltere&#8217;nin d\u0131\u015f politikas\u0131 ile T\u00fcrkiye&#8217;nin d\u0131\u015f politikas\u0131n\u0131 bulu\u015fturmaya \u00e7al\u0131\u015f\u0131yor.&nbsp;&nbsp;<\/p>\n<p>&nbsp;<\/p>\n<div id=\"briti-169819836\" class=\"briti-icerikten-sonra_2\" style=\"margin-top: 25px;margin-bottom: 25px;\"><a href=\"https:\/\/wa.me\/message\/NDZLLIOQT4H3O1\" aria-label=\"bytv reklam banner\"><img loading=\"lazy\" decoding=\"async\" src=\"https:\/\/by-tv.co.uk\/wp-content\/uploads\/2025\/12\/bytv-reklam-banner.jpg\" alt=\"\"  width=\"2376\" height=\"1008\"   \/><\/a><\/div>","protected":false},"excerpt":{"rendered":"<p>\u0130ngiltere merkezli The Centre for British-Turkish Understanding (CBTU) ile \u0130ngiltere T\u00fcrk Dernekleri Birli\u011fi (BTA), ortakla\u015fa &#8220;T\u00fcrkiye&#8217;deki 15 Temmuz Ba\u015far\u0131s\u0131z Darbe Giri\u015fimine Yans\u0131malar&#8221; ba\u015fl\u0131kl\u0131 bir webinar d\u00fczenlendi. Forward Thinking E\u015f Kurucusu ve Direkt\u00f6r\u00fc Oliver McTernan&#8217;\u0131n moderat\u00f6rl\u00fc\u011f\u00fcn\u00fc yapt\u0131\u011f\u0131 etkinli\u011fe, T\u00fcrkiye&#8217;nin Londra B\u00fcy\u00fckel\u00e7isi \u00dcmit Yal\u00e7\u0131n, 2016-2019&#8217;da \u0130ngiltere&#8217;nin Avrupa ve Amerika&#8217;dan Sorumlu Devlet Bakan\u0131 olarak g\u00f6rev yapan Alan Duncan ve AKP Londra Temsilcisi Abdurrahim Boynukal\u0131n kat\u0131ld\u0131. B\u00fcy\u00fckel\u00e7i Yal\u00e7\u0131n, burada yapt\u0131\u011f\u0131 konu\u015fmada, \u0130ngiliz h\u00fck\u00fcmetinin demokratik yollarla se\u00e7ilmi\u015f T\u00fcrk h\u00fck\u00fcmetini devirmeyi hedefleyen 15 Temmuz darbe giri\u015fimini kay\u0131ts\u0131z, \u015farts\u0131z k\u0131nad\u0131\u011f\u0131n\u0131 ve T\u00fcrk demokrasisini destekledi\u011fini bildirdi. \u00d6te yandan, Yal\u00e7\u0131n, &#8220;Avrupa&#8217;daki m\u00fcttefiklerimizin ve dostlar\u0131m\u0131z\u0131n \u00e7o\u011fu, T\u00fcrk demokrasisine y\u00f6nelik bu [&hellip;]<\/p>\n","protected":false},"author":1,"featured_media":4563,"comment_status":"open","ping_status":"open","sticky":false,"template":"","format":"standard","meta":{"ngg_post_thumbnail":0,"footnotes":""},"categories":[15],"tags":[],"class_list":["post-11569","post","type-post","status-publish","format-standard","has-post-thumbnail","hentry","category-ingiltere"],"_links":{"self":[{"href":"https:\/\/by-tv.co.uk\/en\/wp-json\/wp\/v2\/posts\/11569","targetHints":{"allow":["GET"]}}],"collection":[{"href":"https:\/\/by-tv.co.uk\/en\/wp-json\/wp\/v2\/posts"}],"about":[{"href":"https:\/\/by-tv.co.uk\/en\/wp-json\/wp\/v2\/types\/post"}],"author":[{"embeddable":true,"href":"https:\/\/by-tv.co.uk\/en\/wp-json\/wp\/v2\/users\/1"}],"replies":[{"embeddable":true,"href":"https:\/\/by-tv.co.uk\/en\/wp-json\/wp\/v2\/comments?post=11569"}],"version-history":[{"count":0,"href":"https:\/\/by-tv.co.uk\/en\/wp-json\/wp\/v2\/posts\/11569\/revisions"}],"wp:featuredmedia":[{"embeddable":true,"href":"https:\/\/by-tv.co.uk\/en\/wp-json\/wp\/v2\/media\/4563"}],"wp:attachment":[{"href":"https:\/\/by-tv.co.uk\/en\/wp-json\/wp\/v2\/media?parent=11569"}],"wp:term":[{"taxonomy":"category","embeddable":true,"href":"https:\/\/by-tv.co.uk\/en\/wp-json\/wp\/v2\/categories?post=11569"},{"taxonomy":"post_tag","embeddable":true,"href":"https:\/\/by-tv.co.uk\/en\/wp-json\/wp\/v2\/tags?post=11569"}],"curies":[{"name":"wp","href":"https:\/\/api.w.org\/{rel}","templated":true}]}}