{"id":11555,"date":"2021-07-15T10:32:30","date_gmt":"2021-07-15T09:32:30","guid":{"rendered":"https:\/\/by-tv.co.uk\/?p=11555"},"modified":"2021-07-15T10:32:30","modified_gmt":"2021-07-15T09:32:30","slug":"melih-bulu-gorevden-alindi","status":"publish","type":"post","link":"https:\/\/by-tv.co.uk\/en\/melih-bulu-gorevden-alindi\/","title":{"rendered":"Melih Bulu g\u00f6revden al\u0131nd\u0131"},"content":{"rendered":"<p>Bo\u011fazi\u00e7i \u00dcniversitesi Rekt\u00f6r\u00fc Prof. Dr. Melih Bulu, Cumhurba\u015fkanl\u0131\u011f\u0131 Kararnamesi ile g\u00f6revden al\u0131nd\u0131. Bulu g\u00f6revden al\u0131nd\u0131\u011f\u0131 y\u00f6n\u00fcndeki haberleri \u00f6nce yalanlad\u0131, sonra kabul ederek Tayyip Erdo\u011fan foto\u011fraf\u0131 payla\u015ft\u0131.<\/p>\n<p>2021&#8217;in ilk g\u00fcn\u00fcnde AKP Ba\u015fkan\u0131 ve Cumhurba\u015fkan\u0131 Recep Tayyip Erdo\u011fan&#8217;\u0131n karar\u0131yla g\u00f6reve gelen eski AKP milletvekili aday aday\u0131 Prof. Dr. Melih Bulu, Bo\u011fazi\u00e7i \u00dcniversitesi rekt\u00f6rl\u00fc\u011f\u00fc g\u00f6revinden al\u0131nd\u0131. Bulu&#8217;nun yerine vekaleten \u00fcniversitenin rekt\u00f6r yard\u0131mc\u0131s\u0131 olan Prof. Dr. Mehmet Naci \u0130nci atand\u0131. Karar Resmi Gazete&#8217;de yay\u0131mland\u0131.<\/p>\n<h5>INSTAGRAM HESABINI KAPATTI<\/h5>\n<p>G\u00f6revden al\u0131nan Melih Bulu&#8217;nun Instagram hesab\u0131n\u0131 kapatt\u0131\u011f\u0131 g\u00f6r\u00fcld\u00fc.<\/p><div id=\"briti-814454696\" class=\"briti-icerik\" style=\"margin-top: 5px;margin-bottom: 5px;\"><a href=\"https:\/\/piaryum.com\/services\/\" aria-label=\"piaryum banner\"><img loading=\"lazy\" decoding=\"async\" src=\"https:\/\/by-tv.co.uk\/wp-content\/uploads\/2025\/12\/Gemini_Generated_Image_g5yqr1g5yqr1g5yq.jpg\" alt=\"\"  width=\"2064\" height=\"1152\"   \/><\/a><\/div>\n<blockquote class=\"twitter-tweet\">\n<p dir=\"ltr\" lang=\"tr\">Melih Bulu, Resmi Gazete\u2019ye inanmad\u0131, g\u00f6revden al\u0131nmas\u0131 i\u00e7in \u201cyalan haber\u201d dedi<a href=\"https:\/\/t.co\/JmuB7rwRvS\">https:\/\/t.co\/JmuB7rwRvS<\/a> <a href=\"https:\/\/t.co\/mgIHBPvpnK\">pic.twitter.com\/mgIHBPvpnK<\/a><\/p>\n<p>\u2014 T24 (@t24comtr) <a href=\"https:\/\/twitter.com\/t24comtr\/status\/1415531096394059777?ref_src=twsrc%5Etfw\" target=\"_blank\" rel=\"noopener\">July 15, 2021<\/a><\/p><\/blockquote>\n<p><script async=\"\" src=\"https:\/\/platform.twitter.com\/widgets.js\" charset=\"utf-8\"><\/script><br \/>\nBulu&#8217;nun hesab\u0131na girilince &#8220;\u00dczg\u00fcn\u00fcz, bu sayfaya ula\u015f\u0131lam\u0131yor&#8221; notu ile kar\u015f\u0131la\u015f\u0131l\u0131yor.<\/p>\n<h5>BO\u011eAZ\u0130\u00c7\u0130 DAYANI\u015eMASI: SE\u00c7\u0130M YAPILSIN<\/h5>\n<p>Bulu&#8217;nun g\u00f6revden al\u0131nmas\u0131yla 6 ayd\u0131r kayyum rekt\u00f6re kar\u015f\u0131 direnen Bo\u011fazi\u00e7ililer yeni rekt\u00f6r i\u00e7in se\u00e7im istedi. Bo\u011fazi\u00e7i Dayan\u0131\u015fmas\u0131&#8217;n\u0131n a\u00e7\u0131klamas\u0131nda &#8220;Bir geceyar\u0131s\u0131 atanan kuklan\u0131n, ba\u015fka bir geceyar\u0131s\u0131 g\u00f6revden al\u0131nmas\u0131 bir kazan\u0131m\u0131 de\u011fil, yaln\u0131zca y\u00f6netememe krizini ve saray\u0131n acziyetini ifade eder! Taleplerimizi tekrarl\u0131yoruz: B\u00fct\u00fcn bile\u015fenlerin dahil oldu\u011fu rekt\u00f6rl\u00fck se\u00e7imi yap\u0131lana, BULGBT\u0130+ Kul\u00fcb\u00fc tekrar a\u00e7\u0131lana ve di\u011fer demokratik taleplerimiz kar\u015f\u0131lanana kadar m\u00fccadeleye daha kararl\u0131 bir bi\u00e7imde devam edece\u011fiz! Alt\u0131 ay\u0131 a\u015fk\u0131n s\u00fcredir s\u00fcrd\u00fcrd\u00fc\u011f\u00fcm\u00fcz m\u00fccadelemizin yaln\u0131zca Melih Bulu&#8217;ya kar\u015f\u0131 olmad\u0131\u011f\u0131n\u0131, t\u00fcm kayyumlar gidene kadar m\u00fccadeleye devam edece\u011fimizi vurguluyor ve hepinizi #T\u00fcmKayyumlarGidecek diyerek sesimizi b\u00fcy\u00fctmeye \u00e7a\u011f\u0131r\u0131yoruz.&#8221; denildi.<\/p>\n<p>Bo\u011fazi\u00e7ililer, &#8220;\u0130lk g\u00fcnden itibaren direni\u015fimizin ki\u015filerle de\u011fil, tepeden inme atamalar ve kayyum d\u00fczeniyle ilgili oldu\u011funu tekrarl\u0131yoruz! B\u00fct\u00fcn \u00fcniversitelere ve belediyelere atanan kayyumlara kar\u015f\u0131 m\u00fccadelenin tavizsiz bir \u00e7izgide devam etmesi gerekti\u011fini savunuyoruz! Melih Bulu&#8217;nun yerine atanacak, Bo\u011fazi\u00e7i i\u00e7inden veya d\u0131\u015far\u0131dan yeni bir kayyumu kabul etmiyoruz. \u00dcniversitenin t\u00fcm bile\u015fenlerini se\u00e7ime \u00e7a\u011fr\u0131yoruz.&#8221; dedi.<\/p>\n<p>Prof. Dr. Melih Bulu, Bo\u011fazi\u00e7i \u00dcniversitesi\u2019nde \u2018rekt\u00f6r\u2019 olarak g\u00f6rev yapt\u0131\u011f\u0131 s\u00fcre zarf\u0131nda&nbsp; bir\u00e7ok protesto, ev bask\u0131nlar\u0131, g\u00f6zalt\u0131 ve tutuklamalar meydana geldi.<\/p>\n<p>&nbsp;<\/p>\n<div id=\"briti-2606377431\" class=\"briti-icerikten-sonra_2\" style=\"margin-top: 25px;margin-bottom: 25px;\"><a href=\"https:\/\/wa.me\/message\/NDZLLIOQT4H3O1\" aria-label=\"bytv reklam banner\"><img loading=\"lazy\" decoding=\"async\" src=\"https:\/\/by-tv.co.uk\/wp-content\/uploads\/2025\/12\/bytv-reklam-banner.jpg\" alt=\"\"  width=\"2376\" height=\"1008\"   \/><\/a><\/div>","protected":false},"excerpt":{"rendered":"<p>Bo\u011fazi\u00e7i \u00dcniversitesi Rekt\u00f6r\u00fc Prof. Dr. Melih Bulu, Cumhurba\u015fkanl\u0131\u011f\u0131 Kararnamesi ile g\u00f6revden al\u0131nd\u0131. Bulu g\u00f6revden al\u0131nd\u0131\u011f\u0131 y\u00f6n\u00fcndeki haberleri \u00f6nce yalanlad\u0131, sonra kabul ederek Tayyip Erdo\u011fan foto\u011fraf\u0131 payla\u015ft\u0131. 2021&#8217;in ilk g\u00fcn\u00fcnde AKP Ba\u015fkan\u0131 ve Cumhurba\u015fkan\u0131 Recep Tayyip Erdo\u011fan&#8217;\u0131n karar\u0131yla g\u00f6reve gelen eski AKP milletvekili aday aday\u0131 Prof. Dr. Melih Bulu, Bo\u011fazi\u00e7i \u00dcniversitesi rekt\u00f6rl\u00fc\u011f\u00fc g\u00f6revinden al\u0131nd\u0131. Bulu&#8217;nun yerine vekaleten \u00fcniversitenin rekt\u00f6r yard\u0131mc\u0131s\u0131 olan Prof. Dr. Mehmet Naci \u0130nci atand\u0131. Karar Resmi Gazete&#8217;de yay\u0131mland\u0131. INSTAGRAM HESABINI KAPATTI G\u00f6revden al\u0131nan Melih Bulu&#8217;nun Instagram hesab\u0131n\u0131 kapatt\u0131\u011f\u0131 g\u00f6r\u00fcld\u00fc. Melih Bulu, Resmi Gazete\u2019ye inanmad\u0131, g\u00f6revden al\u0131nmas\u0131 i\u00e7in \u201cyalan haber\u201d dedihttps:\/\/t.co\/JmuB7rwRvS pic.twitter.com\/mgIHBPvpnK \u2014 T24 (@t24comtr) July 15, 2021 Bulu&#8217;nun [&hellip;]<\/p>\n","protected":false},"author":1,"featured_media":11556,"comment_status":"open","ping_status":"open","sticky":false,"template":"","format":"standard","meta":{"ngg_post_thumbnail":0,"footnotes":""},"categories":[1],"tags":[],"class_list":["post-11555","post","type-post","status-publish","format-standard","has-post-thumbnail","hentry","category-genel"],"_links":{"self":[{"href":"https:\/\/by-tv.co.uk\/en\/wp-json\/wp\/v2\/posts\/11555","targetHints":{"allow":["GET"]}}],"collection":[{"href":"https:\/\/by-tv.co.uk\/en\/wp-json\/wp\/v2\/posts"}],"about":[{"href":"https:\/\/by-tv.co.uk\/en\/wp-json\/wp\/v2\/types\/post"}],"author":[{"embeddable":true,"href":"https:\/\/by-tv.co.uk\/en\/wp-json\/wp\/v2\/users\/1"}],"replies":[{"embeddable":true,"href":"https:\/\/by-tv.co.uk\/en\/wp-json\/wp\/v2\/comments?post=11555"}],"version-history":[{"count":0,"href":"https:\/\/by-tv.co.uk\/en\/wp-json\/wp\/v2\/posts\/11555\/revisions"}],"wp:featuredmedia":[{"embeddable":true,"href":"https:\/\/by-tv.co.uk\/en\/wp-json\/wp\/v2\/media\/11556"}],"wp:attachment":[{"href":"https:\/\/by-tv.co.uk\/en\/wp-json\/wp\/v2\/media?parent=11555"}],"wp:term":[{"taxonomy":"category","embeddable":true,"href":"https:\/\/by-tv.co.uk\/en\/wp-json\/wp\/v2\/categories?post=11555"},{"taxonomy":"post_tag","embeddable":true,"href":"https:\/\/by-tv.co.uk\/en\/wp-json\/wp\/v2\/tags?post=11555"}],"curies":[{"name":"wp","href":"https:\/\/api.w.org\/{rel}","templated":true}]}}